{"id":16660,"date":"2019-10-10T11:41:28","date_gmt":"2019-10-10T14:41:28","guid":{"rendered":"https:\/\/blogs.correiobraziliense.com.br\/cbpoder\/?p=16660"},"modified":"2019-10-10T11:41:28","modified_gmt":"2019-10-10T14:41:28","slug":"caixa-de-pandora-juiz-abre-fase-de-alegacoes-finais","status":"publish","type":"post","link":"https:\/\/blogs.correiobraziliense.com.br\/cbpoder\/caixa-de-pandora-juiz-abre-fase-de-alegacoes-finais\/","title":{"rendered":"Caixa de Pandora: Juiz abre fase de alega\u00e7\u00f5es finais"},"content":{"rendered":"<p>O juiz Newton Mendes de Arag\u00e3o Filho, da S\u00e9tima Vara Criminal de Bras\u00edlia, abriu a fase de alega\u00e7\u00f5es finais na a\u00e7\u00e3o penal que investiga supostos atos de corrup\u00e7\u00e3o ativa no \u00e2mbito da opera\u00e7\u00e3o Caixa de Pandora.<\/p>\n<p>O processo entra agora na fase de conclus\u00e3o, antes da senten\u00e7a, em que defesa e acusa\u00e7\u00e3o fazem as \u00faltimas considera\u00e7\u00f5es.<\/p>\n<p>Em decis\u00e3o, o magistrado indeferiu uma s\u00e9rie de recursos interpostos pelas defesas dos acusados no processo. No entender do magistrado, parte dos pedidos tinham car\u00e1ter protelat\u00f3rio e atrapalhariam o andamento do processo.<\/p>\n<p>Entre os r\u00e9us da a\u00e7\u00e3o, est\u00e3o os ex-governadores Jos\u00e9 Roberto Arruda e Paulo Oct\u00e1vio.<\/p>\n<p>Ao inaugurar a fase de alega\u00e7\u00f5es finais, o juiz encaminhou a decis\u00e3o para conhecimento do Minist\u00e9rio P\u00fablico.<\/p>\n<h2><strong>Pandora<\/strong><\/h2>\n<p>Deflagrada em 2009, quando Arruda estava \u00e0 frente do Buriti, a opera\u00e7\u00e3o Caixa de Pandora investigou a suposta distribui\u00e7\u00e3o de recursos ilegais \u00e0 base aliada do Governo do Distrito Federal.<\/p>\n","protected":false},"excerpt":{"rendered":"<p>O juiz Newton Mendes de Arag\u00e3o Filho, da S\u00e9tima Vara Criminal de Bras\u00edlia, abriu a fase de alega\u00e7\u00f5es finais na a\u00e7\u00e3o penal que investiga supostos atos de corrup\u00e7\u00e3o ativa no \u00e2mbito da opera\u00e7\u00e3o Caixa de Pandora. O processo entra agora na fase de conclus\u00e3o, antes da senten\u00e7a, em que defesa e acusa\u00e7\u00e3o fazem as \u00faltimas considera\u00e7\u00f5es. Em decis\u00e3o, o magistrado [&hellip;]<\/p>\n","protected":false},"author":75,"featured_media":4520,"comment_status":"open","ping_status":"closed","sticky":false,"template":"","format":"standard","meta":{"footnotes":""},"categories":[6],"tags":[42,729,516,413],"class_list":["post-16660","post","type-post","status-publish","format-standard","has-post-thumbnail","hentry","category-noticias","tag-arruda","tag-caixa-de-pandora","tag-pandora","tag-tjdft"],"_links":{"self":[{"href":"https:\/\/blogs.correiobraziliense.com.br\/cbpoder\/wp-json\/wp\/v2\/posts\/16660","targetHints":{"allow":["GET"]}}],"collection":[{"href":"https:\/\/blogs.correiobraziliense.com.br\/cbpoder\/wp-json\/wp\/v2\/posts"}],"about":[{"href":"https:\/\/blogs.correiobraziliense.com.br\/cbpoder\/wp-json\/wp\/v2\/types\/post"}],"author":[{"embeddable":true,"href":"https:\/\/blogs.correiobraziliense.com.br\/cbpoder\/wp-json\/wp\/v2\/users\/75"}],"replies":[{"embeddable":true,"href":"https:\/\/blogs.correiobraziliense.com.br\/cbpoder\/wp-json\/wp\/v2\/comments?post=16660"}],"version-history":[{"count":1,"href":"https:\/\/blogs.correiobraziliense.com.br\/cbpoder\/wp-json\/wp\/v2\/posts\/16660\/revisions"}],"predecessor-version":[{"id":16661,"href":"https:\/\/blogs.correiobraziliense.com.br\/cbpoder\/wp-json\/wp\/v2\/posts\/16660\/revisions\/16661"}],"wp:featuredmedia":[{"embeddable":true,"href":"https:\/\/blogs.correiobraziliense.com.br\/cbpoder\/wp-json\/wp\/v2\/media\/4520"}],"wp:attachment":[{"href":"https:\/\/blogs.correiobraziliense.com.br\/cbpoder\/wp-json\/wp\/v2\/media?parent=16660"}],"wp:term":[{"taxonomy":"category","embeddable":true,"href":"https:\/\/blogs.correiobraziliense.com.br\/cbpoder\/wp-json\/wp\/v2\/categories?post=16660"},{"taxonomy":"post_tag","embeddable":true,"href":"https:\/\/blogs.correiobraziliense.com.br\/cbpoder\/wp-json\/wp\/v2\/tags?post=16660"}],"curies":[{"name":"wp","href":"https:\/\/api.w.org\/{rel}","templated":true}]}}