{"id":16624,"date":"2019-10-03T17:15:39","date_gmt":"2019-10-03T20:15:39","guid":{"rendered":"https:\/\/blogs.correiobraziliense.com.br\/cbpoder\/?p=16624"},"modified":"2019-10-03T17:15:39","modified_gmt":"2019-10-03T20:15:39","slug":"operacao-da-pf-combate-parcelamento-urbano-ilegal-no-df","status":"publish","type":"post","link":"https:\/\/blogs.correiobraziliense.com.br\/cbpoder\/operacao-da-pf-combate-parcelamento-urbano-ilegal-no-df\/","title":{"rendered":"Opera\u00e7\u00e3o da PF combate parcelamento urbano ilegal no DF"},"content":{"rendered":"<p>A Pol\u00edcia Federal cumpriu, nesta quinta-feira, tr\u00eas mandados de pris\u00e3o e oito de busca e apreens\u00e3o contra uma organiza\u00e7\u00e3o criminosa que atuava no parcelamento urbano ilegal em \u00e1rea rural da Uni\u00e3o no Distrito Federal. A a\u00e7\u00e3o faz parte da Opera\u00e7\u00e3o Col\u00f4nia, deflagrada hoje, que tamb\u00e9m contou com dezenas de medidas cautelares contra os suspeitos.<\/p>\n<p>A investiga\u00e7\u00e3o come\u00e7ou depois de den\u00fancias, feitas pela Secretaria de Patrim\u00f4nio da Uni\u00e3o (SPU), de que as irregularidades estivessem ocorrendo na Fazenda Sucupira, no setor Kanegae (Riacho Fundo I). A apura\u00e7\u00e3o ficou a cargo da Delegacia de Meio Ambiente da Pol\u00edcia Federal no DF.<\/p>\n<p>A estimativa \u00e9 de que os criminosos tenham recebido R$ 3 milh\u00f5es com o esquema. Eles criaram loteamentos em \u00e1reas que fazem parte da \u00c1rea de Prote\u00e7\u00e3o Ambiental do Planalto Central &#8211; que \u00e9 Unidade de Conserva\u00e7\u00e3o Federal &#8211; sem licen\u00e7a ou libera\u00e7\u00e3o de \u00f3rg\u00e3os competentes.<\/p>\n<p>Para manter o esquema em funcionamento, os suspeitos abriam empresas de administra\u00e7\u00e3o e corretagem de im\u00f3veis com uso de laranjas. Aos compradores, eles prometiam que a terra seria regularizada.<\/p>\n<p>Os suspeitos podem responder por crime contra a administra\u00e7\u00e3o p\u00fablica, uso de documento falso, falsidade ideol\u00f3gica, crime ambiental e lavagem de dinheiro. As penas, se somadas, v\u00e3o de 7 a 29 anos de reclus\u00e3o.<\/p>\n<p>Compradores tamb\u00e9m podem responder civil e criminalmente \u00e0 Justi\u00e7a Federal, al\u00e9m do risco de terem as casas demolidas.<\/p>\n","protected":false},"excerpt":{"rendered":"<p>A Pol\u00edcia Federal cumpriu, nesta quinta-feira, tr\u00eas mandados de pris\u00e3o e oito de busca e apreens\u00e3o contra uma organiza\u00e7\u00e3o criminosa que atuava no parcelamento urbano ilegal em \u00e1rea rural da Uni\u00e3o no Distrito Federal. A a\u00e7\u00e3o faz parte da Opera\u00e7\u00e3o Col\u00f4nia, deflagrada hoje, que tamb\u00e9m contou com dezenas de medidas cautelares contra os suspeitos. A investiga\u00e7\u00e3o come\u00e7ou depois de den\u00fancias, [&hellip;]<\/p>\n","protected":false},"author":75,"featured_media":16626,"comment_status":"open","ping_status":"closed","sticky":false,"template":"","format":"standard","meta":{"footnotes":""},"categories":[6],"tags":[38,515],"class_list":["post-16624","post","type-post","status-publish","format-standard","has-post-thumbnail","hentry","category-noticias","tag-grilagem","tag-pf"],"_links":{"self":[{"href":"https:\/\/blogs.correiobraziliense.com.br\/cbpoder\/wp-json\/wp\/v2\/posts\/16624","targetHints":{"allow":["GET"]}}],"collection":[{"href":"https:\/\/blogs.correiobraziliense.com.br\/cbpoder\/wp-json\/wp\/v2\/posts"}],"about":[{"href":"https:\/\/blogs.correiobraziliense.com.br\/cbpoder\/wp-json\/wp\/v2\/types\/post"}],"author":[{"embeddable":true,"href":"https:\/\/blogs.correiobraziliense.com.br\/cbpoder\/wp-json\/wp\/v2\/users\/75"}],"replies":[{"embeddable":true,"href":"https:\/\/blogs.correiobraziliense.com.br\/cbpoder\/wp-json\/wp\/v2\/comments?post=16624"}],"version-history":[{"count":1,"href":"https:\/\/blogs.correiobraziliense.com.br\/cbpoder\/wp-json\/wp\/v2\/posts\/16624\/revisions"}],"predecessor-version":[{"id":16628,"href":"https:\/\/blogs.correiobraziliense.com.br\/cbpoder\/wp-json\/wp\/v2\/posts\/16624\/revisions\/16628"}],"wp:featuredmedia":[{"embeddable":true,"href":"https:\/\/blogs.correiobraziliense.com.br\/cbpoder\/wp-json\/wp\/v2\/media\/16626"}],"wp:attachment":[{"href":"https:\/\/blogs.correiobraziliense.com.br\/cbpoder\/wp-json\/wp\/v2\/media?parent=16624"}],"wp:term":[{"taxonomy":"category","embeddable":true,"href":"https:\/\/blogs.correiobraziliense.com.br\/cbpoder\/wp-json\/wp\/v2\/categories?post=16624"},{"taxonomy":"post_tag","embeddable":true,"href":"https:\/\/blogs.correiobraziliense.com.br\/cbpoder\/wp-json\/wp\/v2\/tags?post=16624"}],"curies":[{"name":"wp","href":"https:\/\/api.w.org\/{rel}","templated":true}]}}