{"id":16618,"date":"2019-10-03T07:55:01","date_gmt":"2019-10-03T10:55:01","guid":{"rendered":"https:\/\/blogs.correiobraziliense.com.br\/cbpoder\/?p=16618"},"modified":"2019-10-03T07:55:01","modified_gmt":"2019-10-03T10:55:01","slug":"veja-como-os-senadores-do-df-votaram-na-reforma-da-previdencia","status":"publish","type":"post","link":"https:\/\/blogs.correiobraziliense.com.br\/cbpoder\/veja-como-os-senadores-do-df-votaram-na-reforma-da-previdencia\/","title":{"rendered":"Veja como os senadores do DF votaram na Reforma da Previd\u00eancia"},"content":{"rendered":"<h6><strong>Coluna Eixo Capital\/Por Ana Maria Campos<\/strong><\/h6>\n<p><strong>Leila Barros (PSB-DF):<\/strong> No texto, votou n\u00e3o. Nos destaques, votou a favor da manuten\u00e7\u00e3o do direito ao abono salarial para quem ganha at\u00e9 dois sal\u00e1rios m\u00ednimos. Ela justifica: \u201cUma reforma s\u00f3lida n\u00e3o poderia deixar de fora categorias que conseguem fazer lobby junto aos governantes. O texto estava pesado para os trabalhadores, principalmente os mais pobres. Uma reforma justa n\u00e3o pode aumentar as desigualdades. Por exemplo, n\u00e3o \u00e9 justo que vi\u00favas recebam 60% das aposentadorias dos maridos enquanto os mais ricos empres\u00e1rios gozam de isen\u00e7\u00f5es tribut\u00e1rias e previdenci\u00e1rias que poderiam manter o sistema para diversos segmentos. Apresentei emendas para corrigir distor\u00e7\u00f5es como essa, mas foram rejeitadas. Fiz um grande esfor\u00e7o para reduzir o meu n\u00edvel de expectativas sobre o que seria a reforma ideal, mas minha consci\u00eancia pesou na hora do voto\u201d.<\/p>\n<p><strong>Jos\u00e9 Ant\u00f4nio Reguffe (Podemos-DF):<\/strong> Votou sim no texto. Nos destaques, votou a favor da manuten\u00e7\u00e3o do direito ao abono salarial para quem ganha at\u00e9 dois sal\u00e1rios m\u00ednimos. Reguffe argumenta: \u201cA reforma \u00e9 necess\u00e1ria. H\u00e1 um deficit que \u00e9 real, n\u00e3o \u00e9 fict\u00edcio. S\u00f3 no ano passado, foi de R$ 265 bilh\u00f5es. Al\u00e9m disso, n\u00e3o \u00e9 justo uma pessoa da minha idade, com 47 anos, por exemplo, se aposentar e o contribuinte ter que pagar por isso. Hoje, j\u00e1 gastamos 52% do Or\u00e7amento da Uni\u00e3o com a previd\u00eancia. Agora, conseguimos melhorar no Senado o texto que veio da C\u00e2mara. Consegui que a minha emenda que pro\u00edbe que pens\u00f5es e benef\u00edcios sejam menores do que um sal\u00e1rio m\u00ednimo fosse aceita. Votei tamb\u00e9m favor\u00e1vel ao destaque e conseguimos garantir o abono salarial para quem ganha at\u00e9 dois sal\u00e1rios m\u00ednimos. Abri m\u00e3o no primeiro dia do mandato da aposentadoria parlamentar e sou tamb\u00e9m contribuinte do INSS. Votei com a minha consci\u00eancia e pensando no pa\u00eds. A reforma \u00e9 realmente necess\u00e1ria\u201d<\/p>\n<p><strong>Izalci Lucas (PSDB-DF):<\/strong> Votou sim no texto. Nos destaques, votou contra a manuten\u00e7\u00e3o do direito ao abono salarial para quem ganha at\u00e9 dois sal\u00e1rios m\u00ednimos. Izalci explica o voto: \u201cConhe\u00e7o bem a realidade do Brasil, inclusive serei relator do or\u00e7amento da educa\u00e7\u00e3o para 2020, que j\u00e1 est\u00e1 20% menor do que o de 2019. Hoje, 96% do or\u00e7amento s\u00e3o despesas obrigat\u00f3rias, com a previd\u00eancia e folha de pagamentos. Sobra 4% para pagar todo o custeio e investimento. O governo j\u00e1 est\u00e1 buscando empr\u00e9stimos para pagar custeio. Neste ano, foram R$ 248 bilh\u00f5es. O Brasil quebrou. Se n\u00e3o resolvermos a quest\u00e3o da previd\u00eancia, n\u00e3o temos sa\u00edda. E esse \u00e9 apenas o primeiro passo. Precisamos tamb\u00e9m aprovar a reforma do Estado, o Pacto Federativo e a reforma tribut\u00e1ria. O Brasil precisa de mudan\u00e7a\u201d.<\/p>\n","protected":false},"excerpt":{"rendered":"<p>Coluna Eixo Capital\/Por Ana Maria Campos Leila Barros (PSB-DF): No texto, votou n\u00e3o. Nos destaques, votou a favor da manuten\u00e7\u00e3o do direito ao abono salarial para quem ganha at\u00e9 dois sal\u00e1rios m\u00ednimos. Ela justifica: \u201cUma reforma s\u00f3lida n\u00e3o poderia deixar de fora categorias que conseguem fazer lobby junto aos governantes. O texto estava pesado para os trabalhadores, principalmente os mais [&hellip;]<\/p>\n","protected":false},"author":9,"featured_media":16010,"comment_status":"open","ping_status":"closed","sticky":false,"template":"","format":"standard","meta":{"footnotes":""},"categories":[234],"tags":[],"class_list":["post-16618","post","type-post","status-publish","format-standard","has-post-thumbnail","hentry","category-cb-poder"],"_links":{"self":[{"href":"https:\/\/blogs.correiobraziliense.com.br\/cbpoder\/wp-json\/wp\/v2\/posts\/16618","targetHints":{"allow":["GET"]}}],"collection":[{"href":"https:\/\/blogs.correiobraziliense.com.br\/cbpoder\/wp-json\/wp\/v2\/posts"}],"about":[{"href":"https:\/\/blogs.correiobraziliense.com.br\/cbpoder\/wp-json\/wp\/v2\/types\/post"}],"author":[{"embeddable":true,"href":"https:\/\/blogs.correiobraziliense.com.br\/cbpoder\/wp-json\/wp\/v2\/users\/9"}],"replies":[{"embeddable":true,"href":"https:\/\/blogs.correiobraziliense.com.br\/cbpoder\/wp-json\/wp\/v2\/comments?post=16618"}],"version-history":[{"count":1,"href":"https:\/\/blogs.correiobraziliense.com.br\/cbpoder\/wp-json\/wp\/v2\/posts\/16618\/revisions"}],"predecessor-version":[{"id":16619,"href":"https:\/\/blogs.correiobraziliense.com.br\/cbpoder\/wp-json\/wp\/v2\/posts\/16618\/revisions\/16619"}],"wp:featuredmedia":[{"embeddable":true,"href":"https:\/\/blogs.correiobraziliense.com.br\/cbpoder\/wp-json\/wp\/v2\/media\/16010"}],"wp:attachment":[{"href":"https:\/\/blogs.correiobraziliense.com.br\/cbpoder\/wp-json\/wp\/v2\/media?parent=16618"}],"wp:term":[{"taxonomy":"category","embeddable":true,"href":"https:\/\/blogs.correiobraziliense.com.br\/cbpoder\/wp-json\/wp\/v2\/categories?post=16618"},{"taxonomy":"post_tag","embeddable":true,"href":"https:\/\/blogs.correiobraziliense.com.br\/cbpoder\/wp-json\/wp\/v2\/tags?post=16618"}],"curies":[{"name":"wp","href":"https:\/\/api.w.org\/{rel}","templated":true}]}}