{"id":16615,"date":"2019-10-03T07:49:52","date_gmt":"2019-10-03T10:49:52","guid":{"rendered":"https:\/\/blogs.correiobraziliense.com.br\/cbpoder\/?p=16615"},"modified":"2019-10-03T07:49:52","modified_gmt":"2019-10-03T10:49:52","slug":"crime-da-113-sul-adriana-villela-ira-recorrer-ao-stf","status":"publish","type":"post","link":"https:\/\/blogs.correiobraziliense.com.br\/cbpoder\/crime-da-113-sul-adriana-villela-ira-recorrer-ao-stf\/","title":{"rendered":"Crime da 113 Sul: Adriana Villela ir\u00e1 recorrer ao STF"},"content":{"rendered":"<h6><strong>Coluna Eixo Capital\/Por Ana Maria Campos<\/strong><\/h6>\n<p>O julgamento da arquiteta <strong>Adriana Villela<\/strong> vai marcar a hist\u00f3ria do j\u00fari em Bras\u00edlia. O mais longo, com mais de 100 horas de debates, depoimentos e apresenta\u00e7\u00e3o de provas. Um dos crimes de maior repercuss\u00e3o na cidade, com a morte brutal de tr\u00eas pessoas, sendo uma delas <strong>o ex-ministro do TSE Jos\u00e9 Guilherme Villela<\/strong>, numa cidade onde a advocacia \u00e9 forte. Um advogado de defesa estrelado, Ant\u00f4nio Carlos de Almeida Castro, o <strong>Kakay<\/strong>.<\/p>\n<p>Uma investiga\u00e7\u00e3o policial conturbada, <strong><a href=\"https:\/\/blogs.correiobraziliense.com.br\/cbpoder\/crime-da-113-sul-stj-mantem-cassacao-da-aposentadoria-de-martha-vargas\/\">que resultou na condena\u00e7\u00e3o c\u00edvel e criminal da primeira delegada encarregada do caso, Martha Vargas<\/a><\/strong>, por fraude processual e tortura. E uma condena\u00e7\u00e3o alta: 67 anos e seis meses de pris\u00e3o em regime fechado. Foi uma vit\u00f3ria da acusa\u00e7\u00e3o, do Minist\u00e9rio P\u00fablico, que, apesar das d\u00favidas relacionadas \u00e0 investiga\u00e7\u00e3o, conseguiu convencer os jurados da culpa de Adriana.<\/p>\n<h2>\n<strong>Defesa vai apontar falhas do sistema de justi\u00e7a brasileiro<\/strong><\/h2>\n<p>Nos minutos que antecederam o an\u00fancio da senten\u00e7a, no Tribunal do J\u00fari, a defesa de Adriana Villela estava animada com a possibilidade de conseguir uma absolvi\u00e7\u00e3o. Ela aparentava tranquilidade. Mas a not\u00edcia foi a pior: condena\u00e7\u00e3o. A uma amiga, Adriana disse mais tarde que acredita na Justi\u00e7a, que dever\u00e1 julgar os seus recursos.<\/p>\n<p>Os advogados v\u00e3o recorrer a uma Turma Criminal do Tribunal de Justi\u00e7a do DF, e o caso n\u00e3o deve parar a\u00ed. Minist\u00e9rio P\u00fablico e defesa devem brigar at\u00e9 o STF. No fim do julgamento, Kakay deu o tom do que deve ser a linha: \u201cerro da Justi\u00e7a\u201d. Adriana pretende trabalhar a tese de \u201cfalibilidade do sistema brasileiro\u201d. Est\u00e1 bem adaptada ao momento do pa\u00eds.<\/p>\n<h2><strong>\u00bb BRB tem programa de Integridade<\/strong><\/h2>\n<p>O BRB lan\u00e7ou, na \u00faltima sexta-feira, seu Programa de Integridade. A a\u00e7\u00e3o \u00e9 voltada para a preven\u00e7\u00e3o, detec\u00e7\u00e3o e puni\u00e7\u00e3o de eventuais irregularidades que possam ocorrer dentro da Institui\u00e7\u00e3o. Consiste na ado\u00e7\u00e3o de medidas de fortalecimento da governan\u00e7a e de compliance e possibilita uma melhoria do ambiente corporativo, mitiga\u00e7\u00e3o de fraudes e promo\u00e7\u00e3o da transpar\u00eancia.<\/p>\n<p>Entre outras a\u00e7\u00f5es, prev\u00ea a cria\u00e7\u00e3o de uma Corregedoria (canal de den\u00fancias), voltada ao p\u00fablico interno e externo; a cria\u00e7\u00e3o do Portal Integridade, al\u00e9m da revis\u00e3o da base normativa do banco.<\/p>\n","protected":false},"excerpt":{"rendered":"<p>Coluna Eixo Capital\/Por Ana Maria Campos O julgamento da arquiteta Adriana Villela vai marcar a hist\u00f3ria do j\u00fari em Bras\u00edlia. O mais longo, com mais de 100 horas de debates, depoimentos e apresenta\u00e7\u00e3o de provas. Um dos crimes de maior repercuss\u00e3o na cidade, com a morte brutal de tr\u00eas pessoas, sendo uma delas o ex-ministro do TSE Jos\u00e9 Guilherme Villela, [&hellip;]<\/p>\n","protected":false},"author":9,"featured_media":16616,"comment_status":"open","ping_status":"closed","sticky":false,"template":"","format":"standard","meta":{"footnotes":""},"categories":[234],"tags":[],"class_list":["post-16615","post","type-post","status-publish","format-standard","has-post-thumbnail","hentry","category-cb-poder"],"_links":{"self":[{"href":"https:\/\/blogs.correiobraziliense.com.br\/cbpoder\/wp-json\/wp\/v2\/posts\/16615","targetHints":{"allow":["GET"]}}],"collection":[{"href":"https:\/\/blogs.correiobraziliense.com.br\/cbpoder\/wp-json\/wp\/v2\/posts"}],"about":[{"href":"https:\/\/blogs.correiobraziliense.com.br\/cbpoder\/wp-json\/wp\/v2\/types\/post"}],"author":[{"embeddable":true,"href":"https:\/\/blogs.correiobraziliense.com.br\/cbpoder\/wp-json\/wp\/v2\/users\/9"}],"replies":[{"embeddable":true,"href":"https:\/\/blogs.correiobraziliense.com.br\/cbpoder\/wp-json\/wp\/v2\/comments?post=16615"}],"version-history":[{"count":1,"href":"https:\/\/blogs.correiobraziliense.com.br\/cbpoder\/wp-json\/wp\/v2\/posts\/16615\/revisions"}],"predecessor-version":[{"id":16617,"href":"https:\/\/blogs.correiobraziliense.com.br\/cbpoder\/wp-json\/wp\/v2\/posts\/16615\/revisions\/16617"}],"wp:featuredmedia":[{"embeddable":true,"href":"https:\/\/blogs.correiobraziliense.com.br\/cbpoder\/wp-json\/wp\/v2\/media\/16616"}],"wp:attachment":[{"href":"https:\/\/blogs.correiobraziliense.com.br\/cbpoder\/wp-json\/wp\/v2\/media?parent=16615"}],"wp:term":[{"taxonomy":"category","embeddable":true,"href":"https:\/\/blogs.correiobraziliense.com.br\/cbpoder\/wp-json\/wp\/v2\/categories?post=16615"},{"taxonomy":"post_tag","embeddable":true,"href":"https:\/\/blogs.correiobraziliense.com.br\/cbpoder\/wp-json\/wp\/v2\/tags?post=16615"}],"curies":[{"name":"wp","href":"https:\/\/api.w.org\/{rel}","templated":true}]}}