{"id":16612,"date":"2019-10-02T07:46:49","date_gmt":"2019-10-02T10:46:49","guid":{"rendered":"https:\/\/blogs.correiobraziliense.com.br\/cbpoder\/?p=16612"},"modified":"2019-10-02T07:46:49","modified_gmt":"2019-10-02T10:46:49","slug":"procurador-escolhido-por-bolsonaro-recebeu-apoios-fundamentais-para-chegar-ao-tjdft","status":"publish","type":"post","link":"https:\/\/blogs.correiobraziliense.com.br\/cbpoder\/procurador-escolhido-por-bolsonaro-recebeu-apoios-fundamentais-para-chegar-ao-tjdft\/","title":{"rendered":"Procurador escolhido por Bolsonaro recebeu apoios fundamentais para chegar ao TJDFT"},"content":{"rendered":"<h6><strong>Coluna Eixo Capital\/Por Ana Maria Campos<\/strong><\/h6>\n<p><a href=\"https:\/\/blogs.correiobraziliense.com.br\/cbpoder\/bolsonaro-escolhe-procurador-para-vaga-da-oab-no-tjdft\/\">Nomeado desembargador pelo presidente<strong> Jair Bolsonaro<\/strong><\/a>, o procurador <strong>Robson Vieira Teixeira de Freitas<\/strong>, 49 anos, conseguiu apoios importantes para atingir seu objetivo. <a href=\"https:\/\/blogs.correiobraziliense.com.br\/cbpoder\/lista-triplice-da-oab-df-vai-para-bolsonaro\/\">Primeiro colocado na lista tr\u00edplice eleita na \u00faltima sexta-feira pelo Pleno do Tribunal de Justi\u00e7a do DF<\/a>, Robson contava com o apoio dos colegas na Procuradoria do DF, entre os quais o ex-procurador-geral <strong>Tulio Arantes<\/strong>, que foi um aliado no corpo a corpo entre os desembargadores. Ele tamb\u00e9m teve a ajuda da deputada <strong>Bia Kicis<\/strong> (PSL-DF), que \u00e9 procuradora aposentada. O <strong>Bispo Robson Rodovalho<\/strong> tamb\u00e9m teve papel fundamental.<\/p>\n<h2><strong>C\u00e9u de brigadeiro<\/strong><\/h2>\n<p>Na pr\u00f3xima solenidade de Troca da Bandeira, o c\u00e9u de Bras\u00edlia ser\u00e1 cortado pelos avi\u00f5es da Esquadrilha da Fuma\u00e7a e pelo sobrevoo do ca\u00e7a F5 da For\u00e7a A\u00e9rea Brasileira (FAB). Ser\u00e1 domingo, como ocorre sempre no primeiro fim de semana de cada m\u00eas. S\u00f3 que desta vez com uma atra\u00e7\u00e3o a mais. Na plateia, boa oportunidade para o governador Ibaneis Rocha trocar figurinhas com o presidente Jair Bolsonaro.<\/p>\n<h2>\n<strong>AMAGIS: \u201cAmbiente de riscos\u201d<\/strong><\/h2>\n<p>A Associa\u00e7\u00e3o dos Magistrados do DF (AMAGIS) vai discutir hoje em assembleia medidas a serem tomadas contra a lei de abuso de autoridade. Em nota, a entidade que representa todos os ju\u00edzes do DF destaca que a nova lei \u201ccriou um ambiente repleto de riscos para a atua\u00e7\u00e3o dos magistrados\u201d. Presidida pelo juiz F\u00e1bio Esteves, a AMAGIS afirma que nunca houve um atentado t\u00e3o forte \u00e0 atua\u00e7\u00e3o dos ju\u00edzes. \u201cN\u00e3o h\u00e1 registros na hist\u00f3ria de epis\u00f3dio em que a magistratura brasileira tenha sido constrangida a condi\u00e7\u00f5es t\u00e3o comprometedoras do seu papel no Estado de Direito\u201d, ressalta.<\/p>\n<h2>\n<strong>Nome aos bois<\/strong><\/h2>\n<p>No primeiro ano de anivers\u00e1rio da morte de Joaquim Roriz, muitas homenagens. O governador Ibaneis Rocha deu ao restaurante comunit\u00e1rio de Samambaia o nome do pol\u00edtico que governou quatro vezes o DF, e a pra\u00e7a p\u00fablica da C\u00e2mara Legislativa pode ganhar um busto e o nome do ex-governador. A ideia partiu do sobrinho Ded\u00e9 Roriz e foi acatada pelo deputado Rob\u00e9rio Negreiros (PSD), segundo secret\u00e1rio da Casa. No ano passado, o ent\u00e3o governador Rodrigo Rollemberg deu ao anel vi\u00e1rio da Sa\u00edda Norte o nome de Roriz.<\/p>\n<h2>\n<strong>Mais um ataque<\/strong><\/h2>\n<p>Se n\u00e3o bastasse a PEC para dividir o Fundo Constitucional com o Rio de Janeiro, proposta pela deputada federal Clarissa Garotinho (PROS-RJ), h\u00e1 uma nova tentativa de retirar os recursos do Distrito Federal. O projeto de lei complementar 3\/2019 do deputado Jos\u00e9 Nelto (Podemos-GO) defende que a verba seja repassada aos 33 munic\u00edpios da Regi\u00e3o Integrada de Desenvolvimento do DF (Ride). \u00danica representante do DF na Comiss\u00e3o de Desenvolvimento Urbano, a deputada Paula Belmonte (Cidadania-DF) j\u00e1 apresentou um voto em separado contr\u00e1rio ao parecer do relator, deputado Jos\u00e9 Medeiros (PODE-MT).<\/p>\n<h2>\n<strong>No rastro<\/strong><\/h2>\n<p>Por falar em Paula Belmonte, ela est\u00e1 em Washington com colegas da CPI do BNDES. Foram no rastro dos neg\u00f3cios da JBS nos Estados Unidos.<\/p>\n<h2>\n<strong>Redirecionamento<\/strong><\/h2>\n<p>O governador Ibaneis Rocha mandou desativar o Terminal Rodovi\u00e1rio do Touring Club, que atende linhas de cidades do Entorno. E tudo deve ser direcionado para a Rodovi\u00e1ria do Plano Piloto.<\/p>\n<h2>\n<strong>Escola militarizada na maioria do pa\u00eds<\/strong><\/h2>\n<p>O Distrito Federal est\u00e1 entre 16 unidades da federa\u00e7\u00e3o que aderiram ao modelo de gest\u00e3o compartilhada das escolas com a Pol\u00edcia Militar. Segundo levantamento do ministro da Educa\u00e7\u00e3o, Abraham Weintraub, apostaram no modelo os seguintes estados, al\u00e9m do DF: Rio Grande do Sul, Santa Catarina,Paran\u00e1, Minas Gerais, Mato Grosso do Sul, Mato Grosso, Goi\u00e1s, Cear\u00e1, Par\u00e1, Tocantins, Amazonas, Rond\u00f4nia, Acre, Roraima e Amap\u00e1. Onze estados n\u00e3o entraram na onda. \u00c9 o caso de S\u00e3o Paulo, Rio de Janeiro, Esp\u00edrito Santo, Alagoas, Bahia, Maranh\u00e3o, Para\u00edba, Pernambuco, Piau\u00ed, Rio Grande do Norte e Sergipe. Entre os estados administrados pelo MDB, como o DF, apenas Alagoas n\u00e3o tem escola militarizada.<\/p>\n<h2><em><strong>S\u00f3 papos<\/strong><\/em><\/h2>\n<blockquote><p>&#8220;A transfer\u00eancia da capital para o Centro-Oeste do pa\u00eds foi feita sem colocar em a\u00e7\u00e3o qualquer plano de compensa\u00e7\u00f5es para o Rio, acionando uma &#8216;bomba-rel\u00f3gio'&#8221;<\/p><\/blockquote>\n<p style=\"text-align: right\"><strong>Clarissa Garotinho (Pros-RJ)<\/strong><\/p>\n<blockquote><p>&#8220;A bomba-rel\u00f3gio foi acionada pela m\u00e1 administra\u00e7\u00e3o e pela corrup\u00e7\u00e3o no Rio. A fam\u00edlia Garotinho tem sua parcela nisso e agora o DF vai ter que pagar a conta?\u201c<\/p><\/blockquote>\n<p style=\"text-align: right\"><strong>Professor Israel Batista (PV-DF)<\/strong><\/p>\n","protected":false},"excerpt":{"rendered":"<p>Coluna Eixo Capital\/Por Ana Maria Campos Nomeado desembargador pelo presidente Jair Bolsonaro, o procurador Robson Vieira Teixeira de Freitas, 49 anos, conseguiu apoios importantes para atingir seu objetivo. Primeiro colocado na lista tr\u00edplice eleita na \u00faltima sexta-feira pelo Pleno do Tribunal de Justi\u00e7a do DF, Robson contava com o apoio dos colegas na Procuradoria do DF, entre os quais o [&hellip;]<\/p>\n","protected":false},"author":9,"featured_media":16606,"comment_status":"open","ping_status":"closed","sticky":false,"template":"","format":"standard","meta":{"footnotes":""},"categories":[234],"tags":[1143,1968,413],"class_list":["post-16612","post","type-post","status-publish","format-standard","has-post-thumbnail","hentry","category-cb-poder","tag-bolsonaro","tag-robson-vieira-teixeira-de-freitas","tag-tjdft"],"_links":{"self":[{"href":"https:\/\/blogs.correiobraziliense.com.br\/cbpoder\/wp-json\/wp\/v2\/posts\/16612","targetHints":{"allow":["GET"]}}],"collection":[{"href":"https:\/\/blogs.correiobraziliense.com.br\/cbpoder\/wp-json\/wp\/v2\/posts"}],"about":[{"href":"https:\/\/blogs.correiobraziliense.com.br\/cbpoder\/wp-json\/wp\/v2\/types\/post"}],"author":[{"embeddable":true,"href":"https:\/\/blogs.correiobraziliense.com.br\/cbpoder\/wp-json\/wp\/v2\/users\/9"}],"replies":[{"embeddable":true,"href":"https:\/\/blogs.correiobraziliense.com.br\/cbpoder\/wp-json\/wp\/v2\/comments?post=16612"}],"version-history":[{"count":1,"href":"https:\/\/blogs.correiobraziliense.com.br\/cbpoder\/wp-json\/wp\/v2\/posts\/16612\/revisions"}],"predecessor-version":[{"id":16613,"href":"https:\/\/blogs.correiobraziliense.com.br\/cbpoder\/wp-json\/wp\/v2\/posts\/16612\/revisions\/16613"}],"wp:featuredmedia":[{"embeddable":true,"href":"https:\/\/blogs.correiobraziliense.com.br\/cbpoder\/wp-json\/wp\/v2\/media\/16606"}],"wp:attachment":[{"href":"https:\/\/blogs.correiobraziliense.com.br\/cbpoder\/wp-json\/wp\/v2\/media?parent=16612"}],"wp:term":[{"taxonomy":"category","embeddable":true,"href":"https:\/\/blogs.correiobraziliense.com.br\/cbpoder\/wp-json\/wp\/v2\/categories?post=16612"},{"taxonomy":"post_tag","embeddable":true,"href":"https:\/\/blogs.correiobraziliense.com.br\/cbpoder\/wp-json\/wp\/v2\/tags?post=16612"}],"curies":[{"name":"wp","href":"https:\/\/api.w.org\/{rel}","templated":true}]}}