{"id":16598,"date":"2019-09-27T16:54:01","date_gmt":"2019-09-27T19:54:01","guid":{"rendered":"https:\/\/blogs.correiobraziliense.com.br\/cbpoder\/?p=16598"},"modified":"2019-09-27T16:54:01","modified_gmt":"2019-09-27T19:54:01","slug":"ibaneis-reduz-precos-de-restaurantes-comunitarios","status":"publish","type":"post","link":"https:\/\/blogs.correiobraziliense.com.br\/cbpoder\/ibaneis-reduz-precos-de-restaurantes-comunitarios\/","title":{"rendered":"Ibaneis reduz pre\u00e7os de restaurantes comunit\u00e1rios"},"content":{"rendered":"<h4>\u00c1GATHA GONZAGA<\/h4>\n<p>Na tarde desta sexta-feira (27\/9), o governador Ibaneis Rocha (MDB) anunciou redu\u00e7\u00e3o no valor das refei\u00e7\u00f5es dos restaurantes comunit\u00e1rios da capital. O prato, que antes custava R$ 2, passar\u00e1 a custar R$ 1 a partir de segunda (30\/9).<\/p>\n<p>O an\u00fancio foi feito durante evento em que se oficializou o novo nome do Restaurante Comunit\u00e1rio de Samambaia,\u00a0que passa a se chamar Roriz\u00e3o em homenagem ao ex-governador Joaquim Roriz. O espa\u00e7o foi o primeiro a ser constru\u00eddo no Distrito Federal.<\/p>\n<p><strong>Novas unidades<\/strong><\/p>\n<p>O GDF prev\u00ea a constru\u00e7\u00e3o de mais seis restaurantes comunit\u00e1rios em todo DF. O edital para licita\u00e7\u00e3o e escolha de empresas foi publicado neste m\u00eas. Os interessados dever\u00e3o entregar um requerimento para a apresenta\u00e7\u00e3o dos estudos em at\u00e9 20 dias \u00fateis a contar da publica\u00e7\u00e3o do edital. Esses requerimentos ser\u00e3o analisados e as empresas autorizadas ter\u00e3o um prazo de 90 dias para o desenvolvimento dos estudos.<\/p>\n","protected":false},"excerpt":{"rendered":"<p>\u00c1GATHA GONZAGA Na tarde desta sexta-feira (27\/9), o governador Ibaneis Rocha (MDB) anunciou redu\u00e7\u00e3o no valor das refei\u00e7\u00f5es dos restaurantes comunit\u00e1rios da capital. O prato, que antes custava R$ 2, passar\u00e1 a custar R$ 1 a partir de segunda (30\/9). O an\u00fancio foi feito durante evento em que se oficializou o novo nome do Restaurante Comunit\u00e1rio de Samambaia,\u00a0que passa a [&hellip;]<\/p>\n","protected":false},"author":75,"featured_media":14934,"comment_status":"open","ping_status":"closed","sticky":false,"template":"","format":"standard","meta":{"footnotes":""},"categories":[6],"tags":[966],"class_list":["post-16598","post","type-post","status-publish","format-standard","has-post-thumbnail","hentry","category-noticias","tag-ibaneis"],"_links":{"self":[{"href":"https:\/\/blogs.correiobraziliense.com.br\/cbpoder\/wp-json\/wp\/v2\/posts\/16598","targetHints":{"allow":["GET"]}}],"collection":[{"href":"https:\/\/blogs.correiobraziliense.com.br\/cbpoder\/wp-json\/wp\/v2\/posts"}],"about":[{"href":"https:\/\/blogs.correiobraziliense.com.br\/cbpoder\/wp-json\/wp\/v2\/types\/post"}],"author":[{"embeddable":true,"href":"https:\/\/blogs.correiobraziliense.com.br\/cbpoder\/wp-json\/wp\/v2\/users\/75"}],"replies":[{"embeddable":true,"href":"https:\/\/blogs.correiobraziliense.com.br\/cbpoder\/wp-json\/wp\/v2\/comments?post=16598"}],"version-history":[{"count":1,"href":"https:\/\/blogs.correiobraziliense.com.br\/cbpoder\/wp-json\/wp\/v2\/posts\/16598\/revisions"}],"predecessor-version":[{"id":16599,"href":"https:\/\/blogs.correiobraziliense.com.br\/cbpoder\/wp-json\/wp\/v2\/posts\/16598\/revisions\/16599"}],"wp:featuredmedia":[{"embeddable":true,"href":"https:\/\/blogs.correiobraziliense.com.br\/cbpoder\/wp-json\/wp\/v2\/media\/14934"}],"wp:attachment":[{"href":"https:\/\/blogs.correiobraziliense.com.br\/cbpoder\/wp-json\/wp\/v2\/media?parent=16598"}],"wp:term":[{"taxonomy":"category","embeddable":true,"href":"https:\/\/blogs.correiobraziliense.com.br\/cbpoder\/wp-json\/wp\/v2\/categories?post=16598"},{"taxonomy":"post_tag","embeddable":true,"href":"https:\/\/blogs.correiobraziliense.com.br\/cbpoder\/wp-json\/wp\/v2\/tags?post=16598"}],"curies":[{"name":"wp","href":"https:\/\/api.w.org\/{rel}","templated":true}]}}