{"id":16572,"date":"2019-09-23T08:53:25","date_gmt":"2019-09-23T11:53:25","guid":{"rendered":"https:\/\/blogs.correiobraziliense.com.br\/cbpoder\/?p=16572"},"modified":"2019-09-23T08:53:25","modified_gmt":"2019-09-23T11:53:25","slug":"ibaneis-rocha-e-um-critico-da-lava-jato","status":"publish","type":"post","link":"https:\/\/blogs.correiobraziliense.com.br\/cbpoder\/ibaneis-rocha-e-um-critico-da-lava-jato\/","title":{"rendered":"Ibaneis Rocha \u00e9 um cr\u00edtico da Lava-Jato"},"content":{"rendered":"<h6><strong>Coluna Eixo Capital\/Por Ana Maria Campos<\/strong><\/h6>\n<p>O governador<strong> Ibaneis Rocha<\/strong> tem uma boa interlocu\u00e7\u00e3o com o presidente Jair Bolsonaro, mas com o ministro da Justi\u00e7a e Seguran\u00e7a P\u00fablica, S\u00e9rgio Moro, a rela\u00e7\u00e3o continua entre fria e gelada.<\/p>\n<p>Depois do bombardeio \u00e0 decis\u00e3o de transferir para Bras\u00edlia presos ligados a fac\u00e7\u00f5es criminosas, como Marcos Camacho, o Marcola, Ibaneis tem sido publicamente um grande cr\u00edtico dos m\u00e9todos adotados na Opera\u00e7\u00e3o <strong>Lava-Jato<\/strong>.<\/p>\n<p>Embora n\u00e3o cite diretamente Moro, Ibaneis integra o grupo que aponta falhas na condu\u00e7\u00e3o dos processos e que at\u00e9 podem levar \u00e0 anula\u00e7\u00e3o da condena\u00e7\u00e3o do ex-presidente Lula.<\/p>\n<h2><strong>Empr\u00e9stimo de viaturas<\/strong><\/h2>\n<p>A Pol\u00edcia Civil do DF cedeu quatro carros ano 2013 para a Casa Militar do DF. O empr\u00e9stimo dos Renault\/Fluence tem dura\u00e7\u00e3o prevista de um ano. A transa\u00e7\u00e3o foi publicada na edi\u00e7\u00e3o de sexta-feira no Di\u00e1rio Oficial do DF.<\/p>\n<h2><strong>Especialista<\/strong><\/h2>\n<p>O ex-governador Rodrigo Rollemberg est\u00e1 organizando um caf\u00e9 com pol\u00edtica cujos temas ser\u00e3o a reforma tribut\u00e1ria e a redu\u00e7\u00e3o da desigualdade social. O convidado ser\u00e1 Eduardo Fagnani, professor e pesquisador. Rollemberg anda bem feliz com o ritmo do evento at\u00e9 agora.<\/p>\n<p>Ser\u00e1 ter\u00e7a-feira das 9h \u00e0s 11h. Fagnani coordenou um grupo de 40 especialistas que prepararam uma proposta alternativa de reforma tribut\u00e1ria que servir\u00e1 de base para um projeto a ser apresentada pelos partidos de oposi\u00e7\u00e3o.<\/p>\n<h2>\n<strong>Guerreiros<\/strong><\/h2>\n<p>Nunca os bombeiros do DF trabalharam tanto para apagar focos de inc\u00eandios que pipocam em todo o DF.<\/p>\n<h2>\n<strong>Candidata preferida de Gustavo Rocha<\/strong><\/h2>\n<p>A presidente da Ag\u00eancia Nacional de \u00c1guas (ANA), Chistianne Dias, que concorre \u00e0 vaga da OAB no Tribunal de Justi\u00e7a do DF \u00e9 um dos nomes preferidos do secret\u00e1rio de Justi\u00e7a e Cidadania, Gustavo Rocha. Os dois trabalharam juntos e ela tem a prefer\u00eancia de Rocha. O governador Ibaneis Rocha tamb\u00e9m gosta dela, mas garante que n\u00e3o se comprometeu com ningu\u00e9m.<\/p>\n<h2>\n<strong>Ibaneis espera ser consultado por Bolsonaro<\/strong><\/h2>\n<p>Quando a lista tr\u00edplice eleita pelo Tribunal de Justi\u00e7a do DF para a vaga da OAB-DF no Judici\u00e1rio local chegar \u00e0s m\u00e3os do presidente Jair Bolsonaro para nomea\u00e7\u00e3o, o governador Ibaneis Rocha espera ser ouvido na escolha. \u201c\u00c9 natural\u201d, afirma o chefe do Executivo do DF.<\/p>\n<h2><strong>Representante da advocacia no Congresso<\/strong><\/h2>\n<p>O advogado Francisco Cl\u00e1udio Lima tomou posse nesta semana no Instituto dos Advogados do DF. Ele tem sido uma ponte entre o Congresso e os assuntos relacionados \u00e0 advocacia. Em mar\u00e7o, foi designado membro da Comiss\u00e3o Especial de Acompanhamento Legislativo para o per\u00edodo de 2019 a 2022.<\/p>\n<h2>\n<strong>Parlamentar n\u00e3o \u00e9 s\u00f3 emenda<\/strong><\/h2>\n<p>V\u00e1rios secret\u00e1rios do GDF estiveram no Congresso Nacional para apontar prioridades para emendas parlamentares, na reuni\u00e3o da bancada federal. Entre discursos amenos, a deputada federal Paula Belmonte (Cidadania-DF) convocou os colegas a estarem mais atentos \u00e0 gest\u00e3o. \u201cEmendas n\u00e3o s\u00e3o o exerc\u00edcio fundamental do legislador. Nossa fun\u00e7\u00e3o \u00e9 legislar e fiscalizar. Para que a gente possa melhorar a nossa cidade, n\u00f3s temos que priorizar essas duas fun\u00e7\u00f5es\u201d. Recado dado.<\/p>\n<h2>\n<strong>Emendas participativas<\/strong><\/h2>\n<p>O deputado Rodrigo Delmasso (Republicanos) abriu um edital para concorr\u00eancia da popula\u00e7\u00e3o na destina\u00e7\u00e3o de suas emendas de 2020. Ser\u00e3o selecionadas 50 propostas com os temas de infraestrutura, sa\u00fade, educa\u00e7\u00e3o, esporte, capacita\u00e7\u00e3o profissional, empreendedorismo, agricultura, eventos religiosos e projetos sociais. As inscri\u00e7\u00f5es come\u00e7am na pr\u00f3xima quarta-feira e se encerram em 11 de outubro.<\/p>\n<h2><strong>Mandou bem<\/strong><\/h2>\n<p>Um grupo de 49 funcion\u00e1rios da lideran\u00e7a do PT na C\u00e2mara dos Deputados fez um bol\u00e3o e levou o pr\u00eamio de R$ 120 milh\u00f5es da Mega-Sena. Uma bolada de R$ 2,4 milh\u00f5es por cota.<\/p>\n<h2><strong>Mandou mal<\/strong><\/h2>\n<p>L\u00edder do governo Bolsonaro no Senado, o senador Fernando Bezerra (PSB-PE) recebeu R$ 5,5 milh\u00f5es em propina durante o governo de Dilma Rousseff, segundo aponta a Pol\u00edcia Federal (PF).<\/p>\n<h2><strong>S\u00f3 papos<\/strong><\/h2>\n<blockquote><p>\u201cMuito feliz e honrado! Acabo de receber o #PremioCongressoEmFoco2019 de melhor deputado federal na avalia\u00e7\u00e3o dos jornalistas. Ser escolhido nesta categoria, no momento em que atacam nossas liberdades e direitos, me d\u00e1 mais for\u00e7as para continuar na luta pelo Brasil! N\u00e3o vamos parar!\u201d<\/p><\/blockquote>\n<p style=\"text-align: right\"><strong>Deputado Alessandro Molon (PSB-DF)<\/strong><\/p>\n<blockquote><p>\u201cNo pr\u00eamio #congressoemfoco de jornalismo, tanto para deputados quanto para senadores, todos os escolhidos s\u00e3o de esquerda. Isso \u00e9 a diversidade que a esquerda tanto adora\u201d<\/p><\/blockquote>\n<p style=\"text-align: right\"><strong>Deputada Bia Kicis (PSL-DF)<\/strong><\/p>\n","protected":false},"excerpt":{"rendered":"<p>Coluna Eixo Capital\/Por Ana Maria Campos O governador Ibaneis Rocha tem uma boa interlocu\u00e7\u00e3o com o presidente Jair Bolsonaro, mas com o ministro da Justi\u00e7a e Seguran\u00e7a P\u00fablica, S\u00e9rgio Moro, a rela\u00e7\u00e3o continua entre fria e gelada. Depois do bombardeio \u00e0 decis\u00e3o de transferir para Bras\u00edlia presos ligados a fac\u00e7\u00f5es criminosas, como Marcos Camacho, o Marcola, Ibaneis tem sido publicamente [&hellip;]<\/p>\n","protected":false},"author":9,"featured_media":14985,"comment_status":"open","ping_status":"closed","sticky":false,"template":"","format":"standard","meta":{"footnotes":""},"categories":[234],"tags":[],"class_list":["post-16572","post","type-post","status-publish","format-standard","has-post-thumbnail","hentry","category-cb-poder"],"_links":{"self":[{"href":"https:\/\/blogs.correiobraziliense.com.br\/cbpoder\/wp-json\/wp\/v2\/posts\/16572","targetHints":{"allow":["GET"]}}],"collection":[{"href":"https:\/\/blogs.correiobraziliense.com.br\/cbpoder\/wp-json\/wp\/v2\/posts"}],"about":[{"href":"https:\/\/blogs.correiobraziliense.com.br\/cbpoder\/wp-json\/wp\/v2\/types\/post"}],"author":[{"embeddable":true,"href":"https:\/\/blogs.correiobraziliense.com.br\/cbpoder\/wp-json\/wp\/v2\/users\/9"}],"replies":[{"embeddable":true,"href":"https:\/\/blogs.correiobraziliense.com.br\/cbpoder\/wp-json\/wp\/v2\/comments?post=16572"}],"version-history":[{"count":1,"href":"https:\/\/blogs.correiobraziliense.com.br\/cbpoder\/wp-json\/wp\/v2\/posts\/16572\/revisions"}],"predecessor-version":[{"id":16573,"href":"https:\/\/blogs.correiobraziliense.com.br\/cbpoder\/wp-json\/wp\/v2\/posts\/16572\/revisions\/16573"}],"wp:featuredmedia":[{"embeddable":true,"href":"https:\/\/blogs.correiobraziliense.com.br\/cbpoder\/wp-json\/wp\/v2\/media\/14985"}],"wp:attachment":[{"href":"https:\/\/blogs.correiobraziliense.com.br\/cbpoder\/wp-json\/wp\/v2\/media?parent=16572"}],"wp:term":[{"taxonomy":"category","embeddable":true,"href":"https:\/\/blogs.correiobraziliense.com.br\/cbpoder\/wp-json\/wp\/v2\/categories?post=16572"},{"taxonomy":"post_tag","embeddable":true,"href":"https:\/\/blogs.correiobraziliense.com.br\/cbpoder\/wp-json\/wp\/v2\/tags?post=16572"}],"curies":[{"name":"wp","href":"https:\/\/api.w.org\/{rel}","templated":true}]}}