{"id":16532,"date":"2019-09-13T07:50:37","date_gmt":"2019-09-13T10:50:37","guid":{"rendered":"https:\/\/blogs.correiobraziliense.com.br\/cbpoder\/?p=16532"},"modified":"2019-09-13T07:50:37","modified_gmt":"2019-09-13T10:50:37","slug":"imbroglio-na-disputa-da-oab-df-para-o-tribunal-de-justica","status":"publish","type":"post","link":"https:\/\/blogs.correiobraziliense.com.br\/cbpoder\/imbroglio-na-disputa-da-oab-df-para-o-tribunal-de-justica\/","title":{"rendered":"Imbr\u00f3glio na disputa da OAB-DF para o Tribunal de Justi\u00e7a"},"content":{"rendered":"<h6><strong>Coluna Eixo Capital\/Por Ana Maria Campos<\/strong><\/h6>\n<p>H\u00e1 um desconforto entre desembargadores em rela\u00e7\u00e3o aos rumos na defini\u00e7\u00e3o dos candidatos para a vaga da <strong>OAB-DF<\/strong> no quinto constitucional do <strong>Tribunal de Justi\u00e7a do DF<\/strong>. <a href=\"https:\/\/blogs.correiobraziliense.com.br\/cbpoder\/justica-suspende-lista-da-oab-para-vaga-de-desembargador-do-tjdft\/\"><strong>A Justi\u00e7a suspendeu a homologa\u00e7\u00e3o da lista s\u00eaxtupla<\/strong><\/a> eleita pela classe em decorr\u00eancia de contesta\u00e7\u00f5es \u00e0 candidatura da diretora-presidente da Ag\u00eancia Nacional de \u00c1guas (ANA), Christianne Dias.<\/p>\n<p>O problema seria uma incompatibilidade de a advogada concorrer \u00e0 vaga de desembargadora estando no exerc\u00edcio do cargo na ag\u00eancia reguladora. Essa \u00e9 uma disputa que n\u00e3o tem data para acabar. Uma decis\u00e3o contra ou a favor na Justi\u00e7a Federal deve ser contestada em inst\u00e2ncias superiores.<\/p>\n<p>Entre advogados, h\u00e1 ainda uma d\u00favida. Caso a candidatura seja suspensa, o que aconteceria? O s\u00e9timo colocado pela vota\u00e7\u00e3o da classe, Andr\u00e9 Puppin, entraria na lista s\u00eaxtupla ou um novo processo eleitoral deveria ser deflagrado? Os votos de Christianne Dias beneficiariam outro candidato que n\u00e3o entrou na lista dos 12 nomes eleita pelo Conselho da OAB-DF ou entre os seis preferidos pela advocacia? Muitas d\u00favidas. E entre advogados o que n\u00e3o falta \u00e9 disposi\u00e7\u00e3o para brigar na Justi\u00e7a.<\/p>\n<h2>\n<strong>Aprendendo com JK<\/strong><\/h2>\n<p>Nas comemora\u00e7\u00f5es pelo anivers\u00e1rio de JK, o governador Ibaneis Rocha ganhou ontem um livro com os discursos do ex-presidente, editado pela Gr\u00e1fica do Senado. Ao receber de presente a publica\u00e7\u00e3o das m\u00e3os do empres\u00e1rio Paulo Oct\u00e1vio e da presidente do Memorial JK, Anna Christina Kubitschek, Ibaneis brincou: \u201cBom que aprendo a discursar\u201d. Juscelino Kubitschek era conhecido como um grande orador e conciliador.<\/p>\n<h2><strong>Diplomacia<\/strong><\/h2>\n<p>O governador Ibaneis Rocha estava sereno ontem. Ao ser questionado por jornalistas sobre a decis\u00e3o do Tribunal de Contas da Uni\u00e3o (TCU) em rela\u00e7\u00e3o ao pagamento de aposentados das \u00e1reas de educa\u00e7\u00e3o e sa\u00fade, ele foi bem mais diplom\u00e1tico do que antes, quando atacou a Corte: \u201cO TCU est\u00e1 cumprindo seu papel. Decis\u00e3o do Tribunal a gente respeita, mas, se n\u00e3o concorda, recorre. \u00c9 o que farei\u201d. \u00a8<\/p>\n<h2><strong>#MetaaColher<\/strong><\/h2>\n<p>Dados da Secretaria de Seguran\u00e7a P\u00fablica do DF indicam um dado alarmante que dificulta a preven\u00e7\u00e3o sem o apoio da pr\u00f3pria comunidade: 89% dos feminic\u00eddios ocorrem dentro da casa (84%) ou no local de trabalho (5%) da v\u00edtima. Al\u00e9m disso, em 70% dos casos, houve agress\u00f5es anteriores que nunca foram registradas. Por isso, o governo intensifica a campanha #MetaaColher. A melhor arma contra o feminic\u00eddio \u00e9 a den\u00fancia.<\/p>\n<h2>\n<strong>Liberdade de voz e voto no Podemos<\/strong><\/h2>\n<p>A filia\u00e7\u00e3o do senador Jos\u00e9 Ant\u00f4nio Reguffe (DF) ao Podemos representa uma oportunidade para a constru\u00e7\u00e3o de uma alternativa de poder pelo centro, fora da polariza\u00e7\u00e3o entre PT e PSol e os bolsonaristas. Reguffe aceitou convite do presidente nacional do partido, senador \u00c1lvaro Dias (PR), e pretende trabalhar para consolidar uma posi\u00e7\u00e3o pol\u00edtica contr\u00e1ria ao fisiologismo e ao corporativismo.<\/p>\n<p><a href=\"https:\/\/blogs.correiobraziliense.com.br\/cbpoder\/senador-reguffe-com-um-pe-no-podemos\/\"><strong>As conversas vinham ocorrendo havia meses<\/strong><\/a>, mas s\u00f3 agora Reguffe aceitou. <a href=\"https:\/\/blogs.correiobraziliense.com.br\/cbpoder\/reguffe-se-filia-ao-podemos\/\"><strong>A condi\u00e7\u00e3o \u00e9 que ele mantenha a liberdade para se posicionar de acordo com os compromissos de campanha<\/strong><\/a>. \u201cO partido me deu liberdade total de voz e voto para continuar representando com dignidade quem votou em mim. Precisamos construir uma alternativa de centro, mas n\u00e3o desse centro fisiol\u00f3gico, de toma l\u00e1 d\u00e1 c\u00e1, do centr\u00e3o e, sim, de um centro democr\u00e1tico\u201d, afirma o senador.<\/p>\n<h2><strong>Liberado<\/strong><\/h2>\n<p>Terminou na \u00faltima quarta-feira a pena de suspens\u00e3o do direito de exercer cargos p\u00fablicos do ex-presidente da Caesb Fernando Leite. Por ter sido condenado em a\u00e7\u00e3o de improbidade administrativa por ato ocorrido em 2003, ele estava impedido de tomar posse. Fernando Leite chegou a presidir a empresa, <a href=\"https:\/\/blogs.correiobraziliense.com.br\/cbpoder\/justica-anula-posse-de-fernando-leite-na-caesb\/\"><strong>mas foi afastado por for\u00e7a de decis\u00e3o judicial<\/strong><\/a>, em a\u00e7\u00e3o proposta pela Promotoria de Defesa do Patrim\u00f4nio P\u00fablico (Prodep). Mas o prazo de tr\u00eas anos de suspens\u00e3o dos direitos pol\u00edticos venceu. Agora ele est\u00e1 apto a voltar \u00e0 equipe de Ibaneis Rocha.<\/p>\n<h2><strong>S\u00f3 papos<\/strong><\/h2>\n<blockquote><p>\n\u201cGastaram, desperdi\u00e7aram e deixaram roubar. Agora querem CPMF? Incompetentes, incapazes, perdul\u00e1rios\u201d<\/p><\/blockquote>\n<p style=\"text-align: right\"><strong>Ministro-chefe da Casa Civil da Presid\u00eancia da Rep\u00fablica, Onyx Lorenzoni, em postagem nas redes sociais de janeiro de 2016 relembrada agora<\/strong><\/p>\n<blockquote><p>\n\u201cA internet n\u00e3o perdoa&#8230;\u201d<\/p><\/blockquote>\n<p style=\"text-align: right\"><strong>Ex-secret\u00e1rio de Educa\u00e7\u00e3o do DF Rafael Parente, sentido-se liberado para criticar o governo Bolsonaro agora que est\u00e1 fora do GDF<\/strong><\/p>\n","protected":false},"excerpt":{"rendered":"<p>Coluna Eixo Capital\/Por Ana Maria Campos H\u00e1 um desconforto entre desembargadores em rela\u00e7\u00e3o aos rumos na defini\u00e7\u00e3o dos candidatos para a vaga da OAB-DF no quinto constitucional do Tribunal de Justi\u00e7a do DF. A Justi\u00e7a suspendeu a homologa\u00e7\u00e3o da lista s\u00eaxtupla eleita pela classe em decorr\u00eancia de contesta\u00e7\u00f5es \u00e0 candidatura da diretora-presidente da Ag\u00eancia Nacional de \u00c1guas (ANA), Christianne Dias. [&hellip;]<\/p>\n","protected":false},"author":9,"featured_media":6287,"comment_status":"open","ping_status":"closed","sticky":false,"template":"","format":"standard","meta":{"footnotes":""},"categories":[234],"tags":[],"class_list":["post-16532","post","type-post","status-publish","format-standard","has-post-thumbnail","hentry","category-cb-poder"],"_links":{"self":[{"href":"https:\/\/blogs.correiobraziliense.com.br\/cbpoder\/wp-json\/wp\/v2\/posts\/16532","targetHints":{"allow":["GET"]}}],"collection":[{"href":"https:\/\/blogs.correiobraziliense.com.br\/cbpoder\/wp-json\/wp\/v2\/posts"}],"about":[{"href":"https:\/\/blogs.correiobraziliense.com.br\/cbpoder\/wp-json\/wp\/v2\/types\/post"}],"author":[{"embeddable":true,"href":"https:\/\/blogs.correiobraziliense.com.br\/cbpoder\/wp-json\/wp\/v2\/users\/9"}],"replies":[{"embeddable":true,"href":"https:\/\/blogs.correiobraziliense.com.br\/cbpoder\/wp-json\/wp\/v2\/comments?post=16532"}],"version-history":[{"count":1,"href":"https:\/\/blogs.correiobraziliense.com.br\/cbpoder\/wp-json\/wp\/v2\/posts\/16532\/revisions"}],"predecessor-version":[{"id":16534,"href":"https:\/\/blogs.correiobraziliense.com.br\/cbpoder\/wp-json\/wp\/v2\/posts\/16532\/revisions\/16534"}],"wp:featuredmedia":[{"embeddable":true,"href":"https:\/\/blogs.correiobraziliense.com.br\/cbpoder\/wp-json\/wp\/v2\/media\/6287"}],"wp:attachment":[{"href":"https:\/\/blogs.correiobraziliense.com.br\/cbpoder\/wp-json\/wp\/v2\/media?parent=16532"}],"wp:term":[{"taxonomy":"category","embeddable":true,"href":"https:\/\/blogs.correiobraziliense.com.br\/cbpoder\/wp-json\/wp\/v2\/categories?post=16532"},{"taxonomy":"post_tag","embeddable":true,"href":"https:\/\/blogs.correiobraziliense.com.br\/cbpoder\/wp-json\/wp\/v2\/tags?post=16532"}],"curies":[{"name":"wp","href":"https:\/\/api.w.org\/{rel}","templated":true}]}}