{"id":16520,"date":"2019-09-11T14:57:20","date_gmt":"2019-09-11T17:57:20","guid":{"rendered":"https:\/\/blogs.correiobraziliense.com.br\/cbpoder\/?p=16520"},"modified":"2019-09-11T14:57:20","modified_gmt":"2019-09-11T17:57:20","slug":"reguffe-se-filia-ao-podemos","status":"publish","type":"post","link":"https:\/\/blogs.correiobraziliense.com.br\/cbpoder\/reguffe-se-filia-ao-podemos\/","title":{"rendered":"Reguffe se filia ao Podemos"},"content":{"rendered":"<h5>ANA MARIA CAMPOS<\/h5>\n<p>O senador Jos\u00e9 Ant\u00f4nio Reguffe (DF) aceitou hoje (11\/09) convite para se filiar ao Podemos.<\/p>\n<p>&nbsp;<\/p>\n<p>Sem partido h\u00e1 tr\u00eas anos, Reguffe conversou com o senador Alvaro Dias (PR), presidente nacional da legenda, e acertou os detalhes.<\/p>\n<p>&nbsp;<\/p>\n<p>Reguffe explica: \u201cO partido me deu liberdade total de voz e voto para continuar representando com dignidade quem votou em mim. Precisamos construir uma alternativa de centro, mas n\u00e3o desse centro fisiol\u00f3gico, de toma l\u00e1, d\u00e1 c\u00e1, do centr\u00e3o e sim de um centro democr\u00e1tico\u201d.<\/p>\n","protected":false},"excerpt":{"rendered":"<p>ANA MARIA CAMPOS O senador Jos\u00e9 Ant\u00f4nio Reguffe (DF) aceitou hoje (11\/09) convite para se filiar ao Podemos. &nbsp; Sem partido h\u00e1 tr\u00eas anos, Reguffe conversou com o senador Alvaro Dias (PR), presidente nacional da legenda, e acertou os detalhes. &nbsp; Reguffe explica: \u201cO partido me deu liberdade total de voz e voto para continuar representando com dignidade quem votou [&hellip;]<\/p>\n","protected":false},"author":9,"featured_media":5732,"comment_status":"open","ping_status":"closed","sticky":false,"template":"","format":"standard","meta":{"footnotes":""},"categories":[234],"tags":[],"class_list":["post-16520","post","type-post","status-publish","format-standard","has-post-thumbnail","hentry","category-cb-poder"],"_links":{"self":[{"href":"https:\/\/blogs.correiobraziliense.com.br\/cbpoder\/wp-json\/wp\/v2\/posts\/16520","targetHints":{"allow":["GET"]}}],"collection":[{"href":"https:\/\/blogs.correiobraziliense.com.br\/cbpoder\/wp-json\/wp\/v2\/posts"}],"about":[{"href":"https:\/\/blogs.correiobraziliense.com.br\/cbpoder\/wp-json\/wp\/v2\/types\/post"}],"author":[{"embeddable":true,"href":"https:\/\/blogs.correiobraziliense.com.br\/cbpoder\/wp-json\/wp\/v2\/users\/9"}],"replies":[{"embeddable":true,"href":"https:\/\/blogs.correiobraziliense.com.br\/cbpoder\/wp-json\/wp\/v2\/comments?post=16520"}],"version-history":[{"count":1,"href":"https:\/\/blogs.correiobraziliense.com.br\/cbpoder\/wp-json\/wp\/v2\/posts\/16520\/revisions"}],"predecessor-version":[{"id":16521,"href":"https:\/\/blogs.correiobraziliense.com.br\/cbpoder\/wp-json\/wp\/v2\/posts\/16520\/revisions\/16521"}],"wp:featuredmedia":[{"embeddable":true,"href":"https:\/\/blogs.correiobraziliense.com.br\/cbpoder\/wp-json\/wp\/v2\/media\/5732"}],"wp:attachment":[{"href":"https:\/\/blogs.correiobraziliense.com.br\/cbpoder\/wp-json\/wp\/v2\/media?parent=16520"}],"wp:term":[{"taxonomy":"category","embeddable":true,"href":"https:\/\/blogs.correiobraziliense.com.br\/cbpoder\/wp-json\/wp\/v2\/categories?post=16520"},{"taxonomy":"post_tag","embeddable":true,"href":"https:\/\/blogs.correiobraziliense.com.br\/cbpoder\/wp-json\/wp\/v2\/tags?post=16520"}],"curies":[{"name":"wp","href":"https:\/\/api.w.org\/{rel}","templated":true}]}}