{"id":16508,"date":"2019-09-11T12:30:06","date_gmt":"2019-09-11T15:30:06","guid":{"rendered":"https:\/\/blogs.correiobraziliense.com.br\/cbpoder\/?p=16508"},"modified":"2019-09-11T12:46:14","modified_gmt":"2019-09-11T15:46:14","slug":"ibaneis-cria-secretaria-da-pessoa-com-deficiencia-e-nomeia-iolando","status":"publish","type":"post","link":"https:\/\/blogs.correiobraziliense.com.br\/cbpoder\/ibaneis-cria-secretaria-da-pessoa-com-deficiencia-e-nomeia-iolando\/","title":{"rendered":"Ibaneis cria Secretaria da Pessoa com Defici\u00eancia e nomeia distrital Iolando Almeida"},"content":{"rendered":"<p>O governador Ibaneis Rocha (MDB) sancionou, na manh\u00e3 desta quarta-feira (11\/9), o Projeto de Lei que cria a Secretaria da Pessoa com Defici\u00eancia. Para comandar a pasta, o escolhido foi o deputado distrital Iolando Almeida (PSC), que milita na \u00e1rea h\u00e1 anos. No lugar de Iolando na C\u00e2mara Legislativa, entra Daniel\u00a0de\u00a0Castro\u00a0(PSC).<\/p>\n<p>A ideia foi gestada nos \u00faltimos meses e agora sai oficialmente do papel. A proposta \u00e9 uma reivindica\u00e7\u00e3o antiga de entidades e associa\u00e7\u00f5es voltadas para o cuidado de pessoas com\u00a0defici\u00eancia\u00a0e\u00a0j\u00e1\u00a0existe\u00a0em\u00a0outras\u00a0unidades\u00a0da\u00a0federa\u00e7\u00e3o,\u00a0como\u00a0S\u00e3o\u00a0Paulo,\u00a0Rio\u00a0de\u00a0Janeiro\u00a0e\u00a0Amazonas. &#8220;\u00c9\u00a0um\u00a0momento\u00a0marcante na hist\u00f3ria do DF para n\u00f3s pessoas com defici\u00eancia e para aqueles que acreditaram um dia seria poss\u00edvel alcan\u00e7ar esse sonho&#8221;, disse Iolando.<\/p>\n<p>A pasta ficar\u00e1 respons\u00e1vel por garantir atua\u00e7\u00e3o relacionada \u00e0s pol\u00edticas p\u00fablicas e a\u00e7\u00f5es voltadas \u00e0s pessoas com defici\u00eancia. Tamb\u00e9m ter\u00e1 a obriga\u00e7\u00e3o de fiscalizar o cumprimento do$ direitos das pessoas com defici\u00eancia e dos princ\u00edpios estabelecidos pela Pol\u00edtica Distrital para Integra\u00e7\u00e3o da Pessoa com Defici\u00eancia.<\/p>\n<p>O\u00a0governador\u00a0destacou\u00a0que\u00a0pretende\u00a0iniciar\u00a0projetos\u00a0de\u00a0mobilidade\u00a0e\u00a0habita\u00e7\u00e3o\u00a0para\u00a0pessoas\u00a0com\u00a0defici\u00eancia. &#8220;Esse\u00a0\u00e9\u00a0o\u00a0primeiro\u00a0passo\u00a0para\u00a0darmos\u00a0mais\u00a0apoio\u00a0para\u00a0essas\u00a0pessoas.&#8221;<\/p>\n<p>&#8220;Passaram-se muitos governos e ningu\u00e9m conseguiu construir a secretaria, n\u00e3o por falta de necessidade, porque somos 650 mil pessoas com defici\u00eancia no DF&#8221;, destacou Iolando.<\/p>\n<p>Ele ressaltou tamb\u00e9m o desafio de criar uma nova secretaria e montar toda a estrutura para a pasta. &#8220;\u00c9 um desafio assumir essa secretaria que tamb\u00e9m \u00e9 um pouco deficiente, porque\u00a0ainda n\u00e3o tem pernas, bra\u00e7os, nada. E n\u00f3s teremos que fazer tudo isso&#8221;, disse.<\/p>\n<p>O governador, no entanto, destacou que a estrutura ser\u00e1 montada com sede, ve\u00edculos e funcion\u00e1rios. Inicialmente, a Secretaria funcionar\u00e1 na Biblioteca Nacional e ter\u00e1 pontos nas esta\u00e7\u00f5es de metr\u00f4, segundo Ibaneis. &#8220;Queremos transformar Bras\u00edlia na capital mundial da acessibilidade.&#8221;<\/p>\n","protected":false},"excerpt":{"rendered":"<p>O governador Ibaneis Rocha (MDB) sancionou, na manh\u00e3 desta quarta-feira (11\/9), o Projeto de Lei que cria a Secretaria da Pessoa com Defici\u00eancia. Para comandar a pasta, o escolhido foi o deputado distrital Iolando Almeida (PSC), que milita na \u00e1rea h\u00e1 anos. No lugar de Iolando na C\u00e2mara Legislativa, entra Daniel\u00a0de\u00a0Castro\u00a0(PSC). A ideia foi gestada nos \u00faltimos meses e agora [&hellip;]<\/p>\n","protected":false},"author":75,"featured_media":14934,"comment_status":"open","ping_status":"closed","sticky":false,"template":"","format":"standard","meta":{"footnotes":""},"categories":[234],"tags":[],"class_list":["post-16508","post","type-post","status-publish","format-standard","has-post-thumbnail","hentry","category-cb-poder"],"_links":{"self":[{"href":"https:\/\/blogs.correiobraziliense.com.br\/cbpoder\/wp-json\/wp\/v2\/posts\/16508","targetHints":{"allow":["GET"]}}],"collection":[{"href":"https:\/\/blogs.correiobraziliense.com.br\/cbpoder\/wp-json\/wp\/v2\/posts"}],"about":[{"href":"https:\/\/blogs.correiobraziliense.com.br\/cbpoder\/wp-json\/wp\/v2\/types\/post"}],"author":[{"embeddable":true,"href":"https:\/\/blogs.correiobraziliense.com.br\/cbpoder\/wp-json\/wp\/v2\/users\/75"}],"replies":[{"embeddable":true,"href":"https:\/\/blogs.correiobraziliense.com.br\/cbpoder\/wp-json\/wp\/v2\/comments?post=16508"}],"version-history":[{"count":8,"href":"https:\/\/blogs.correiobraziliense.com.br\/cbpoder\/wp-json\/wp\/v2\/posts\/16508\/revisions"}],"predecessor-version":[{"id":16518,"href":"https:\/\/blogs.correiobraziliense.com.br\/cbpoder\/wp-json\/wp\/v2\/posts\/16508\/revisions\/16518"}],"wp:featuredmedia":[{"embeddable":true,"href":"https:\/\/blogs.correiobraziliense.com.br\/cbpoder\/wp-json\/wp\/v2\/media\/14934"}],"wp:attachment":[{"href":"https:\/\/blogs.correiobraziliense.com.br\/cbpoder\/wp-json\/wp\/v2\/media?parent=16508"}],"wp:term":[{"taxonomy":"category","embeddable":true,"href":"https:\/\/blogs.correiobraziliense.com.br\/cbpoder\/wp-json\/wp\/v2\/categories?post=16508"},{"taxonomy":"post_tag","embeddable":true,"href":"https:\/\/blogs.correiobraziliense.com.br\/cbpoder\/wp-json\/wp\/v2\/tags?post=16508"}],"curies":[{"name":"wp","href":"https:\/\/api.w.org\/{rel}","templated":true}]}}