{"id":16471,"date":"2019-09-09T07:55:36","date_gmt":"2019-09-09T10:55:36","guid":{"rendered":"https:\/\/blogs.correiobraziliense.com.br\/cbpoder\/?p=16471"},"modified":"2019-09-09T07:55:36","modified_gmt":"2019-09-09T10:55:36","slug":"veja-o-que-pensa-a-candidata-a-vaga-de-desembargadora-do-tjdft-roberta-batista-de-queiroz","status":"publish","type":"post","link":"https:\/\/blogs.correiobraziliense.com.br\/cbpoder\/veja-o-que-pensa-a-candidata-a-vaga-de-desembargadora-do-tjdft-roberta-batista-de-queiroz\/","title":{"rendered":"Veja o que pensa a candidata \u00e0 vaga de desembargadora do TJDFT Roberta Batista de Queiroz"},"content":{"rendered":"<h6>Coluna Eixo Capital<\/h6>\n<h2>\n<em><strong>\u00c0 QUEIMA-ROUPA<\/strong><\/em><\/h2>\n<p>Roberta Batista de Queiroz<\/p>\n<p>Candidata \u00e0 vaga de desembargadora do Tribunal de Justi\u00e7a do DF<\/p>\n<p><strong>Qual deve ser o papel de um magistrado oriundo da advocacia?<\/strong><\/p>\n<p>O advogado que ocupar a vaga destinada ao quinto constitucional da advocacia deve ter em mente que pode unir a experi\u00eancia de vida que a advocacia proporciona ao desempenho da fun\u00e7\u00e3o de magistrado, sempre com objetivo de presta\u00e7\u00e3o de uma tutela justa, efetiva e adequada.<\/p>\n<p><strong>Qual \u00e9 a sua opini\u00e3o sobre a lei de abuso de autoridade como foi aprovada no Congresso?<\/strong><\/p>\n<p>Acredito que o abuso de autoridade deve ser controlado com proporcionalidade e razoabilidade, o que j\u00e1 existe no ordenamento jur\u00eddico. N\u00e3o pode haver preju\u00edzo no exerc\u00edcio das fun\u00e7\u00f5es dos ju\u00edzes, promotores, policiais e outras autoridades, como forma de garantir o pr\u00f3prio fundamento de tais fun\u00e7\u00f5es. O tema ainda est\u00e1 em fase de debates e \u00e9 conveniente verificar como ficar\u00e1 o texto definitivo para forma\u00e7\u00e3o de opini\u00f5es.<\/p>\n<p><strong>Por que se considera apta a exercer a magistratura?<\/strong><\/p>\n<p>Com o exerc\u00edcio efetivo da advocacia e constante qualifica\u00e7\u00e3o aliada ao conv\u00edvio acad\u00eamico, adquiri uma viv\u00eancia na qual acredito que possa transcender para uma contribui\u00e7\u00e3o mais alentada da entrega de uma tutela jurisdicional justa e atenciosa. Carrego o sentimento de grandiosidade e import\u00e2ncia de um judici\u00e1rio dedicado \u00e0 solu\u00e7\u00e3o dos conflitos, mas, mais que isso, dedicado \u00e0 jurisdi\u00e7\u00e3o em si que, al\u00e9m de resolver conflitos de interesses, promove a pacifica\u00e7\u00e3o da sociedade.<\/p>\n<p><strong>H\u00e1 uma s\u00e9rie de questionamentos e pol\u00eamicas atualmente sobre a atua\u00e7\u00e3o da Justi\u00e7a no Brasil. Como a senhora avalia esse ambiente?<\/strong><\/p>\n<p>Hoje vivemos um momento em que o judici\u00e1rio est\u00e1 em constante evid\u00eancia, seja pelo cen\u00e1rio nacional pol\u00edtico, econ\u00f4mico, social ou jur\u00eddico, seja pela facilita\u00e7\u00e3o de acesso do jurisdicionado \u00e0 solu\u00e7\u00e3o dos seus conflitos. A fun\u00e7\u00e3o jurisdicional est\u00e1 mais alcan\u00e7\u00e1vel e dispon\u00edvel. Assim, a voga em que se encontra a imagem do judici\u00e1rio \u00e9 por for\u00e7a dessa facilita\u00e7\u00e3o de acesso e \u00e9 natural a participa\u00e7\u00e3o mais intensa dos jurisdicionados e, consequentemente, uma maior fiscaliza\u00e7\u00e3o dos cidad\u00e3os.<\/p>\n<p><strong>Fala-se muito que o Brasil passa por um momento em que a democracia est\u00e1 amea\u00e7ada diante de tanta polariza\u00e7\u00e3o&#8230; A senhora acredita nisso? E de que maneira a Justi\u00e7a pode ajudar nesse sentido?<\/strong><\/p>\n<p>N\u00e3o acredito que haja amea\u00e7a \u00e0 democracia; acredito que, justamente por for\u00e7a dessa democracia, haja participa\u00e7\u00e3o mais tenra e efetiva das pessoas em suas opini\u00f5es e cren\u00e7as; isso \u00e9 ponto de fortalecimento. O judici\u00e1rio vem como forma de pondera\u00e7\u00e3o e controle dos excessos.<\/p>\n<p><strong><em>2.359 votos na consulta feita aos advogados; 11,77% dos votos v\u00e1lidos<\/em> <\/strong><\/p>\n","protected":false},"excerpt":{"rendered":"<p>Coluna Eixo Capital \u00c0 QUEIMA-ROUPA Roberta Batista de Queiroz Candidata \u00e0 vaga de desembargadora do Tribunal de Justi\u00e7a do DF Qual deve ser o papel de um magistrado oriundo da advocacia? O advogado que ocupar a vaga destinada ao quinto constitucional da advocacia deve ter em mente que pode unir a experi\u00eancia de vida que a advocacia proporciona ao desempenho [&hellip;]<\/p>\n","protected":false},"author":9,"featured_media":16472,"comment_status":"open","ping_status":"closed","sticky":false,"template":"","format":"standard","meta":{"footnotes":""},"categories":[234],"tags":[],"class_list":["post-16471","post","type-post","status-publish","format-standard","has-post-thumbnail","hentry","category-cb-poder"],"_links":{"self":[{"href":"https:\/\/blogs.correiobraziliense.com.br\/cbpoder\/wp-json\/wp\/v2\/posts\/16471","targetHints":{"allow":["GET"]}}],"collection":[{"href":"https:\/\/blogs.correiobraziliense.com.br\/cbpoder\/wp-json\/wp\/v2\/posts"}],"about":[{"href":"https:\/\/blogs.correiobraziliense.com.br\/cbpoder\/wp-json\/wp\/v2\/types\/post"}],"author":[{"embeddable":true,"href":"https:\/\/blogs.correiobraziliense.com.br\/cbpoder\/wp-json\/wp\/v2\/users\/9"}],"replies":[{"embeddable":true,"href":"https:\/\/blogs.correiobraziliense.com.br\/cbpoder\/wp-json\/wp\/v2\/comments?post=16471"}],"version-history":[{"count":1,"href":"https:\/\/blogs.correiobraziliense.com.br\/cbpoder\/wp-json\/wp\/v2\/posts\/16471\/revisions"}],"predecessor-version":[{"id":16473,"href":"https:\/\/blogs.correiobraziliense.com.br\/cbpoder\/wp-json\/wp\/v2\/posts\/16471\/revisions\/16473"}],"wp:featuredmedia":[{"embeddable":true,"href":"https:\/\/blogs.correiobraziliense.com.br\/cbpoder\/wp-json\/wp\/v2\/media\/16472"}],"wp:attachment":[{"href":"https:\/\/blogs.correiobraziliense.com.br\/cbpoder\/wp-json\/wp\/v2\/media?parent=16471"}],"wp:term":[{"taxonomy":"category","embeddable":true,"href":"https:\/\/blogs.correiobraziliense.com.br\/cbpoder\/wp-json\/wp\/v2\/categories?post=16471"},{"taxonomy":"post_tag","embeddable":true,"href":"https:\/\/blogs.correiobraziliense.com.br\/cbpoder\/wp-json\/wp\/v2\/tags?post=16471"}],"curies":[{"name":"wp","href":"https:\/\/api.w.org\/{rel}","templated":true}]}}