{"id":16442,"date":"2019-09-05T12:43:07","date_gmt":"2019-09-05T15:43:07","guid":{"rendered":"https:\/\/blogs.correiobraziliense.com.br\/cbpoder\/?p=16442"},"modified":"2019-09-05T16:08:48","modified_gmt":"2019-09-05T19:08:48","slug":"por-mim-fica-diz-ibaneis-sobre-secretario-de-seguranca-cotado-para-direcao-da-pf","status":"publish","type":"post","link":"https:\/\/blogs.correiobraziliense.com.br\/cbpoder\/por-mim-fica-diz-ibaneis-sobre-secretario-de-seguranca-cotado-para-direcao-da-pf\/","title":{"rendered":"\u201cPor mim, fica\u201d, diz Ibaneis sobre secret\u00e1rio de Seguran\u00e7a, cotado para dire\u00e7\u00e3o da Pol\u00edcia Federal"},"content":{"rendered":"<p>O governador Ibaneis Rocha (MDB) deixou clara, nesta quinta-feira (5\/9), a vontade de que o secret\u00e1rio de Seguran\u00e7a P\u00fablica do DF, Anderson Torres, continue no carg<a href=\"https:\/\/blogs.correiobraziliense.com.br\/cbpoder\/amigo-de-flavio-bolsonaro-secretario-de-seguranca-do-df-e-cotado-para-direcao-geral-da-pf\/\">o. O chefe da pasta \u00e9 um dos nomes cotados para assumir a dire\u00e7\u00e3o da Pol\u00edcia Federal<\/a>. \u201cIsso depende dele e do presidente da Rep\u00fablica, mas, por mim, ele fica\u201d, afirmou Ibaneis.<\/p>\n<p>Em entrevista recente \u00e0 <em>Folha de S.Paulo<\/em>, o presidente Jair Bolsonaro defendeu mudan\u00e7as na Pol\u00edcia Federal e n\u00e3o descartou nomear Anderson, que \u00e9 delegado, para a dire\u00e7\u00e3o-geral. Torres \u00e9 amigo dos filhos do presidente, Fl\u00e1vio e Eduardo Bolsonaro, e manteve durante anos uma boa rela\u00e7\u00e3o com o pr\u00f3prio Jair Bolsonaro, quando exercia a fun\u00e7\u00e3o de chefe de gabinete do deputado Fernando Francischini, hoje deputado estadual pelo PSL no Paran\u00e1.<\/p>\n<p>A declara\u00e7\u00e3o de Ibaneis foi feita em solenidade para anunciar um pacote de medidas voltadas para a Seguran\u00e7a P\u00fablica no DF, <a href=\"http:\/\/bit.ly\/2k4UujO\">como a autoriza\u00e7\u00e3o de concurso para a Pol\u00edcia Civil<\/a>. Durante o discurso, Ibaneis tamb\u00e9m falou sobre Torres. &#8220;Anderson Torres, meu secret\u00e1rio de seguran\u00e7a. E espero que continue sendo, apesar das investidas&#8221;, disse o governador, ao cumprimentar o secret\u00e1rio. Discreto, Torres chegou ao evento instantes antes do in\u00edcio da cerim\u00f4nia e deixou o local rapidamente, sem falar com a imprensa.<\/p>\n<p>&nbsp;<\/p>\n","protected":false},"excerpt":{"rendered":"<p>O governador Ibaneis Rocha (MDB) deixou clara, nesta quinta-feira (5\/9), a vontade de que o secret\u00e1rio de Seguran\u00e7a P\u00fablica do DF, Anderson Torres, continue no cargo. O chefe da pasta \u00e9 um dos nomes cotados para assumir a dire\u00e7\u00e3o da Pol\u00edcia Federal. \u201cIsso depende dele e do presidente da Rep\u00fablica, mas, por mim, ele fica\u201d, afirmou Ibaneis. Em entrevista recente [&hellip;]<\/p>\n","protected":false},"author":75,"featured_media":16453,"comment_status":"open","ping_status":"closed","sticky":false,"template":"","format":"standard","meta":{"footnotes":""},"categories":[6],"tags":[],"class_list":["post-16442","post","type-post","status-publish","format-standard","has-post-thumbnail","hentry","category-noticias"],"_links":{"self":[{"href":"https:\/\/blogs.correiobraziliense.com.br\/cbpoder\/wp-json\/wp\/v2\/posts\/16442","targetHints":{"allow":["GET"]}}],"collection":[{"href":"https:\/\/blogs.correiobraziliense.com.br\/cbpoder\/wp-json\/wp\/v2\/posts"}],"about":[{"href":"https:\/\/blogs.correiobraziliense.com.br\/cbpoder\/wp-json\/wp\/v2\/types\/post"}],"author":[{"embeddable":true,"href":"https:\/\/blogs.correiobraziliense.com.br\/cbpoder\/wp-json\/wp\/v2\/users\/75"}],"replies":[{"embeddable":true,"href":"https:\/\/blogs.correiobraziliense.com.br\/cbpoder\/wp-json\/wp\/v2\/comments?post=16442"}],"version-history":[{"count":5,"href":"https:\/\/blogs.correiobraziliense.com.br\/cbpoder\/wp-json\/wp\/v2\/posts\/16442\/revisions"}],"predecessor-version":[{"id":16449,"href":"https:\/\/blogs.correiobraziliense.com.br\/cbpoder\/wp-json\/wp\/v2\/posts\/16442\/revisions\/16449"}],"wp:featuredmedia":[{"embeddable":true,"href":"https:\/\/blogs.correiobraziliense.com.br\/cbpoder\/wp-json\/wp\/v2\/media\/16453"}],"wp:attachment":[{"href":"https:\/\/blogs.correiobraziliense.com.br\/cbpoder\/wp-json\/wp\/v2\/media?parent=16442"}],"wp:term":[{"taxonomy":"category","embeddable":true,"href":"https:\/\/blogs.correiobraziliense.com.br\/cbpoder\/wp-json\/wp\/v2\/categories?post=16442"},{"taxonomy":"post_tag","embeddable":true,"href":"https:\/\/blogs.correiobraziliense.com.br\/cbpoder\/wp-json\/wp\/v2\/tags?post=16442"}],"curies":[{"name":"wp","href":"https:\/\/api.w.org\/{rel}","templated":true}]}}