{"id":16436,"date":"2019-09-05T08:10:16","date_gmt":"2019-09-05T11:10:16","guid":{"rendered":"https:\/\/blogs.correiobraziliense.com.br\/cbpoder\/?p=16436"},"modified":"2019-09-05T08:10:16","modified_gmt":"2019-09-05T11:10:16","slug":"amigo-de-flavio-bolsonaro-secretario-de-seguranca-do-df-e-cotado-para-direcao-geral-da-pf","status":"publish","type":"post","link":"https:\/\/blogs.correiobraziliense.com.br\/cbpoder\/amigo-de-flavio-bolsonaro-secretario-de-seguranca-do-df-e-cotado-para-direcao-geral-da-pf\/","title":{"rendered":"Amigo de Fl\u00e1vio Bolsonaro, secret\u00e1rio de Seguran\u00e7a do DF \u00e9 cotado para dire\u00e7\u00e3o-geral da PF"},"content":{"rendered":"<h6><strong>Coluna Eixo Capital\/Por Ana Maria Campos e Alexandre de Paula<\/strong><\/h6>\n<p>O secret\u00e1rio de Seguran\u00e7a P\u00fablica do DF, Anderson Torres, passou o dia ontem respondendo questionamentos sobre uma suposta mudan\u00e7a de cargo. Em entrevista \u00e0 <em>Folha de S.Paulo<\/em>, o presidente Jair Bolsonaro defendeu mudan\u00e7as na Pol\u00edcia Federal e n\u00e3o descartou nomear Anderson, que \u00e9 delegado, para a dire\u00e7\u00e3o-geral.<\/p>\n<p>N\u00e3o houve um convite oficial, mas ele j\u00e1 esteve cotado algumas vezes. \u00c9 amigo dos filhos, 01 e 03, Fl\u00e1vio e Eduardo Bolsonaro, do presidente e manteve durante anos uma boa rela\u00e7\u00e3o com o pr\u00f3prio Jair Bolsonaro, quando exercia a fun\u00e7\u00e3o de chefe de gabinete do deputado Fernando Francischini, hoje deputado estadual pelo PSL no Paran\u00e1.<\/p>\n<h2><strong>UTIs humanizadas<\/strong><\/h2>\n<p>O Di\u00e1rio da C\u00e2mara Legislativa publicou ontem a Lei 6.366, de autoria do deputado Leandro Grass (Rede), que permite a perman\u00eancia de acompanhantes a pacientes internados nas Unidades de Terapia Intensiva (UTIs) de hospitais, UPAs e maternidades p\u00fablicas e privadas do Distrito Federal. O texto entra em vigor em at\u00e9 90 dias a partir da publica\u00e7\u00e3o. Esse \u00e9 considerado um avan\u00e7o na humaniza\u00e7\u00e3o das UTIs.<\/p>\n<h2>\n<strong>Secretaria de Mobilidade aumenta tarifa para Pioneira<\/strong><\/h2>\n<p>A Secretaria de Transporte e Mobilidade concedeu reajuste \u00e0 tarifa t\u00e9cnica para as linhas operadas pela Pioneira, empresa do grupo Constantino. A medida n\u00e3o se reflete na tarifa cobrada do passageiro de \u00f4nibus, mas todos os contribuintes pagam, porque o GDF repassar\u00e1 \u00e0 concession\u00e1ria mais recursos p\u00fablicos por usu\u00e1rio transportado.<\/p>\n<blockquote><p>\n\u201c(O governador de S\u00e3o Paulo, Jo\u00e3o Doria (PSDB), n\u00e3o tem chance nas elei\u00e7\u00f5es presidenciais de 2022) porque \u00e9 uma &#8220;ejacula\u00e7\u00e3o precoce&#8221;<\/p><\/blockquote>\n<p style=\"text-align: right\"><strong>Presidente Jair Bolsonaro<\/strong><\/p>\n<blockquote><p>\u201cO Lula tamb\u00e9m falava isso em 2016, quando eu me apresentei como pr\u00e9candidato do PSDB \u00e0s pr\u00e9vias do meu partido. E, para tristeza do ex-presidente e hoje presidi\u00e1rio Lula, eu n\u00e3o s\u00f3 ganhei as elei\u00e7\u00f5es na capital como ganhei no primeiro turno do Fernando Haddad, que era ent\u00e3o o candidato que o Lula carregava no colo e dizia que seria facilmente reeleito\u201d<\/p><\/blockquote>\n<p style=\"text-align: right\"><strong>Governador de S\u00e3o Paulo, Jo\u00e3o Doria (PSDB)<\/strong><\/p>\n","protected":false},"excerpt":{"rendered":"<p>Coluna Eixo Capital\/Por Ana Maria Campos e Alexandre de Paula O secret\u00e1rio de Seguran\u00e7a P\u00fablica do DF, Anderson Torres, passou o dia ontem respondendo questionamentos sobre uma suposta mudan\u00e7a de cargo. Em entrevista \u00e0 Folha de S.Paulo, o presidente Jair Bolsonaro defendeu mudan\u00e7as na Pol\u00edcia Federal e n\u00e3o descartou nomear Anderson, que \u00e9 delegado, para a dire\u00e7\u00e3o-geral. N\u00e3o houve um [&hellip;]<\/p>\n","protected":false},"author":9,"featured_media":16437,"comment_status":"open","ping_status":"closed","sticky":false,"template":"","format":"standard","meta":{"footnotes":""},"categories":[234],"tags":[1558,343],"class_list":["post-16436","post","type-post","status-publish","format-standard","has-post-thumbnail","hentry","category-cb-poder","tag-anderson-torres","tag-policia-federal"],"_links":{"self":[{"href":"https:\/\/blogs.correiobraziliense.com.br\/cbpoder\/wp-json\/wp\/v2\/posts\/16436","targetHints":{"allow":["GET"]}}],"collection":[{"href":"https:\/\/blogs.correiobraziliense.com.br\/cbpoder\/wp-json\/wp\/v2\/posts"}],"about":[{"href":"https:\/\/blogs.correiobraziliense.com.br\/cbpoder\/wp-json\/wp\/v2\/types\/post"}],"author":[{"embeddable":true,"href":"https:\/\/blogs.correiobraziliense.com.br\/cbpoder\/wp-json\/wp\/v2\/users\/9"}],"replies":[{"embeddable":true,"href":"https:\/\/blogs.correiobraziliense.com.br\/cbpoder\/wp-json\/wp\/v2\/comments?post=16436"}],"version-history":[{"count":1,"href":"https:\/\/blogs.correiobraziliense.com.br\/cbpoder\/wp-json\/wp\/v2\/posts\/16436\/revisions"}],"predecessor-version":[{"id":16438,"href":"https:\/\/blogs.correiobraziliense.com.br\/cbpoder\/wp-json\/wp\/v2\/posts\/16436\/revisions\/16438"}],"wp:featuredmedia":[{"embeddable":true,"href":"https:\/\/blogs.correiobraziliense.com.br\/cbpoder\/wp-json\/wp\/v2\/media\/16437"}],"wp:attachment":[{"href":"https:\/\/blogs.correiobraziliense.com.br\/cbpoder\/wp-json\/wp\/v2\/media?parent=16436"}],"wp:term":[{"taxonomy":"category","embeddable":true,"href":"https:\/\/blogs.correiobraziliense.com.br\/cbpoder\/wp-json\/wp\/v2\/categories?post=16436"},{"taxonomy":"post_tag","embeddable":true,"href":"https:\/\/blogs.correiobraziliense.com.br\/cbpoder\/wp-json\/wp\/v2\/tags?post=16436"}],"curies":[{"name":"wp","href":"https:\/\/api.w.org\/{rel}","templated":true}]}}