{"id":16433,"date":"2019-09-04T08:19:32","date_gmt":"2019-09-04T11:19:32","guid":{"rendered":"https:\/\/blogs.correiobraziliense.com.br\/cbpoder\/?p=16433"},"modified":"2019-09-04T08:19:32","modified_gmt":"2019-09-04T11:19:32","slug":"veja-o-que-pensa-o-candidato-a-vaga-de-desembargador-do-tjdft-jose-rui-carneiro","status":"publish","type":"post","link":"https:\/\/blogs.correiobraziliense.com.br\/cbpoder\/veja-o-que-pensa-o-candidato-a-vaga-de-desembargador-do-tjdft-jose-rui-carneiro\/","title":{"rendered":"Veja o que pensa o candidato \u00e0 vaga de desembargador do TJDFT Jos\u00e9 Rui Carneiro"},"content":{"rendered":"<h6>Coluna Eixo Capital\/Por Ana Maria Campos<\/h6>\n<h2><em><strong>\u00c0 QUEIMA-ROUPA<\/strong><\/em><\/h2>\n<p><strong>Jos\u00e9 Rui Carneiro<\/strong><br \/>\nCandidato \u00e0 vaga de desembargador do TJDFT destinada \u00e0 advocacia<\/p>\n<p><strong>Qual deve ser o papel de um magistrado oriundo da advocacia?<\/strong><\/p>\n<p>O papel \u00e9 oxigenar o Tribunal com a vis\u00e3o adquirida no dia a dia da advocacia. O exerc\u00edcio da profiss\u00e3o confere essa capacidade de se colocar no lugar do outro, confere sensibilidade em rela\u00e7\u00e3o ao lit\u00edgio e sensibilidade em rela\u00e7\u00e3o \u00e0s causas. Essa experi\u00eancia facilita um olhar igualit\u00e1rio sobre os dois lados e a busca por uma decis\u00e3o sempre mais justa<\/p>\n<p><strong>Qual \u00e9 a sua opini\u00e3o sobre a lei de abuso de autoridade como foi aprovada no Congresso?<\/strong><\/p>\n<p>O exerc\u00edcio do poder por todas as autoridades est\u00e1 necessariamente submetida pelos limites da lei, mas a liberdade do exerc\u00edcio jurisdicional precisa ser garantida, sob pena de enfraquecimento do Poder Judici\u00e1rio e da pr\u00f3pria democracia. Eu acho prudente aguardar os vetos e a posi\u00e7\u00e3o do Congresso quantos a esses vetos para emitir opini\u00e3o sobre o texto definitivo.<\/p>\n<p><strong>Por que se considera apto a exercer a magistratura?<\/strong><\/p>\n<p>Depois de 39 anos de advocacia, eu adquiri o conhecimento e a experi\u00eancia necess\u00e1rios para julgar os processos. A experi\u00eancia, o conhecimento e a serenidade que consegui s\u00e3o fatores determinantes para uma correta presta\u00e7\u00e3o jurisdicional.<\/p>\n<p><strong>H\u00e1 uma s\u00e9rie de questionamentos e pol\u00eamicas atualmente sobre a atua\u00e7\u00e3o da Justi\u00e7a no Brasil. Como o senhor avalia esse ambiente?<\/strong><\/p>\n<p>Nos \u00faltimos anos, por uma s\u00e9rie de raz\u00f5es, o Poder Judici\u00e1rio foi al\u00e7ado a uma posi\u00e7\u00e3o de protagonismo na vida nacional. Por causa dessa posi\u00e7\u00e3o, decorre naturalmente o questionamento p\u00fablico em rela\u00e7\u00e3o \u00e0s atividades do Judici\u00e1rio, mas o balan\u00e7o das respostas do Judici\u00e1rio eu considero altamente positivo.<\/p>\n<p><strong>Fala-se muito que o Brasil passa por um momento em que a democracia est\u00e1 amea\u00e7ada diante de tanta polariza\u00e7\u00e3o&#8230; O senhor acredita nisso? E de que maneira a Justi\u00e7a pode ajudar nesse sentido?<\/strong><\/p>\n<p>Quando dois lados divergem, deve-se buscar o caminho justo, correto, o caminho do Judici\u00e1rio. Da\u00ed o papel imprescind\u00edvel do Justi\u00e7a em tempos de polariza\u00e7\u00e3o, observando que sempre todos est\u00e3o iguais. Mas, particularmente, n\u00e3o acredito que a democracia esteja em perigo. As nossas institui\u00e7\u00f5es s\u00e3o s\u00f3lidas.<\/p>\n","protected":false},"excerpt":{"rendered":"<p>Coluna Eixo Capital\/Por Ana Maria Campos \u00c0 QUEIMA-ROUPA Jos\u00e9 Rui Carneiro Candidato \u00e0 vaga de desembargador do TJDFT destinada \u00e0 advocacia Qual deve ser o papel de um magistrado oriundo da advocacia? O papel \u00e9 oxigenar o Tribunal com a vis\u00e3o adquirida no dia a dia da advocacia. O exerc\u00edcio da profiss\u00e3o confere essa capacidade de se colocar no lugar [&hellip;]<\/p>\n","protected":false},"author":9,"featured_media":16434,"comment_status":"open","ping_status":"closed","sticky":false,"template":"","format":"standard","meta":{"footnotes":""},"categories":[234],"tags":[],"class_list":["post-16433","post","type-post","status-publish","format-standard","has-post-thumbnail","hentry","category-cb-poder"],"_links":{"self":[{"href":"https:\/\/blogs.correiobraziliense.com.br\/cbpoder\/wp-json\/wp\/v2\/posts\/16433","targetHints":{"allow":["GET"]}}],"collection":[{"href":"https:\/\/blogs.correiobraziliense.com.br\/cbpoder\/wp-json\/wp\/v2\/posts"}],"about":[{"href":"https:\/\/blogs.correiobraziliense.com.br\/cbpoder\/wp-json\/wp\/v2\/types\/post"}],"author":[{"embeddable":true,"href":"https:\/\/blogs.correiobraziliense.com.br\/cbpoder\/wp-json\/wp\/v2\/users\/9"}],"replies":[{"embeddable":true,"href":"https:\/\/blogs.correiobraziliense.com.br\/cbpoder\/wp-json\/wp\/v2\/comments?post=16433"}],"version-history":[{"count":1,"href":"https:\/\/blogs.correiobraziliense.com.br\/cbpoder\/wp-json\/wp\/v2\/posts\/16433\/revisions"}],"predecessor-version":[{"id":16435,"href":"https:\/\/blogs.correiobraziliense.com.br\/cbpoder\/wp-json\/wp\/v2\/posts\/16433\/revisions\/16435"}],"wp:featuredmedia":[{"embeddable":true,"href":"https:\/\/blogs.correiobraziliense.com.br\/cbpoder\/wp-json\/wp\/v2\/media\/16434"}],"wp:attachment":[{"href":"https:\/\/blogs.correiobraziliense.com.br\/cbpoder\/wp-json\/wp\/v2\/media?parent=16433"}],"wp:term":[{"taxonomy":"category","embeddable":true,"href":"https:\/\/blogs.correiobraziliense.com.br\/cbpoder\/wp-json\/wp\/v2\/categories?post=16433"},{"taxonomy":"post_tag","embeddable":true,"href":"https:\/\/blogs.correiobraziliense.com.br\/cbpoder\/wp-json\/wp\/v2\/tags?post=16433"}],"curies":[{"name":"wp","href":"https:\/\/api.w.org\/{rel}","templated":true}]}}