{"id":16430,"date":"2019-09-04T08:11:03","date_gmt":"2019-09-04T11:11:03","guid":{"rendered":"https:\/\/blogs.correiobraziliense.com.br\/cbpoder\/?p=16430"},"modified":"2019-09-04T08:12:28","modified_gmt":"2019-09-04T11:12:28","slug":"indicacao-de-augusto-aras-para-pgr-favorecera-alberto-fraga","status":"publish","type":"post","link":"https:\/\/blogs.correiobraziliense.com.br\/cbpoder\/indicacao-de-augusto-aras-para-pgr-favorecera-alberto-fraga\/","title":{"rendered":"Indica\u00e7\u00e3o de Augusto Aras para PGR favorecer\u00e1 Alberto Fraga"},"content":{"rendered":"<h6><strong>Coluna Eixo Capital\/Por Ana Maria Campos<\/strong><\/h6>\n<p>Cotad\u00edssimo novamente para ser nomeado procurador-geral da Rep\u00fablica, Augusto Aras virou gato escaldado. No vai-e-vem do presidente Jair Bolsonaro, ele s\u00f3 acredita quando sair a indica\u00e7\u00e3o no Di\u00e1rio Oficial da Uni\u00e3o. Mas o jogo est\u00e1 bom para Aras. Quem ganha com isso tamb\u00e9m? O ex-deputado Alberto Fraga (DEM-DF) amigo do subprocurador-geral da Rep\u00fablica e intermedi\u00e1rio dos encontros com o presidente.<\/p>\n<h2><strong>Um chat com ele mesmo<\/strong><\/h2>\n<p>Reportagem do The Intercept Brasil, divulgada ontem em mais um cap\u00edtulo da Vaza-Jato, indica que o coordenador da for\u00e7a-tarefa da Lava-Jato em Curitiba, procurador Deltan Dellagnol, mantinha um chat no Telegram consigo mesmo, onde registrava ideias e planos, como a possibilidade de concorrer ao Senado. Quem diria que hackers conseguiriam rastrear at\u00e9 pensamentos&#8230;<\/p>\n<h2><strong>Maria Paula anuncia Pr\u00eamio Engenho<\/strong><\/h2>\n<p>A atriz, escritora e colunista do Correio Maria Paula Fidalgo, que ganhou proje\u00e7\u00e3o nacional no programa televisivo Casseta e Planeta, ser\u00e1 a mestre de cerim\u00f4nia do 16\u00ba Pr\u00eamio Engenho de Comunica\u00e7\u00e3o. Na festa desta noite, na Embaixada de Portugal, ser\u00e3o anunciados os vencedores das oito categorias de premia\u00e7\u00e3o. O Correio concorre em quatro: melhor coluna, com a Eixo Capital e o jornalista Leonardo Cavalcanti; jornal impresso; cobertura de Bras\u00edlia; e o programa de entrevistas CB.Poder, uma parceria com a TV Bras\u00edlia. O pr\u00eamio \u00e9 organizado todos os anos pela jornalista K\u00e1tia Cubel.<\/p>\n<h2><strong>Siga o dinheiro<\/strong><\/h2>\n<p><em>R$ 15.569.280<\/em><\/p>\n<p>\u00c9 o valor estimado para aquisi\u00e7\u00e3o, em preg\u00e3o eletr\u00f4nico, de cestas de alimentos para programas sociais da Secretaria de Desenvolvimento Social do DF<\/p>\n<h2><strong>Teatro Nacional em Samambaia?<\/strong><\/h2>\n<p>No Twitter, uma gafe das m\u00eddias sociais do governo gerou repercuss\u00e3o imediata. O perfil oficial do GDF postou uma imagem com um ip\u00ea amarelo e o Teatro Nacional ao fundo. O texto inserido na foto, por\u00e9m, identificava o local como Samambaia Norte. Com bom humor, internautas questionaram o engano: \u201cSer\u00e1 que esse Teatro Nacional vers\u00e3o Samambaia norte est\u00e1 funcionando?\u201d, perguntou um deles. No Instagram, o GDF justificou que o erro era para chamar a aten\u00e7\u00e3o ao #SetembroAmarelo, campanha de conscientiza\u00e7\u00e3o contra o suic\u00eddio. Ah, t\u00e1!<\/p>\n","protected":false},"excerpt":{"rendered":"<p>Coluna Eixo Capital\/Por Ana Maria Campos Cotad\u00edssimo novamente para ser nomeado procurador-geral da Rep\u00fablica, Augusto Aras virou gato escaldado. No vai-e-vem do presidente Jair Bolsonaro, ele s\u00f3 acredita quando sair a indica\u00e7\u00e3o no Di\u00e1rio Oficial da Uni\u00e3o. Mas o jogo est\u00e1 bom para Aras. Quem ganha com isso tamb\u00e9m? O ex-deputado Alberto Fraga (DEM-DF) amigo do subprocurador-geral da Rep\u00fablica e [&hellip;]<\/p>\n","protected":false},"author":9,"featured_media":14994,"comment_status":"open","ping_status":"closed","sticky":false,"template":"","format":"standard","meta":{"footnotes":""},"categories":[234],"tags":[693,1903,1143,1063],"class_list":["post-16430","post","type-post","status-publish","format-standard","has-post-thumbnail","hentry","category-cb-poder","tag-alberto-fraga","tag-augusto-aras","tag-bolsonaro","tag-pgr"],"_links":{"self":[{"href":"https:\/\/blogs.correiobraziliense.com.br\/cbpoder\/wp-json\/wp\/v2\/posts\/16430","targetHints":{"allow":["GET"]}}],"collection":[{"href":"https:\/\/blogs.correiobraziliense.com.br\/cbpoder\/wp-json\/wp\/v2\/posts"}],"about":[{"href":"https:\/\/blogs.correiobraziliense.com.br\/cbpoder\/wp-json\/wp\/v2\/types\/post"}],"author":[{"embeddable":true,"href":"https:\/\/blogs.correiobraziliense.com.br\/cbpoder\/wp-json\/wp\/v2\/users\/9"}],"replies":[{"embeddable":true,"href":"https:\/\/blogs.correiobraziliense.com.br\/cbpoder\/wp-json\/wp\/v2\/comments?post=16430"}],"version-history":[{"count":2,"href":"https:\/\/blogs.correiobraziliense.com.br\/cbpoder\/wp-json\/wp\/v2\/posts\/16430\/revisions"}],"predecessor-version":[{"id":16432,"href":"https:\/\/blogs.correiobraziliense.com.br\/cbpoder\/wp-json\/wp\/v2\/posts\/16430\/revisions\/16432"}],"wp:featuredmedia":[{"embeddable":true,"href":"https:\/\/blogs.correiobraziliense.com.br\/cbpoder\/wp-json\/wp\/v2\/media\/14994"}],"wp:attachment":[{"href":"https:\/\/blogs.correiobraziliense.com.br\/cbpoder\/wp-json\/wp\/v2\/media?parent=16430"}],"wp:term":[{"taxonomy":"category","embeddable":true,"href":"https:\/\/blogs.correiobraziliense.com.br\/cbpoder\/wp-json\/wp\/v2\/categories?post=16430"},{"taxonomy":"post_tag","embeddable":true,"href":"https:\/\/blogs.correiobraziliense.com.br\/cbpoder\/wp-json\/wp\/v2\/tags?post=16430"}],"curies":[{"name":"wp","href":"https:\/\/api.w.org\/{rel}","templated":true}]}}