{"id":16424,"date":"2019-09-03T08:38:36","date_gmt":"2019-09-03T11:38:36","guid":{"rendered":"https:\/\/blogs.correiobraziliense.com.br\/cbpoder\/?p=16424"},"modified":"2019-09-03T08:38:36","modified_gmt":"2019-09-03T11:38:36","slug":"veja-o-que-pensa-o-candidato-a-vaga-de-desembargador-do-tjdft-eduardo-lowenhaupt","status":"publish","type":"post","link":"https:\/\/blogs.correiobraziliense.com.br\/cbpoder\/veja-o-que-pensa-o-candidato-a-vaga-de-desembargador-do-tjdft-eduardo-lowenhaupt\/","title":{"rendered":"Veja o que pensa o candidato \u00e0 vaga de desembargador do TJDFT Eduardo Lowenhaupt"},"content":{"rendered":"<h6>Coluna Eixo Capital\/Por Ana Maria Campos<\/h6>\n<h2><em><strong>\u00c0 QUEIMA-ROUPA<\/strong><\/em><\/h2>\n<p>Eduardo Lowenhaupt da Cunha<br \/>\nCandidato \u00e0 vaga de desembargador do TJDFT destinada \u00e0 advocacia<\/p>\n<p><strong>Qual deve ser o papel de um magistrado oriundo da advocacia?<\/strong><\/p>\n<p>Permitir que a Corte de Justi\u00e7a tenha um ganho com uma dose de cidadania trazida pela experi\u00eancia da advocacia.<\/p>\n<p><strong>Qual \u00e9 a sua opini\u00e3o sobre a lei de abuso de autoridade como foi aprovada no Congresso?<\/strong><\/p>\n<p>Precisamos de um Poder Judici\u00e1rio forte e respeitado. Se o texto atacar a liberdade do exerc\u00edcio jurisdicional pode representar uma amea\u00e7a ao pr\u00f3prio cidad\u00e3o, pois o Judici\u00e1rio independente e forte \u00e9 uma das bases para o regime democr\u00e1tico. Os excessos podem ser punidos com os mecanismos legais j\u00e1 existentes.<\/p>\n<p><strong>Por que se considera apto a exercer a magistratura?<\/strong><\/p>\n<p>Tenho trabalhado como advogado no TJDFT h\u00e1 33 anos, o que me habilita a postular assento na Corte. Conhe\u00e7o as necessidades da advocacia e acredito poder ajudar nossa Corte no dif\u00edcil exerc\u00edcio da entrega da presta\u00e7\u00e3o jurisdicional.<\/p>\n<p><strong>H\u00e1 uma s\u00e9rie de questionamentos e pol\u00eamicas atualmente sobre a atua\u00e7\u00e3o da Justi\u00e7a no Brasil. Como o senhor avalia esse ambiente?<\/strong><\/p>\n<p>No DF temos uma magistratura forte e independente, que sempre atuou em parceria com o Minist\u00e9rio P\u00fablico e a advocacia. As cr\u00edticas que se levantam em outros pontos do pa\u00eds n\u00e3o se aplicam \u00e0 nossa Justi\u00e7a que est\u00e1 sempre pronta a atender aos reclamos da sociedade.<\/p>\n<p><strong>Fala-se muito que o Brasil passa por um momento em que a democracia est\u00e1 amea\u00e7ada diante de tanta polariza\u00e7\u00e3o&#8230; O senhor acredita nisso? E de que maneira a Justi\u00e7a pode ajudar nesse sentido?<\/strong><\/p>\n<p>N\u00e3o acho que o regime democr\u00e1tico esteja em risco, hoje temos elei\u00e7\u00f5es livres, Poderes Judici\u00e1rio, Legislativo e Executivo fortes, independentes e cumprindo seus pap\u00e9is constitucionais.<\/p>\n<p>2.275 votos na consulta feita aos advogados 11,35% dos votos v\u00e1lidos<\/p>\n","protected":false},"excerpt":{"rendered":"<p>Coluna Eixo Capital\/Por Ana Maria Campos \u00c0 QUEIMA-ROUPA Eduardo Lowenhaupt da Cunha Candidato \u00e0 vaga de desembargador do TJDFT destinada \u00e0 advocacia Qual deve ser o papel de um magistrado oriundo da advocacia? Permitir que a Corte de Justi\u00e7a tenha um ganho com uma dose de cidadania trazida pela experi\u00eancia da advocacia. Qual \u00e9 a sua opini\u00e3o sobre a lei [&hellip;]<\/p>\n","protected":false},"author":9,"featured_media":16425,"comment_status":"open","ping_status":"closed","sticky":false,"template":"","format":"standard","meta":{"footnotes":""},"categories":[234],"tags":[],"class_list":["post-16424","post","type-post","status-publish","format-standard","has-post-thumbnail","hentry","category-cb-poder"],"_links":{"self":[{"href":"https:\/\/blogs.correiobraziliense.com.br\/cbpoder\/wp-json\/wp\/v2\/posts\/16424","targetHints":{"allow":["GET"]}}],"collection":[{"href":"https:\/\/blogs.correiobraziliense.com.br\/cbpoder\/wp-json\/wp\/v2\/posts"}],"about":[{"href":"https:\/\/blogs.correiobraziliense.com.br\/cbpoder\/wp-json\/wp\/v2\/types\/post"}],"author":[{"embeddable":true,"href":"https:\/\/blogs.correiobraziliense.com.br\/cbpoder\/wp-json\/wp\/v2\/users\/9"}],"replies":[{"embeddable":true,"href":"https:\/\/blogs.correiobraziliense.com.br\/cbpoder\/wp-json\/wp\/v2\/comments?post=16424"}],"version-history":[{"count":1,"href":"https:\/\/blogs.correiobraziliense.com.br\/cbpoder\/wp-json\/wp\/v2\/posts\/16424\/revisions"}],"predecessor-version":[{"id":16426,"href":"https:\/\/blogs.correiobraziliense.com.br\/cbpoder\/wp-json\/wp\/v2\/posts\/16424\/revisions\/16426"}],"wp:featuredmedia":[{"embeddable":true,"href":"https:\/\/blogs.correiobraziliense.com.br\/cbpoder\/wp-json\/wp\/v2\/media\/16425"}],"wp:attachment":[{"href":"https:\/\/blogs.correiobraziliense.com.br\/cbpoder\/wp-json\/wp\/v2\/media?parent=16424"}],"wp:term":[{"taxonomy":"category","embeddable":true,"href":"https:\/\/blogs.correiobraziliense.com.br\/cbpoder\/wp-json\/wp\/v2\/categories?post=16424"},{"taxonomy":"post_tag","embeddable":true,"href":"https:\/\/blogs.correiobraziliense.com.br\/cbpoder\/wp-json\/wp\/v2\/tags?post=16424"}],"curies":[{"name":"wp","href":"https:\/\/api.w.org\/{rel}","templated":true}]}}