{"id":16415,"date":"2019-09-01T10:35:56","date_gmt":"2019-09-01T13:35:56","guid":{"rendered":"https:\/\/blogs.correiobraziliense.com.br\/cbpoder\/?p=16415"},"modified":"2019-09-01T10:35:56","modified_gmt":"2019-09-01T13:35:56","slug":"nos-ultimos-cinco-anos-transporte-publico-custou-r-25-bilhoes-ao-gdf","status":"publish","type":"post","link":"https:\/\/blogs.correiobraziliense.com.br\/cbpoder\/nos-ultimos-cinco-anos-transporte-publico-custou-r-25-bilhoes-ao-gdf\/","title":{"rendered":"Nos \u00faltimos cinco anos, transporte p\u00fablico custou R$ 2,5 bilh\u00f5es ao GDF"},"content":{"rendered":"<p>Nos \u00faltimos cinco anos, o governo do DF repassou \u00e0s concession\u00e1rias de transporte p\u00fablico mais de R$ 2,5 bilh\u00f5es. Desse valor, R$ 879 milh\u00f5es s\u00e3o referentes \u00e0 complementa\u00e7\u00e3o de tarifa; R$ 1,2 bilh\u00e3o de passe livre estudantil; e R$ 431 milh\u00f5es de passe livre para pessoa com defici\u00eancia. O levantamento in\u00e9dito foi realizado pela Procuradoria Distrital dos Direitos do Cidad\u00e3o (PDDC) do Minist\u00e9rio P\u00fablico do DF. A assessoria t\u00e9cnica do \u00f3rg\u00e3o mapeou os repasses no per\u00edodo de 2014 a 2018. Os dados mostram um aumento significativo nesse per\u00edodo. No \u00faltimo ano, al\u00e9m da tarifa paga pelos usu\u00e1rios, o governo repassou \u00e0s empresas cerca de R$ 650 milh\u00f5es. Um aumento de mais de 200% se comparado a 2014.<\/p>\n<h2>\n<strong>Caro e ineficiente<\/strong><\/h2>\n<p>Para os promotores de Justi\u00e7a do Patrim\u00f4nio P\u00fablico, trata-se de uma pol\u00edtica p\u00fablica cara que n\u00e3o entrega ao cidad\u00e3o um servi\u00e7o de qualidade. H\u00e1 muitas reclama\u00e7\u00f5es. O projeto \u201cComo anda meu \u00f4nibus\u201d, que durante um ano vai permitir que os usu\u00e1rios do transporte p\u00fablico rodovi\u00e1rio avaliem o servi\u00e7o por meio de um aplicativo, vai ajudar os gestores p\u00fablicos a tra\u00e7ar as melhores estrat\u00e9gias para o setor.<\/p>\n<h2><strong>#TBT com Niemeyer<\/strong><\/h2>\n<p>No dia que completou 10 anos da entrega do projeto da Torre Digital, a deputada Fl\u00e1via Arruda (PL-DF) postou nas redes sociais uma foto de fam\u00edlia ao lado do arquiteto Oscar Niemeyer, ent\u00e3o com 101 anos. Fl\u00e1via era a primeira-dama do DF e a filha do casal, Maria Luisa, estava no primeiro ano de vida.<\/p>\n<h2>\n<strong>Aposta em solu\u00e7\u00e3o para PM e Bombeiros constru\u00edda com Ibaneis<\/strong><\/h2>\n<p>A deputada federal Fl\u00e1via Arruda (PL-DF) n\u00e3o foi \u00e0 reuni\u00e3o da bancada federal sobre a PM e o Corpo de Bombeiros, base historicamente ligadas a ela, porque, segundo informou, s\u00f3 acredita numa constru\u00e7\u00e3o favor\u00e1vel a essas categorias ao lado do governador Ibaneis Rocha e n\u00e3o se contrapondo a ele. A reuni\u00e3o foi organizada na semana passada pelo coordenador da bancada federal do DF, senador Izalci Lucas (PSDB-DF), poss\u00edvel rival de Ibaneis nas pr\u00f3ximas elei\u00e7\u00f5es.<\/p>\n<h2><strong>Hospital de Seguran\u00e7a ter\u00e1 gest\u00e3o por OS<\/strong><\/h2>\n<p>O Complexo Hospitalar da Seguran\u00e7a P\u00fablica dever\u00e1 ser gerido por uma organiza\u00e7\u00e3o social. O secret\u00e1rio de Economia, Andr\u00e9 Clemente, divulgou na semana passada um chamamento p\u00fablico para entidades que quiserem se qualificar como OS e informou que h\u00e1 um estudo sobre esse modelo de gest\u00e3o no governo. Na administra\u00e7\u00e3o de Rollemberg, houve muita resist\u00eancia \u00e0 gest\u00e3o da sa\u00fade por OS por parte do Minist\u00e9rio P\u00fablico e de sindicatos. Ibaneis Rocha tem o desafio de vencer essa barreira.<\/p>\n<h2><strong>IDP homenageia Sig<\/strong><\/h2>\n<p>O advogado e ex-deputado Luis Carlos Sigmaringa Seixas ser\u00e1 homenageado no Congresso de Direito Constitucional do Instituto Brasiliense de Direito P\u00fablico (IDP). O evento internacional ser\u00e1 realizado em Bras\u00edlia entre 22 e 24 de outubro. Iniciativa do ministro Gilmar Mendes.<\/p>\n<h2><strong>Glenn no Roda Viva<\/strong><\/h2>\n<p>O jornalista Glenn Greenwald, cofundador do site The Intercept, que deu in\u00edcio \u00e0 Vaza-Jato, \u00e9 o entrevistado de amanh\u00e3 do programa Roda Viva, comandado pela jornalista Daniela Lima, na TV Cultura. Ao vivo, a partir de 22h.<\/p>\n<h2>\n<strong>Esquema de corrup\u00e7\u00e3o para suspens\u00e3o de multas foi denunciado por v\u00edtima<\/strong><\/h2>\n<p>Uma pris\u00e3o de um servidor da Secretaria de Seguran\u00e7a P\u00fablica do DF envolvido em corrup\u00e7\u00e3o no DER-DF foi poss\u00edvel gra\u00e7as \u00e0 den\u00fancia de uma v\u00edtima. Ela foi parada numa blitz, se recusou a soprar o baf\u00f4metro e teve a carteira e o ve\u00edculo apreendidos, al\u00e9m de ser atuada a pagar uma multa. Ainda no local, a condutora pagou R$ 100 para pegar o carro de volta.<\/p>\n<p>J\u00e1 em casa, ela recebeu uma liga\u00e7\u00e3o de uma pessoa que cobrou R$ 1,5 mil para rasgar a multa e devolver a carteira. A condutora, ent\u00e3o, procurou a Pol\u00edcia Civil. O caso veio \u00e0 tona na Opera\u00e7\u00e3o \u201cTr\u00e2nsito Livre\u201d, deflagrada pelo Grupo de Atua\u00e7\u00e3o Especial de Combate ao Crime Organizado (Gaeco) do Minist\u00e9rio P\u00fablico do DF. Ontem os promotores realizaram busca e apreens\u00e3o na casa de uma pessoa que pagou para abonar uma multa. Ela deve responder por corrup\u00e7\u00e3o ativa e supress\u00e3o de documento.<\/p>\n<blockquote>\n<p style=\"text-align: right\">\u201cEu vejo o Doria falando \u2018minha bandeira jamais ser\u00e1 vermelha\u2019. \u00c9 brincadeira. Quando ele tava mamando l\u00e1, a bandeira era vermelha com foi\u00e7asso e o martelo sem problema nenhum\u201d<br \/>\n<strong>Presidente Jair Bolsonaro, sobre compra de avi\u00e3o por Doria com financiamento do BNDES<\/strong><\/p>\n<p style=\"text-align: right\">\u201cNunca precisei mamar na teta de ningu\u00e9m\u201d<br \/>\n<strong>Governador de S\u00e3o Paulo,Jo\u00e3o Doria (PSDB)<\/strong><\/p>\n<\/blockquote>\n","protected":false},"excerpt":{"rendered":"<p>Nos \u00faltimos cinco anos, o governo do DF repassou \u00e0s concession\u00e1rias de transporte p\u00fablico mais de R$ 2,5 bilh\u00f5es. Desse valor, R$ 879 milh\u00f5es s\u00e3o referentes \u00e0 complementa\u00e7\u00e3o de tarifa; R$ 1,2 bilh\u00e3o de passe livre estudantil; e R$ 431 milh\u00f5es de passe livre para pessoa com defici\u00eancia. O levantamento in\u00e9dito foi realizado pela Procuradoria Distrital dos Direitos do Cidad\u00e3o [&hellip;]<\/p>\n","protected":false},"author":9,"featured_media":16417,"comment_status":"open","ping_status":"closed","sticky":false,"template":"","format":"standard","meta":{"footnotes":""},"categories":[234],"tags":[16,229],"class_list":["post-16415","post","type-post","status-publish","format-standard","has-post-thumbnail","hentry","category-cb-poder","tag-gdf","tag-transporte-publico"],"_links":{"self":[{"href":"https:\/\/blogs.correiobraziliense.com.br\/cbpoder\/wp-json\/wp\/v2\/posts\/16415","targetHints":{"allow":["GET"]}}],"collection":[{"href":"https:\/\/blogs.correiobraziliense.com.br\/cbpoder\/wp-json\/wp\/v2\/posts"}],"about":[{"href":"https:\/\/blogs.correiobraziliense.com.br\/cbpoder\/wp-json\/wp\/v2\/types\/post"}],"author":[{"embeddable":true,"href":"https:\/\/blogs.correiobraziliense.com.br\/cbpoder\/wp-json\/wp\/v2\/users\/9"}],"replies":[{"embeddable":true,"href":"https:\/\/blogs.correiobraziliense.com.br\/cbpoder\/wp-json\/wp\/v2\/comments?post=16415"}],"version-history":[{"count":1,"href":"https:\/\/blogs.correiobraziliense.com.br\/cbpoder\/wp-json\/wp\/v2\/posts\/16415\/revisions"}],"predecessor-version":[{"id":16418,"href":"https:\/\/blogs.correiobraziliense.com.br\/cbpoder\/wp-json\/wp\/v2\/posts\/16415\/revisions\/16418"}],"wp:featuredmedia":[{"embeddable":true,"href":"https:\/\/blogs.correiobraziliense.com.br\/cbpoder\/wp-json\/wp\/v2\/media\/16417"}],"wp:attachment":[{"href":"https:\/\/blogs.correiobraziliense.com.br\/cbpoder\/wp-json\/wp\/v2\/media?parent=16415"}],"wp:term":[{"taxonomy":"category","embeddable":true,"href":"https:\/\/blogs.correiobraziliense.com.br\/cbpoder\/wp-json\/wp\/v2\/categories?post=16415"},{"taxonomy":"post_tag","embeddable":true,"href":"https:\/\/blogs.correiobraziliense.com.br\/cbpoder\/wp-json\/wp\/v2\/tags?post=16415"}],"curies":[{"name":"wp","href":"https:\/\/api.w.org\/{rel}","templated":true}]}}