{"id":16374,"date":"2019-08-27T20:32:28","date_gmt":"2019-08-27T23:32:28","guid":{"rendered":"https:\/\/blogs.correiobraziliense.com.br\/cbpoder\/?p=16374"},"modified":"2019-08-27T20:32:28","modified_gmt":"2019-08-27T23:32:28","slug":"camara-legislativa-aprova-criacao-da-regiao-administrativa-de-arniqueira","status":"publish","type":"post","link":"https:\/\/blogs.correiobraziliense.com.br\/cbpoder\/camara-legislativa-aprova-criacao-da-regiao-administrativa-de-arniqueira\/","title":{"rendered":"C\u00e2mara Legislativa aprova cria\u00e7\u00e3o da regi\u00e3o administrativa de Arniqueira"},"content":{"rendered":"<p><span style=\"font-weight: 400\">A C\u00e2mara Legislativa aprovou, nesta ter\u00e7a-feira (27\/08), projeto de lei, de autoria do Executivo local, que cria a regi\u00e3o administrativa de Arniqueira<\/span><span style=\"font-weight: 400\">. Conforme a proposta, a \u00e1rea ser\u00e1 desmembrada de \u00c1guas Claras. O texto vai \u00e0 san\u00e7\u00e3o do governador Ibaneis Rocha (MDB).<\/span><\/p>\n<p>&nbsp;<\/p>\n<blockquote><p><span style=\"font-weight: 400\">O secret\u00e1rio das Cidades, Gustavo Aires, afirmou, na exposi\u00e7\u00e3o de motivos da proposi\u00e7\u00e3o, que a implementa\u00e7\u00e3o da nova cidade deve \u201catender os prop\u00f3sitos relativos \u00e0 descentraliza\u00e7\u00e3o administrativa, utiliza\u00e7\u00e3o racional de recursos para o desenvolvimento socioecon\u00f4mico e melhoria da qualidade de vida\u201d. O Conselho <\/span><span style=\"font-weight: 400\">de Planejamento Territorial e Urbano do Distrito Federal (Conplan) havia aprovado a minuta da norma no \u00faltimo dia 8.<\/span><\/p><\/blockquote>\n<p>&nbsp;<\/p>\n<p><span style=\"font-weight: 400\">O projeto, protocolado na \u00faltima ter\u00e7a-feira, estabelece <\/span><span style=\"font-weight: 400\">a transfer\u00eancia de parte do acervo patrimonial e do quantitativo de servidores da administra\u00e7\u00e3o regional de \u00c1guas Claras para a unidade da nova cidade. As comiss\u00f5es competentes \u2014 de Assuntos Fundi\u00e1rios (CAF), de Constitui\u00e7\u00e3o e Justi\u00e7a (CCJ) e de Desenvolvimento Econ\u00f4mico Sustent\u00e1vel, Ci\u00eancia, Tecnologia, Meio Ambiente e Turismo (CEDESCTMAT) \u2014 avaliaram o texto em plen\u00e1rio.<\/span><\/p>\n<p>&nbsp;<\/p>\n<h2><b>\u201cMais investimentos\u201d<\/b><\/h2>\n<p>&nbsp;<\/p>\n<p><span style=\"font-weight: 400\">Apesar do sinal verde \u00e0 cria\u00e7\u00e3o da nova regi\u00e3o administrativa, os parlamentares fizeram pondera\u00e7\u00f5es. Da oposi\u00e7\u00e3o, Chico Vigilante (PT) defendeu que o governo \u201cd\u00ea condi\u00e7\u00f5es de trabalho \u00e0 administra\u00e7\u00e3o regional\u201d. \u201c\u00c9 preciso equip\u00e1-las com equipamentos e prever as dota\u00e7\u00f5es or\u00e7ament\u00e1rias para o trabalho ser executado. Hoje, as administra\u00e7\u00f5es n\u00e3o tem condi\u00e7\u00f5es para nada e o administrador \u00e9 um mero despachante que leva as demandas para a Novacap [Companhia Urbanizadora da Nova Capital]\u201d, argumentou.<\/span><\/p>\n<p>&nbsp;<\/p>\n<blockquote><p><span style=\"font-weight: 400\">Ao se abster da vota\u00e7\u00e3o, Leandro Grass (Rede) alegou que o GDF n\u00e3o apresentou os estudos necess\u00e1rios \u00e0 ado\u00e7\u00e3o da medida. \u201cN\u00e3o temos todos os elementos e n\u00e3o havia acordo para votarmos hoje. O ideal era que o projeto tramitasse nas comiss\u00f5es no tempo correto, com uma avalia\u00e7\u00e3o mais minuciosa\u201d, pontuou.<\/span><\/p><\/blockquote>\n<p>&nbsp;<\/p>\n<p><span style=\"font-weight: 400\">Integrante da base aliada, Agaciel Maia (PL) refor\u00e7ou a necessidade do desmembramento de Arniqueira. \u201c\u00c9 uma \u00e1rea com perfil econ\u00f4mico e necessidade de infraestrutura diferentes de \u00c1guas Claras. Por isso, \u00e9 preciso um olhar espec\u00edfico. Mas concordo que as administra\u00e7\u00f5es precisam ser refor\u00e7adas\u201d, ponderou.\u00a0<\/span><\/p>\n<p>&nbsp;<\/p>\n<h2><b>Promessa de campanha<\/b><\/h2>\n<p>&nbsp;<\/p>\n<p><span style=\"font-weight: 400\">Arniqueira \u00e9 a segunda regi\u00e3o administrativa criada na gest\u00e3o Ibaneis Rocha (MDB). No \u00faltimo dia 13, os distritais deram aval \u00e0 separa\u00e7\u00e3o das \u00e1reas do P\u00f4r do Sol e Sol Nascente de Ceil\u00e2ndia \u2014 no dia seguinte, o chefe do Pal\u00e1cio do Buriti sancionou a norma. Os dois desmembramentos s\u00e3o promessas de campanha do emedebista.\u00a0<\/span><\/p>\n<p>&nbsp;<\/p>\n<p><span style=\"font-weight: 400\">Em janeiro, ao assumir o Executivo local Ibaneis chegou a anunciar a cria\u00e7\u00e3o das duas regi\u00f5es administrativas, bem como a de Arapoanga (Planaltina), por meio de decreto. Contudo, recuou. Isso porque a iniciativa precisa passar pelo crivo da C\u00e2mara Legislativa, conforme estabelece a Lei Org\u00e2nica do DF.<\/span><\/p>\n","protected":false},"excerpt":{"rendered":"<p>A C\u00e2mara Legislativa aprovou, nesta ter\u00e7a-feira (27\/08), projeto de lei, de autoria do Executivo local, que cria a regi\u00e3o administrativa de Arniqueira. Conforme a proposta, a \u00e1rea ser\u00e1 desmembrada de \u00c1guas Claras. O texto vai \u00e0 san\u00e7\u00e3o do governador Ibaneis Rocha (MDB). &nbsp; O secret\u00e1rio das Cidades, Gustavo Aires, afirmou, na exposi\u00e7\u00e3o de motivos da proposi\u00e7\u00e3o, que a implementa\u00e7\u00e3o da [&hellip;]<\/p>\n","protected":false},"author":90,"featured_media":16096,"comment_status":"open","ping_status":"closed","sticky":false,"template":"","format":"standard","meta":{"footnotes":""},"categories":[234],"tags":[1045,1951,70],"class_list":["post-16374","post","type-post","status-publish","format-standard","has-post-thumbnail","hentry","category-cb-poder","tag-aguas-claras","tag-arniqueira","tag-camara-legislativa"],"_links":{"self":[{"href":"https:\/\/blogs.correiobraziliense.com.br\/cbpoder\/wp-json\/wp\/v2\/posts\/16374","targetHints":{"allow":["GET"]}}],"collection":[{"href":"https:\/\/blogs.correiobraziliense.com.br\/cbpoder\/wp-json\/wp\/v2\/posts"}],"about":[{"href":"https:\/\/blogs.correiobraziliense.com.br\/cbpoder\/wp-json\/wp\/v2\/types\/post"}],"author":[{"embeddable":true,"href":"https:\/\/blogs.correiobraziliense.com.br\/cbpoder\/wp-json\/wp\/v2\/users\/90"}],"replies":[{"embeddable":true,"href":"https:\/\/blogs.correiobraziliense.com.br\/cbpoder\/wp-json\/wp\/v2\/comments?post=16374"}],"version-history":[{"count":1,"href":"https:\/\/blogs.correiobraziliense.com.br\/cbpoder\/wp-json\/wp\/v2\/posts\/16374\/revisions"}],"predecessor-version":[{"id":16375,"href":"https:\/\/blogs.correiobraziliense.com.br\/cbpoder\/wp-json\/wp\/v2\/posts\/16374\/revisions\/16375"}],"wp:featuredmedia":[{"embeddable":true,"href":"https:\/\/blogs.correiobraziliense.com.br\/cbpoder\/wp-json\/wp\/v2\/media\/16096"}],"wp:attachment":[{"href":"https:\/\/blogs.correiobraziliense.com.br\/cbpoder\/wp-json\/wp\/v2\/media?parent=16374"}],"wp:term":[{"taxonomy":"category","embeddable":true,"href":"https:\/\/blogs.correiobraziliense.com.br\/cbpoder\/wp-json\/wp\/v2\/categories?post=16374"},{"taxonomy":"post_tag","embeddable":true,"href":"https:\/\/blogs.correiobraziliense.com.br\/cbpoder\/wp-json\/wp\/v2\/tags?post=16374"}],"curies":[{"name":"wp","href":"https:\/\/api.w.org\/{rel}","templated":true}]}}