{"id":16372,"date":"2019-08-27T20:17:32","date_gmt":"2019-08-27T23:17:32","guid":{"rendered":"https:\/\/blogs.correiobraziliense.com.br\/cbpoder\/?p=16372"},"modified":"2019-08-27T20:17:32","modified_gmt":"2019-08-27T23:17:32","slug":"camara-legislativa-aprova-aumento-de-creditos-do-nota-legal","status":"publish","type":"post","link":"https:\/\/blogs.correiobraziliense.com.br\/cbpoder\/camara-legislativa-aprova-aumento-de-creditos-do-nota-legal\/","title":{"rendered":"C\u00e2mara Legislativa aprova aumento de cr\u00e9ditos do Nota Legal"},"content":{"rendered":"<p><span style=\"font-weight: 400\">A C\u00e2mara Legislativa aprovou, nesta ter\u00e7a-feira (27\/08), projeto de lei que prev\u00ea o aumento dos cr\u00e9ditos do Programa Nota Legal. O texto estabelece a possibilidade de os contribuintes resgatarem at\u00e9 40% dos valores gastos com o Imposto sobre Circula\u00e7\u00e3o de Mercadorias e Servi\u00e7os (ICMS) e o Imposto sobre Servi\u00e7os de Qualquer Natureza (ISS) na compra de produtos \u2014 hoje, os clientes conseguem recuperar 30% dos impostos recolhidos. A proposta vai \u00e0 san\u00e7\u00e3o do governador Ibaneis Rocha (MDB).\u00a0 <\/span><span style=\"font-weight: 400\">\u00a0<\/span><\/p>\n<p>&nbsp;<\/p>\n<blockquote><p><span style=\"font-weight: 400\">A proposi\u00e7\u00e3o ainda permite que o GDF altere o percentual da concess\u00e3o de cr\u00e9ditos em ocasi\u00f5es espec\u00edficas, como durante a semana de Natal, no limite de 30 dias ao ano. \u201cA ado\u00e7\u00e3o desta medida tem como finalidade permitir que se crie atrativos dentro do programa em per\u00edodos nos quais se verifica um maior volume de vendas o, que demanda, em contrapartida, maior atividade de combate \u00e0 sonega\u00e7\u00e3o fiscal\u201d, detalha o governo na exposi\u00e7\u00e3o de motivos do projeto.\u00a0<\/span><\/p><\/blockquote>\n<p>&nbsp;<\/p>\n<p><span style=\"font-weight: 400\">A Secretaria de Economia explica que a proposta deve refor\u00e7ar o Nota Legal, que enfrenta uma queda no n\u00famero de benefici\u00e1rios. \u201cNos \u00faltimos tempos, tem-se verificado um refluxo na ades\u00e3o ao Programa. Acredita-se que o desalento dos participantes decorra do baixo valor dos cr\u00e9ditos que Ihe s\u00e3o atribu\u00eddos\u201d, justificou. A estimativa da pasta \u00e9 de que o projeto gere um impacto de R$ 10,7 milh\u00f5es em 2020.<\/span><\/p>\n<p>&nbsp;<\/p>\n<p><span style=\"font-weight: 400\">A proposta chegou ao Legislativo local na \u00faltima ter\u00e7a-feira e passou pelo crivo dos colegiados respons\u00e1veis \u2014 a Comiss\u00e3o de Economia, Or\u00e7amento e Finan\u00e7as (Ceof) e a de Constitui\u00e7\u00e3o e Justi\u00e7a (CCJ) \u2014 na tarde de hoje.\u00a0<\/span><\/p>\n<p>&nbsp;<\/p>\n<h2><b>Recuo sobre mudan\u00e7as\u00a0<\/b><\/h2>\n<p>&nbsp;<\/p>\n<p><span style=\"font-weight: 400\">Em maio, o GDF cogitou mudar as regras do Nota Legal. \u00c0 \u00e9poca, <\/span><span style=\"font-weight: 400\">a ent\u00e3o Secretaria de Fazenda, Planejamento, Or\u00e7amento e Gest\u00e3o chegou a anunciar o fim da possibilidade de uso dos cr\u00e9ditos para abatimento de d\u00e9bitos com IPVA e IPTU e a cria\u00e7\u00e3o de um programa de milhagens para uso dos benef\u00edcios acumulados pelos consumidores. Devido \u00e0 m\u00e1 repercuss\u00e3o, contudo, o Buriti recuou.<\/span><\/p>\n<p>&nbsp;<\/p>\n<p><span style=\"font-weight: 400\">Ainda assim, o GDF manteve a determina\u00e7\u00e3o de criar novas modalidades do programa. O objetivo \u00e9 implantar um sistema de carteira digital. Os detalhes ainda est\u00e3o em debate entre t\u00e9cnicos do governo, sobretudo os especialistas em tecnologia.<\/span><\/p>\n","protected":false},"excerpt":{"rendered":"<p>A C\u00e2mara Legislativa aprovou, nesta ter\u00e7a-feira (27\/08), projeto de lei que prev\u00ea o aumento dos cr\u00e9ditos do Programa Nota Legal. O texto estabelece a possibilidade de os contribuintes resgatarem at\u00e9 40% dos valores gastos com o Imposto sobre Circula\u00e7\u00e3o de Mercadorias e Servi\u00e7os (ICMS) e o Imposto sobre Servi\u00e7os de Qualquer Natureza (ISS) na compra de produtos \u2014 hoje, os [&hellip;]<\/p>\n","protected":false},"author":90,"featured_media":15350,"comment_status":"open","ping_status":"closed","sticky":false,"template":"","format":"standard","meta":{"footnotes":""},"categories":[234],"tags":[70,1950,1931],"class_list":["post-16372","post","type-post","status-publish","format-standard","has-post-thumbnail","hentry","category-cb-poder","tag-camara-legislativa","tag-creditos","tag-nota-legal"],"_links":{"self":[{"href":"https:\/\/blogs.correiobraziliense.com.br\/cbpoder\/wp-json\/wp\/v2\/posts\/16372","targetHints":{"allow":["GET"]}}],"collection":[{"href":"https:\/\/blogs.correiobraziliense.com.br\/cbpoder\/wp-json\/wp\/v2\/posts"}],"about":[{"href":"https:\/\/blogs.correiobraziliense.com.br\/cbpoder\/wp-json\/wp\/v2\/types\/post"}],"author":[{"embeddable":true,"href":"https:\/\/blogs.correiobraziliense.com.br\/cbpoder\/wp-json\/wp\/v2\/users\/90"}],"replies":[{"embeddable":true,"href":"https:\/\/blogs.correiobraziliense.com.br\/cbpoder\/wp-json\/wp\/v2\/comments?post=16372"}],"version-history":[{"count":1,"href":"https:\/\/blogs.correiobraziliense.com.br\/cbpoder\/wp-json\/wp\/v2\/posts\/16372\/revisions"}],"predecessor-version":[{"id":16373,"href":"https:\/\/blogs.correiobraziliense.com.br\/cbpoder\/wp-json\/wp\/v2\/posts\/16372\/revisions\/16373"}],"wp:featuredmedia":[{"embeddable":true,"href":"https:\/\/blogs.correiobraziliense.com.br\/cbpoder\/wp-json\/wp\/v2\/media\/15350"}],"wp:attachment":[{"href":"https:\/\/blogs.correiobraziliense.com.br\/cbpoder\/wp-json\/wp\/v2\/media?parent=16372"}],"wp:term":[{"taxonomy":"category","embeddable":true,"href":"https:\/\/blogs.correiobraziliense.com.br\/cbpoder\/wp-json\/wp\/v2\/categories?post=16372"},{"taxonomy":"post_tag","embeddable":true,"href":"https:\/\/blogs.correiobraziliense.com.br\/cbpoder\/wp-json\/wp\/v2\/tags?post=16372"}],"curies":[{"name":"wp","href":"https:\/\/api.w.org\/{rel}","templated":true}]}}