{"id":16370,"date":"2019-08-27T17:24:26","date_gmt":"2019-08-27T20:24:26","guid":{"rendered":"https:\/\/blogs.correiobraziliense.com.br\/cbpoder\/?p=16370"},"modified":"2019-08-27T17:24:26","modified_gmt":"2019-08-27T20:24:26","slug":"crime-da-113-sul-stj-mantem-cassacao-da-aposentadoria-de-martha-vargas","status":"publish","type":"post","link":"https:\/\/blogs.correiobraziliense.com.br\/cbpoder\/crime-da-113-sul-stj-mantem-cassacao-da-aposentadoria-de-martha-vargas\/","title":{"rendered":"Crime da 113 Sul: STJ mant\u00e9m cassa\u00e7\u00e3o da aposentadoria de Martha Vargas"},"content":{"rendered":"<p><span style=\"font-weight: 400\">Por unanimidade, a 2\u00aa Turma do Superior Tribunal de Justi\u00e7a (STJ) manteve, nesta ter\u00e7a-feira (27\/08), a cassa\u00e7\u00e3o da aposentadoria da delegada Martha Vargas. Condenada a 16 anos de pris\u00e3o <\/span><span style=\"font-weight: 400\">pelos crimes de fraude processual, falsidade ideol\u00f3gica, tortura e viola\u00e7\u00e3o de sigilo funcional na condu\u00e7\u00e3o na investiga\u00e7\u00e3o do triplo assassinato da 113 Sul, ela teve o benef\u00edcio revogado em setembro de 2018.<\/span><\/p>\n<p>&nbsp;<\/p>\n<blockquote><p><span style=\"font-weight: 400\">No agravo em recurso especial, Martha, que cumpre pris\u00e3o domiciliar, argumentou que a aposentadoria de R$ 16 mil foi concedida antes do Processo Administrativo Disciplinar (PAD), que apurou a conduta da servidora. Ela acrescentou que a cassa\u00e7\u00e3o \u201cviola o direito l\u00edquido e certo ao recebimento da \u00fanica verba alimentar, adquirido depois de contribuir, sistematicamente, para a aposenta\u00e7\u00e3o\u201d.<\/span><\/p><\/blockquote>\n<p>&nbsp;<\/p>\n<p><span style=\"font-weight: 400\">Antes de acionar o STJ, a delegada recorreu ao Tribunal de Justi\u00e7a do Distrito Federal e dos Territ\u00f3rios (TJDFT). A Corte, entretanto, indeferiu a revoga\u00e7\u00e3o da cassa\u00e7\u00e3o, determinada pelo ex-governador Rodrigo Rollemberg (PSB), <\/span><span style=\"font-weight: 400\">por entender que o ato administrativo foi \u201cprecedido de devido processo administrativo disciplinar, com garantia de ampla defesa e contradit\u00f3rio, no qual foi apurada a gravidade das condutas imputadas\u201d.\u00a0\u00a0<\/span><\/p>\n<p>&nbsp;<\/p>\n<p><span style=\"font-weight: 400\">O <\/span><b>Correio<\/b><span style=\"font-weight: 400\"> tenta contato com a defesa de Martha Vargas.<\/span><\/p>\n<p>&nbsp;<\/p>\n<h2><b>Triplo assassinato<\/b><\/h2>\n<p>&nbsp;<\/p>\n<p><span style=\"font-weight: 400\">O assassinato do ex-ministro do Tribunal Superior Eleitoral (TSE) Jos\u00e9 Guilherme Villela; da mulher dele, a advogada Maria Villela; e da funcion\u00e1ria da casa, Francisca Nascimento Silva, ocorreu em 28 de agosto de 2009, mas a Pol\u00edcia Civil s\u00f3 recebeu a not\u00edcia dos corpos encontrados \u00e0s 20h de 31 de agosto.\u00a0<\/span><\/p>\n<p>&nbsp;<\/p>\n<blockquote><p><span style=\"font-weight: 400\">Com uma trajet\u00f3ria novelesca e cercada de erros por parte da corpora\u00e7\u00e3o, o crime da 113 Sul teve nuances de romance policial: provas plantadas, participa\u00e7\u00e3o de uma vidente na tentativa de elucidar o assassinato, den\u00fancia de tortura e at\u00e9 conflitos dentro da pr\u00f3pria corpora\u00e7\u00e3o.\u00a0<\/span><\/p><\/blockquote>\n<p>&nbsp;<\/p>\n<p><span style=\"font-weight: 400\">Os tr\u00eas assassinos \u2014 Leonardo Campos Alves, Francisco Mairlon e Paulo Cardoso Santana \u2014 est\u00e3o presos na Papuda. Juntas, as penas somam 177 anos. A filha do casal, Adriana Villela, denunciada como mandante do crime, vive na Zona Sul do Rio de Janeiro. Ela tenta retardar um julgamento no Tribunal do J\u00fari por meio de diversos recursos.<\/span><\/p>\n<p>&nbsp;<\/p>\n<p><span style=\"font-weight: 400\">De acordo com a den\u00fancia dos promotores do N\u00facleo de Investiga\u00e7\u00e3o e Controle da Atividade Policial (NCAP), Martha Vargas plantou provas para incriminar pessoas inocentes, al\u00e9m de outras irregularidades graves, durante a condu\u00e7\u00e3o do inqu\u00e9rito.<\/span><\/p>\n<p>&nbsp;<\/p>\n<h3><b>O que diz a Lei<\/b><\/h3>\n<p><i><span style=\"font-weight: 400\">A cassa\u00e7\u00e3o de aposentadoria \u00e9 penalidade disciplinar regida pela Lei n\u00ba 8.11, de 1990, que trata do regime jur\u00eddico dos servidores p\u00fablicos. O direito pode ser cassado no caso \u201cdo inativo que houver praticado, na atividade, falta pun\u00edvel com a demiss\u00e3o\u201d. Rollemberg utilizou essa prerrogativa para adotar a medida, al\u00e9m de se apoiar em tr\u00eas transgressores disciplinares previstos na Lei n\u00ba 4.878, de 1965, que disp\u00f5e sobre o regime jur\u00eddico de policiais civis da Uni\u00e3o e do DF.\u00a0<\/span><\/i><\/p>\n<p>&nbsp;<\/p>\n","protected":false},"excerpt":{"rendered":"<p>Por unanimidade, a 2\u00aa Turma do Superior Tribunal de Justi\u00e7a (STJ) manteve, nesta ter\u00e7a-feira (27\/08), a cassa\u00e7\u00e3o da aposentadoria da delegada Martha Vargas. Condenada a 16 anos de pris\u00e3o pelos crimes de fraude processual, falsidade ideol\u00f3gica, tortura e viola\u00e7\u00e3o de sigilo funcional na condu\u00e7\u00e3o na investiga\u00e7\u00e3o do triplo assassinato da 113 Sul, ela teve o benef\u00edcio revogado em setembro de [&hellip;]<\/p>\n","protected":false},"author":90,"featured_media":9680,"comment_status":"open","ping_status":"closed","sticky":false,"template":"","format":"standard","meta":{"footnotes":""},"categories":[234],"tags":[923,1366,56,922,215],"class_list":["post-16370","post","type-post","status-publish","format-standard","has-post-thumbnail","hentry","category-cb-poder","tag-113-sul","tag-aposentadoria","tag-justica","tag-martha-vargas","tag-stj"],"_links":{"self":[{"href":"https:\/\/blogs.correiobraziliense.com.br\/cbpoder\/wp-json\/wp\/v2\/posts\/16370","targetHints":{"allow":["GET"]}}],"collection":[{"href":"https:\/\/blogs.correiobraziliense.com.br\/cbpoder\/wp-json\/wp\/v2\/posts"}],"about":[{"href":"https:\/\/blogs.correiobraziliense.com.br\/cbpoder\/wp-json\/wp\/v2\/types\/post"}],"author":[{"embeddable":true,"href":"https:\/\/blogs.correiobraziliense.com.br\/cbpoder\/wp-json\/wp\/v2\/users\/90"}],"replies":[{"embeddable":true,"href":"https:\/\/blogs.correiobraziliense.com.br\/cbpoder\/wp-json\/wp\/v2\/comments?post=16370"}],"version-history":[{"count":1,"href":"https:\/\/blogs.correiobraziliense.com.br\/cbpoder\/wp-json\/wp\/v2\/posts\/16370\/revisions"}],"predecessor-version":[{"id":16371,"href":"https:\/\/blogs.correiobraziliense.com.br\/cbpoder\/wp-json\/wp\/v2\/posts\/16370\/revisions\/16371"}],"wp:featuredmedia":[{"embeddable":true,"href":"https:\/\/blogs.correiobraziliense.com.br\/cbpoder\/wp-json\/wp\/v2\/media\/9680"}],"wp:attachment":[{"href":"https:\/\/blogs.correiobraziliense.com.br\/cbpoder\/wp-json\/wp\/v2\/media?parent=16370"}],"wp:term":[{"taxonomy":"category","embeddable":true,"href":"https:\/\/blogs.correiobraziliense.com.br\/cbpoder\/wp-json\/wp\/v2\/categories?post=16370"},{"taxonomy":"post_tag","embeddable":true,"href":"https:\/\/blogs.correiobraziliense.com.br\/cbpoder\/wp-json\/wp\/v2\/tags?post=16370"}],"curies":[{"name":"wp","href":"https:\/\/api.w.org\/{rel}","templated":true}]}}