{"id":16308,"date":"2019-08-20T20:02:33","date_gmt":"2019-08-20T23:02:33","guid":{"rendered":"https:\/\/blogs.correiobraziliense.com.br\/cbpoder\/?p=16308"},"modified":"2019-08-20T20:02:33","modified_gmt":"2019-08-20T23:02:33","slug":"governador-tem-legitimidade-para-impor-os-seus-programas-diz-novo-secretario-de-educacao-sobre-militarizacao","status":"publish","type":"post","link":"https:\/\/blogs.correiobraziliense.com.br\/cbpoder\/governador-tem-legitimidade-para-impor-os-seus-programas-diz-novo-secretario-de-educacao-sobre-militarizacao\/","title":{"rendered":"\u201cIbaneis tem legitimidade para impor os seus programas\u201d, diz novo secret\u00e1rio de Educa\u00e7\u00e3o sobre militariza\u00e7\u00e3o"},"content":{"rendered":"<p><span style=\"font-weight: 400\">Ex-procurador-geral do Minist\u00e9rio P\u00fablico do Trabalho (MPT), Jo\u00e3o Pedro Ferraz assumiu a secret\u00e1ria de Educa\u00e7\u00e3o, nesta ter\u00e7a-feira (20\/08), com uma miss\u00e3o: acelerar a implementa\u00e7\u00e3o da gest\u00e3o compartilhada com a Pol\u00edcia Militar em escolas da capital. No primeiro dia \u00e0 frente da pasta, ele defendeu a decis\u00e3o do governador Ibaneis Rocha (MDB) de militarizar inclusive os col\u00e9gios que disseram \u201cn\u00e3o\u201d ao modelo: \u201cEle tem n\u00e3o s\u00f3 a legitimidade para impor os seus programas e para estabelecer as pol\u00edticas p\u00fablicas, mas tamb\u00e9m a responsabilidade de fazer isso\u201d, disse, em entrevista ao <\/span><b>Correio<\/b><span style=\"font-weight: 400\">.<\/span><\/p>\n<p>&nbsp;<\/p>\n<blockquote><p>Tamb\u00e9m secret\u00e1rio de Trabalho, Ferraz acumular\u00e1 a chefia da Educa\u00e7\u00e3o em meio a uma crise. O primeiro nome da pasta,\u00a0Rafael Parente, foi demitido na noite de segunda-feira ap\u00f3s se posicionar contra a decis\u00e3o do governador de ignorar os resultados de consultas p\u00fablicas a professores, pais e alunos desfavor\u00e1veis \u00e0 militariza\u00e7\u00e3o.<\/p><\/blockquote>\n<p>&nbsp;<\/p>\n<p>Em um dos primeiros compromissos oficiais do cargo, o novo secret\u00e1rio de Educa\u00e7\u00e3o re\u00fane-se, nesta quarta-feira (21), com o governador e o Sindicato dos Professores do DF (Sinpro) para tentar definir o futuro do Centro Educacional Gisno.\u00a0<span style=\"font-weight: 400\">No col\u00e9gio da Asa Norte, o placar final registrou 58,49% dos votos v\u00e1lidos contra a gest\u00e3o compartilhada. &#8220;Tenho\u00a0certeza absoluta de que governo, sindicato e comunidade escolar encontrar\u00e3o um denominador comum, porque o nosso interesse tamb\u00e9m \u00e9 comum, que \u00e9 uma boa educa\u00e7\u00e3o e uma escola de qualidade com seguran\u00e7a para professores, alunos e pais\u201d, declarou.\u00a0<\/span><\/p>\n<p>&nbsp;<\/p>\n<h2>Confira a entrevista:<\/h2>\n<p>&nbsp;<\/p>\n<p><b>Como foi o convite do governador?<\/b><\/p>\n<p><span style=\"font-weight: 400\">Ele me ligou ontem e perguntou se eu poderia assumir a secretaria de Educa\u00e7\u00e3o. Como debatemos o conceito de que a administra\u00e7\u00e3o \u00e9 \u00fanica, somos um time e entendemos que qualquer um dos componentes do GDF est\u00e1 perfeitamente habilitado para assumir qualquer posto. Coloquei-me \u00e0 disposi\u00e7\u00e3o e, hoje, acordei secret\u00e1rio de Educa\u00e7\u00e3o.<\/span><\/p>\n<p>&nbsp;<\/p>\n<p><b>O senhor n\u00e3o tem experi\u00eancia na educa\u00e7\u00e3o p\u00fablica. Acredita que a bagagem em outras fun\u00e7\u00f5es ser\u00e1 suficiente para comandar essa secretaria?<\/b><\/p>\n<p><span style=\"font-weight: 400\">Trabalhei como servidor p\u00fablico por 30 anos e fui procurador-geral do Minist\u00e9rio P\u00fablico do Trabalho (MPT). Tenho no\u00e7\u00e3o de administra\u00e7\u00e3o. Na secretaria, h\u00e1 uma equipe de funcion\u00e1rios efetivos e comissionados de primeira linha. Minha experi\u00eancia no servi\u00e7o p\u00fablico e como professor da rede particular e minha viv\u00eancia sindical me ajudar\u00e3o muito. Mas a parte fundamental, que me auxiliar\u00e1 mesmo, \u00e9 o time da pasta de Educa\u00e7\u00e3o.<\/span><\/p>\n<p>&nbsp;<\/p>\n<p><b>O governador provocou pol\u00eamica ao ignorar o resultado das consultas p\u00fablicas e implementar a gest\u00e3o compartilhada mesmo nas escolas que a rejeitaram. N\u00e3o \u00e9 antidemocr\u00e1tico?<\/b><\/p>\n<p><span style=\"font-weight: 400\">N\u00e3o. A democracia se expressou quando o governador foi eleito. Naquele momento, a popula\u00e7\u00e3o deu a ele a incumb\u00eancia de resolver os problemas da educa\u00e7\u00e3o e de outros setores, como sa\u00fade, seguran\u00e7a. Ele est\u00e1 tentando fazer isso da melhor maneira. Estamos com um projeto que temos certeza de que passar\u00e1 de experimental para proposta requerida por todas as escolas.<\/span><\/p>\n<p>&nbsp;<\/p>\n<p><b>O futuro do Gisno \u00e9 incerto, mas o CEF 407, de Samambaia, que tamb\u00e9m rejeitou o modelo em vota\u00e7\u00e3o, est\u00e1 garantido na gest\u00e3o compartilhada. Qual \u00e9 a diferen\u00e7a?<\/b><\/p>\n<p><span style=\"font-weight: 400\">L\u00e1, n\u00f3s temos um problema s\u00e9rio de seguran\u00e7a. Um dia depois da consulta p\u00fablica em que se rejeitou a proposta por uma diferen\u00e7a pequena, houve um incidente na porta da escola. Um aluno adolescente foi v\u00edtima de agress\u00e3o e foi parar no hospital. Isso \u00e9 uma necessidade daquela escola. Talvez n\u00e3o seja necessidade premente do Gisno, mas l\u00e1 \u00e9. O governador tem n\u00e3o s\u00f3 a legitimidade para impor os seus programas e para estabelecer as pol\u00edticas p\u00fablicas, mas tamb\u00e9m a responsabilidade de fazer isso. Ent\u00e3o, claro que isso passa por um processo de consulta, mas talvez o formato dessa consulta n\u00e3o tenha sido o melhor. \u00c9 poss\u00edvel que tenha se transformado o que seria uma consulta numa elei\u00e7\u00e3o. O governador acha que \u00e9 fundamental que l\u00e1 se tenha uma escola com o m\u00ednimo de seguran\u00e7a e disciplina.<\/span><\/p>\n<p>&nbsp;<\/p>\n<p><b>Em 2020, o governador pretende criar escolas 100% militarizadas. O senhor concorda com a medida?<\/b><\/p>\n<p><span style=\"font-weight: 400\">Trata-se de uma escola nos mesmos moldes dos col\u00e9gios militares federais. Ser\u00e1 opcional. Com certeza, uma escola dessas ter\u00e1 uma demanda muito maior. Ent\u00e3o, naturalmente, haver\u00e1 um processo de sele\u00e7\u00e3o. Quanto maior o n\u00famero dessas institui\u00e7\u00f5es de primeira linha, melhor para a educa\u00e7\u00e3o. Mas isso n\u00e3o significa que vamos militarizar todo o ensino.\u00a0<\/span><\/p>\n<p>&nbsp;<\/p>\n<p><b>O governador anunciou que deve criar uma subsecretaria de Escolas Compartilhadas, vinculada \u00e0 pasta de Educa\u00e7\u00e3o. Qual a import\u00e2ncia?<\/b><\/p>\n<p><span style=\"font-weight: 400\">Como \u00e9 um projeto novo e rec\u00e9m-implementado, requer um n\u00facleo apenas para a avalia\u00e7\u00e3o e proposi\u00e7\u00e3o de melhorias. Um olhar diferente \u00e9 necess\u00e1rio. O comando ainda ser\u00e1 discutido com o governador, mas, com certeza, n\u00e3o faltar\u00e3o quadros dentro do governo ou da Secretaria para cuidar disso.\u00a0<\/span><\/p>\n","protected":false},"excerpt":{"rendered":"<p>Ex-procurador-geral do Minist\u00e9rio P\u00fablico do Trabalho (MPT), Jo\u00e3o Pedro Ferraz assumiu a secret\u00e1ria de Educa\u00e7\u00e3o, nesta ter\u00e7a-feira (20\/08), com uma miss\u00e3o: acelerar a implementa\u00e7\u00e3o da gest\u00e3o compartilhada com a Pol\u00edcia Militar em escolas da capital. No primeiro dia \u00e0 frente da pasta, ele defendeu a decis\u00e3o do governador Ibaneis Rocha (MDB) de militarizar inclusive os col\u00e9gios que disseram \u201cn\u00e3o\u201d ao [&hellip;]<\/p>\n","protected":false},"author":90,"featured_media":16309,"comment_status":"open","ping_status":"closed","sticky":false,"template":"","format":"standard","meta":{"footnotes":""},"categories":[234],"tags":[1944,917,1594,1730],"class_list":["post-16308","post","type-post","status-publish","format-standard","has-post-thumbnail","hentry","category-cb-poder","tag-gisno","tag-ibaneis-rocha","tag-joao-pedro-ferraz","tag-militarizacao"],"_links":{"self":[{"href":"https:\/\/blogs.correiobraziliense.com.br\/cbpoder\/wp-json\/wp\/v2\/posts\/16308","targetHints":{"allow":["GET"]}}],"collection":[{"href":"https:\/\/blogs.correiobraziliense.com.br\/cbpoder\/wp-json\/wp\/v2\/posts"}],"about":[{"href":"https:\/\/blogs.correiobraziliense.com.br\/cbpoder\/wp-json\/wp\/v2\/types\/post"}],"author":[{"embeddable":true,"href":"https:\/\/blogs.correiobraziliense.com.br\/cbpoder\/wp-json\/wp\/v2\/users\/90"}],"replies":[{"embeddable":true,"href":"https:\/\/blogs.correiobraziliense.com.br\/cbpoder\/wp-json\/wp\/v2\/comments?post=16308"}],"version-history":[{"count":3,"href":"https:\/\/blogs.correiobraziliense.com.br\/cbpoder\/wp-json\/wp\/v2\/posts\/16308\/revisions"}],"predecessor-version":[{"id":16312,"href":"https:\/\/blogs.correiobraziliense.com.br\/cbpoder\/wp-json\/wp\/v2\/posts\/16308\/revisions\/16312"}],"wp:featuredmedia":[{"embeddable":true,"href":"https:\/\/blogs.correiobraziliense.com.br\/cbpoder\/wp-json\/wp\/v2\/media\/16309"}],"wp:attachment":[{"href":"https:\/\/blogs.correiobraziliense.com.br\/cbpoder\/wp-json\/wp\/v2\/media?parent=16308"}],"wp:term":[{"taxonomy":"category","embeddable":true,"href":"https:\/\/blogs.correiobraziliense.com.br\/cbpoder\/wp-json\/wp\/v2\/categories?post=16308"},{"taxonomy":"post_tag","embeddable":true,"href":"https:\/\/blogs.correiobraziliense.com.br\/cbpoder\/wp-json\/wp\/v2\/tags?post=16308"}],"curies":[{"name":"wp","href":"https:\/\/api.w.org\/{rel}","templated":true}]}}