{"id":16300,"date":"2019-08-20T15:50:27","date_gmt":"2019-08-20T18:50:27","guid":{"rendered":"https:\/\/blogs.correiobraziliense.com.br\/cbpoder\/?p=16300"},"modified":"2019-08-20T15:50:27","modified_gmt":"2019-08-20T18:50:27","slug":"ibaneis-pede-desculpas-a-deputados-depois-de-discussao-sobre-militarizacao","status":"publish","type":"post","link":"https:\/\/blogs.correiobraziliense.com.br\/cbpoder\/ibaneis-pede-desculpas-a-deputados-depois-de-discussao-sobre-militarizacao\/","title":{"rendered":"Ibaneis pede desculpas a deputados depois de discuss\u00e3o sobre militariza\u00e7\u00e3o"},"content":{"rendered":"<p>Ap\u00f3s uma acalorada discuss\u00e3o com o distrital F\u00e1bio F\u00e9lix (PSol) sobre a implementa\u00e7\u00e3o da gest\u00e3o compartilhada com a Pol\u00edcia Militar at\u00e9 mesmo nas escolas que rejeitaram o modelo, o governador Ibaneis Rocha (MDB) divulgou, nesta ter\u00e7a-feira (20\/08), carta aberta com um pedido de desculpas aos parlamentares.<\/p>\n<p>O bate-boca ocorreu na tarde desta segunda-feira (19), quando o chefe do Pal\u00e1cio do Buriti visitou o Legislativo local para entregar o projeto de lei que cria a Secretaria Extraordin\u00e1ria da Pessoa com Defici\u00eancia. Ibaneis se exaltou ap\u00f3s ter a postura criticada e ouvir um pedido de recuo: \u201cEu n\u00e3o vou discutir com voc\u00ea. A C\u00e2mara fique \u00e0 vontade com seus esquerdistas\u201d, disparou.<\/p>\n<p>Na carta aberta, o governador classificou o epis\u00f3dio como \u201cpequeno incidente\u201d. \u201cPor considerar que a ocasi\u00e3o era impr\u00f3pria para a discuss\u00e3o do tema, e ap\u00f3s diversas declara\u00e7\u00f5es p\u00fablicas sobre a mat\u00e9ria, reafirmei meu posicionamento de forma, possivelmente, inadequada, destacando que eventuais altera\u00e7\u00f5es na condu\u00e7\u00e3o do assunto deveriam ser explicitadas em legisla\u00e7\u00e3o precisa e clara\u201d, afirmou.<\/p>\n<p>Ibaneis acrescentou que o projeto mostra \u201cineg\u00e1vel \u00eaxito\u201d nas quatro institui\u00e7\u00f5es que funcionam sob o novo modelo de gest\u00e3o desde fevereiro e assegurou estar disposto a debater com a C\u00e2mara Legislativa sobre quaisquer temas. \u201cRessalto que j\u00e1 entrei em contato com o Deputado F\u00e1bio Felix, a fim de esclarecer o posicionamento do GDF e enfatizar a disposi\u00e7\u00e3o para construir alternativas negociadas\u201d, completou.<\/p>\n<p><strong>Distritais criticaram tom<\/strong><\/p>\n<p>Mais cedo, na Comiss\u00e3o de Constitui\u00e7\u00e3o e Justi\u00e7a (CCJ) da C\u00e2mara Legislativa, distritais haviam condenado a postura do governador. Roosevelt Vilela (PSB) alegou que, ao adotar o tom com F\u00e1bio F\u00e9lix, Ibaneis desrespeitou todo o Legislativo. O socialista citou recentes desentendimentos do chefe do Pal\u00e1cio do Buriti e alegou que tratam-se de demonstra\u00e7\u00f5es de \u201cdesequil\u00edbrio emocional\u201d.<\/p>\n<p>O deputado Reginaldo Veras (PDT) defendeu um pedido de desculpas formal do governador. &#8220;Se deixar passar em branco o que aconteceu embaixo do teto da C\u00e2mara, isso caracterizar\u00e1 subservi\u00eancia&#8221;, pontuou. Para o pedetista, Ibaneis foi &#8220;autorit\u00e1rio&#8221; e &#8220;intempestivo&#8221;.<\/p>\n","protected":false},"excerpt":{"rendered":"<p>Ap\u00f3s uma acalorada discuss\u00e3o com o distrital F\u00e1bio F\u00e9lix (PSol) sobre a implementa\u00e7\u00e3o da gest\u00e3o compartilhada com a Pol\u00edcia Militar at\u00e9 mesmo nas escolas que rejeitaram o modelo, o governador Ibaneis Rocha (MDB) divulgou, nesta ter\u00e7a-feira (20\/08), carta aberta com um pedido de desculpas aos parlamentares. O bate-boca ocorreu na tarde desta segunda-feira (19), quando o chefe do Pal\u00e1cio do [&hellip;]<\/p>\n","protected":false},"author":75,"featured_media":15525,"comment_status":"open","ping_status":"closed","sticky":false,"template":"","format":"standard","meta":{"footnotes":""},"categories":[234],"tags":[400,28,966],"class_list":["post-16300","post","type-post","status-publish","format-standard","has-post-thumbnail","hentry","category-cb-poder","tag-cldf","tag-distritais","tag-ibaneis"],"_links":{"self":[{"href":"https:\/\/blogs.correiobraziliense.com.br\/cbpoder\/wp-json\/wp\/v2\/posts\/16300","targetHints":{"allow":["GET"]}}],"collection":[{"href":"https:\/\/blogs.correiobraziliense.com.br\/cbpoder\/wp-json\/wp\/v2\/posts"}],"about":[{"href":"https:\/\/blogs.correiobraziliense.com.br\/cbpoder\/wp-json\/wp\/v2\/types\/post"}],"author":[{"embeddable":true,"href":"https:\/\/blogs.correiobraziliense.com.br\/cbpoder\/wp-json\/wp\/v2\/users\/75"}],"replies":[{"embeddable":true,"href":"https:\/\/blogs.correiobraziliense.com.br\/cbpoder\/wp-json\/wp\/v2\/comments?post=16300"}],"version-history":[{"count":1,"href":"https:\/\/blogs.correiobraziliense.com.br\/cbpoder\/wp-json\/wp\/v2\/posts\/16300\/revisions"}],"predecessor-version":[{"id":16301,"href":"https:\/\/blogs.correiobraziliense.com.br\/cbpoder\/wp-json\/wp\/v2\/posts\/16300\/revisions\/16301"}],"wp:featuredmedia":[{"embeddable":true,"href":"https:\/\/blogs.correiobraziliense.com.br\/cbpoder\/wp-json\/wp\/v2\/media\/15525"}],"wp:attachment":[{"href":"https:\/\/blogs.correiobraziliense.com.br\/cbpoder\/wp-json\/wp\/v2\/media?parent=16300"}],"wp:term":[{"taxonomy":"category","embeddable":true,"href":"https:\/\/blogs.correiobraziliense.com.br\/cbpoder\/wp-json\/wp\/v2\/categories?post=16300"},{"taxonomy":"post_tag","embeddable":true,"href":"https:\/\/blogs.correiobraziliense.com.br\/cbpoder\/wp-json\/wp\/v2\/tags?post=16300"}],"curies":[{"name":"wp","href":"https:\/\/api.w.org\/{rel}","templated":true}]}}