{"id":16273,"date":"2019-08-17T14:19:46","date_gmt":"2019-08-17T17:19:46","guid":{"rendered":"https:\/\/blogs.correiobraziliense.com.br\/cbpoder\/?p=16273"},"modified":"2019-08-17T14:19:46","modified_gmt":"2019-08-17T17:19:46","slug":"ibaneis-anuncia-investimento-de-r-26-milhoes-na-regularizacao-de-sao-sebastiao","status":"publish","type":"post","link":"https:\/\/blogs.correiobraziliense.com.br\/cbpoder\/ibaneis-anuncia-investimento-de-r-26-milhoes-na-regularizacao-de-sao-sebastiao\/","title":{"rendered":"Ibaneis anuncia investimento de R$ 26 milh\u00f5es na regulariza\u00e7\u00e3o de S\u00e3o Sebasti\u00e3o"},"content":{"rendered":"<p><span style=\"font-weight: 400\">O governador Ibaneis Rocha (MDB) anunciou, neste s\u00e1bado (17\/08), o investimento de R$ 26 milh\u00f5es na regulariza\u00e7\u00e3o de S\u00e3o Sebasti\u00e3o. Trata-se da primeira etapa de um longo processo, que envolve o desenvolvimento de estudos ambientais e projetos urban\u00edsticos.\u00a0<\/span><\/p>\n<p>&nbsp;<\/p>\n<p><span style=\"font-weight: 400\">Criada em 1993, a regi\u00e3o administrativa abriga <\/span><span style=\"font-weight: 400\">115.256 moradores, conforme a Pesquisa Distrital por Amostra de Domic\u00edlios (PDAD) de 2018. \u201cTodas essas situa\u00e7\u00f5es de irregularidade est\u00e3o sendo tratadas pela Codhab [Companhia de Desenvolvimento Habitacional do DF]. Todas as \u00e1reas onde for poss\u00edvel a regulariza\u00e7\u00e3o \u2014 e em quase todas \u00e9 poss\u00edvel \u2014 ser\u00e3o regularizadas\u201d, adiantou Ibaneis, durante o evento Sejus Mais Perto da Popula\u00e7\u00e3o, realizado na cidade.\u00a0<\/span><\/p>\n<p>&nbsp;<\/p>\n<blockquote><p><span style=\"font-weight: 400\">De acordo com o chefe do Pal\u00e1cio do Buriti, a iniciativa garante o cumprimento de uma promessa de campanha. \u201c<\/span><span style=\"font-weight: 400\">Ser\u00e3o mais de R$ 26 milh\u00f5es investidos em projetos e programas para que a gente possa regularizar todas as \u00e1reas e cumprir aquilo que dissemos na campanha: n\u00e3o vamos derrubar a casa de quem est\u00e1 com a sua moradia estabelecida\u201d, pontuou.<\/span><\/p><\/blockquote>\n<p>&nbsp;<\/p>\n<p><span style=\"font-weight: 400\">Ibaneis, entretanto, afirmou que o Governo do Distrito Federal (GDF) n\u00e3o deve tolerar novas ocupa\u00e7\u00f5es ilegais. \u201cVoc\u00eas, que s\u00e3o moradores, cuidem e denunciem, para que n\u00e3o ocorram novas invas\u00f5es. Sen\u00e3o isso n\u00e3o vai acabar nunca e voc\u00eas n\u00e3o ter\u00e3o seus direitos assegurados\u201d.\u00a0<\/span><\/p>\n<p><span style=\"font-weight: 400\">\u00a0<\/span><\/p>\n","protected":false},"excerpt":{"rendered":"<p>O governador Ibaneis Rocha (MDB) anunciou, neste s\u00e1bado (17\/08), o investimento de R$ 26 milh\u00f5es na regulariza\u00e7\u00e3o de S\u00e3o Sebasti\u00e3o. Trata-se da primeira etapa de um longo processo, que envolve o desenvolvimento de estudos ambientais e projetos urban\u00edsticos.\u00a0 &nbsp; Criada em 1993, a regi\u00e3o administrativa abriga 115.256 moradores, conforme a Pesquisa Distrital por Amostra de Domic\u00edlios (PDAD) de 2018. \u201cTodas [&hellip;]<\/p>\n","protected":false},"author":90,"featured_media":16274,"comment_status":"open","ping_status":"closed","sticky":false,"template":"","format":"standard","meta":{"footnotes":""},"categories":[234],"tags":[917,1220,1937],"class_list":["post-16273","post","type-post","status-publish","format-standard","has-post-thumbnail","hentry","category-cb-poder","tag-ibaneis-rocha","tag-regularizacao","tag-sao-sebastiao"],"_links":{"self":[{"href":"https:\/\/blogs.correiobraziliense.com.br\/cbpoder\/wp-json\/wp\/v2\/posts\/16273","targetHints":{"allow":["GET"]}}],"collection":[{"href":"https:\/\/blogs.correiobraziliense.com.br\/cbpoder\/wp-json\/wp\/v2\/posts"}],"about":[{"href":"https:\/\/blogs.correiobraziliense.com.br\/cbpoder\/wp-json\/wp\/v2\/types\/post"}],"author":[{"embeddable":true,"href":"https:\/\/blogs.correiobraziliense.com.br\/cbpoder\/wp-json\/wp\/v2\/users\/90"}],"replies":[{"embeddable":true,"href":"https:\/\/blogs.correiobraziliense.com.br\/cbpoder\/wp-json\/wp\/v2\/comments?post=16273"}],"version-history":[{"count":1,"href":"https:\/\/blogs.correiobraziliense.com.br\/cbpoder\/wp-json\/wp\/v2\/posts\/16273\/revisions"}],"predecessor-version":[{"id":16275,"href":"https:\/\/blogs.correiobraziliense.com.br\/cbpoder\/wp-json\/wp\/v2\/posts\/16273\/revisions\/16275"}],"wp:featuredmedia":[{"embeddable":true,"href":"https:\/\/blogs.correiobraziliense.com.br\/cbpoder\/wp-json\/wp\/v2\/media\/16274"}],"wp:attachment":[{"href":"https:\/\/blogs.correiobraziliense.com.br\/cbpoder\/wp-json\/wp\/v2\/media?parent=16273"}],"wp:term":[{"taxonomy":"category","embeddable":true,"href":"https:\/\/blogs.correiobraziliense.com.br\/cbpoder\/wp-json\/wp\/v2\/categories?post=16273"},{"taxonomy":"post_tag","embeddable":true,"href":"https:\/\/blogs.correiobraziliense.com.br\/cbpoder\/wp-json\/wp\/v2\/tags?post=16273"}],"curies":[{"name":"wp","href":"https:\/\/api.w.org\/{rel}","templated":true}]}}