{"id":16236,"date":"2019-08-15T18:57:50","date_gmt":"2019-08-15T21:57:50","guid":{"rendered":"https:\/\/blogs.correiobraziliense.com.br\/cbpoder\/?p=16236"},"modified":"2019-08-15T18:57:50","modified_gmt":"2019-08-15T21:57:50","slug":"gdf-enviara-a-camara-legislativa-projeto-que-cria-servico-voluntario-para-agentes-socioeducativos","status":"publish","type":"post","link":"https:\/\/blogs.correiobraziliense.com.br\/cbpoder\/gdf-enviara-a-camara-legislativa-projeto-que-cria-servico-voluntario-para-agentes-socioeducativos\/","title":{"rendered":"GDF enviar\u00e1 \u00e0 C\u00e2mara Legislativa projeto que cria servi\u00e7o volunt\u00e1rio para agentes socioeducativos"},"content":{"rendered":"<p><span style=\"font-weight: 400\">O Pal\u00e1cio do Buriti encaminhar\u00e1 \u00e0 C\u00e2mara Legislativa projeto de lei que prev\u00ea a cria\u00e7\u00e3o do servi\u00e7o volunt\u00e1rio para agentes socioeducativos. Entre as pautas priorit\u00e1rias da categoria, a proposi\u00e7\u00e3o deve reduzir os efeitos da falta de efetivo nas unidades de interna\u00e7\u00e3o e de atendimento em semiliberdade.\u00a0<\/span><\/p>\n<p>&nbsp;<\/p>\n<p><span style=\"font-weight: 400\">De acordo com o Sindicato <\/span><span style=\"font-weight: 400\">dos Servidores da Carreira Socioeducativa do DF (SINDSSE), faltam cerca de mil profissionais para o funcionamento \u201cideal\u201d do sistema. Hoje, 1,5 mil funcion\u00e1rios cuidam de 900 internos. Na \u00faltima semana, os agentes socioeducativos realizaram uma greve de dois dias, interrompida ap\u00f3s decis\u00e3o judicial e sob a expectativa da abertura de di\u00e1logo com o GDF.\u00a0\u00a0<\/span><\/p>\n<p>&nbsp;<\/p>\n<p><span style=\"font-weight: 400\">A leitura do projeto de lei, que autoriza que os profissionais <\/span><span style=\"font-weight: 400\">se apresentem ao trabalho no per\u00edodo de folga em troca de uma indeniza\u00e7\u00e3o, <\/span><span style=\"font-weight: 400\">ocorrer\u00e1 na audi\u00eancia p\u00fablica \u201cValoriza\u00e7\u00e3o dos Servidores Socioeducativos\u201d, promovida pelo distrital Reginaldo Sardinha (Avante), na pr\u00f3xima quinta-feira.<\/span><\/p>\n<p>&nbsp;<\/p>\n<blockquote><p><span style=\"font-weight: 400\">\u201cA proposta apenas cria a possibilidade do servi\u00e7o volunt\u00e1rio e o condiciona \u00e0 exist\u00eancia de or\u00e7amento e de servidores. Com isso, o gestor vai definir se pode ser feito ou n\u00e3o\u201d, explicou o secret\u00e1rio de Fazenda, Planejamento, Or\u00e7amento e Gest\u00e3o, Andr\u00e9 Clemente.<\/span><\/p><\/blockquote>\n<p>&nbsp;<\/p>\n<p><span style=\"font-weight: 400\">O titular da pasta acrescentou que o governo ainda n\u00e3o <\/span><span style=\"font-weight: 400\">mensurou o impacto financeiro da medida. \u201cA proposta n\u00e3o define a quantidade de servidores que poder\u00e3o aderir ou das horas m\u00eas a m\u00eas\u201d, pontuou.\u00a0<\/span><\/p>\n<p>&nbsp;<\/p>\n<p><span style=\"font-weight: 400\">O valor da di\u00e1ria, segundo Clemente, ser\u00e1 estabelecido em um ato do Executivo ap\u00f3s a aprova\u00e7\u00e3o do projeto de lei. \u201cN\u00e3o colocamos esse valor no texto, porque definiremos um geral para agentes do socioeducativo e penitenci\u00e1rios. Se o coloc\u00e1ssemos na norma, ter\u00edamos de atualizar ano a ano\u201d, emendou.<\/span><\/p>\n<p>&nbsp;<\/p>\n<p><span style=\"font-weight: 400\">A ideia \u00e9 que o servidores possam aderir ao servi\u00e7o volunt\u00e1rio apenas a partir do pr\u00f3ximo ano. \u201cAs restri\u00e7\u00f5es or\u00e7ament\u00e1rias e financeiras est\u00e3o sendo muito bem medidas neste primeiro ano de governo. Estamos tendo cuidado com despesas novas\u201d, justificou.\u00a0<\/span><\/p>\n<h2><\/h2>\n<h2><b>Di\u00e1logo intensificado<\/b><\/h2>\n<p>&nbsp;<\/p>\n<p><span style=\"font-weight: 400\">Presidente do <\/span><span style=\"font-weight: 400\">Sindicato dos Servidores da Carreira Socioeducativa do DF (SINDSSE), Alexandre Rodrigues alegou que a negocia\u00e7\u00e3o com o governo ocorreu \u201cda melhor maneira poss\u00edvel\u201d. \u201cO secret\u00e1rio de Justi\u00e7a, Gustavo Rocha, e o governador Ibaneis Rocha viram a necessidade da medida tanto para a administra\u00e7\u00e3o, quanto para os servidores\u201d, declarou.\u00a0<\/span><\/p>\n<p>&nbsp;<\/p>\n<p><span style=\"font-weight: 400\">Segundo o l\u00edder da entidade, as costuras relativas \u00e0s pautas priorit\u00e1rias da categoria devem continuar \u201cdentro do poss\u00edvel e das condi\u00e7\u00f5es que o governo pode oferecer\u201d. \u201cAinda reivindicamos o adicional por insalubridade e a gratifica\u00e7\u00e3o por titula\u00e7\u00e3o. Mas entendemos que h\u00e1 disp\u00eandio financeiro e certa dificuldade por parte do GDF, haja vista a situa\u00e7\u00e3o fiscal e econ\u00f4mica do Estado\u201d, emendou Alexandre.\u00a0<\/span><\/p>\n<p>&nbsp;<\/p>\n","protected":false},"excerpt":{"rendered":"<p>O Pal\u00e1cio do Buriti encaminhar\u00e1 \u00e0 C\u00e2mara Legislativa projeto de lei que prev\u00ea a cria\u00e7\u00e3o do servi\u00e7o volunt\u00e1rio para agentes socioeducativos. Entre as pautas priorit\u00e1rias da categoria, a proposi\u00e7\u00e3o deve reduzir os efeitos da falta de efetivo nas unidades de interna\u00e7\u00e3o e de atendimento em semiliberdade.\u00a0 &nbsp; De acordo com o Sindicato dos Servidores da Carreira Socioeducativa do DF (SINDSSE), [&hellip;]<\/p>\n","protected":false},"author":90,"featured_media":16096,"comment_status":"open","ping_status":"closed","sticky":false,"template":"","format":"standard","meta":{"footnotes":""},"categories":[234],"tags":[1934,917,1700],"class_list":["post-16236","post","type-post","status-publish","format-standard","has-post-thumbnail","hentry","category-cb-poder","tag-agentes-socioeducativos","tag-ibaneis-rocha","tag-servico-voluntario"],"_links":{"self":[{"href":"https:\/\/blogs.correiobraziliense.com.br\/cbpoder\/wp-json\/wp\/v2\/posts\/16236","targetHints":{"allow":["GET"]}}],"collection":[{"href":"https:\/\/blogs.correiobraziliense.com.br\/cbpoder\/wp-json\/wp\/v2\/posts"}],"about":[{"href":"https:\/\/blogs.correiobraziliense.com.br\/cbpoder\/wp-json\/wp\/v2\/types\/post"}],"author":[{"embeddable":true,"href":"https:\/\/blogs.correiobraziliense.com.br\/cbpoder\/wp-json\/wp\/v2\/users\/90"}],"replies":[{"embeddable":true,"href":"https:\/\/blogs.correiobraziliense.com.br\/cbpoder\/wp-json\/wp\/v2\/comments?post=16236"}],"version-history":[{"count":6,"href":"https:\/\/blogs.correiobraziliense.com.br\/cbpoder\/wp-json\/wp\/v2\/posts\/16236\/revisions"}],"predecessor-version":[{"id":16242,"href":"https:\/\/blogs.correiobraziliense.com.br\/cbpoder\/wp-json\/wp\/v2\/posts\/16236\/revisions\/16242"}],"wp:featuredmedia":[{"embeddable":true,"href":"https:\/\/blogs.correiobraziliense.com.br\/cbpoder\/wp-json\/wp\/v2\/media\/16096"}],"wp:attachment":[{"href":"https:\/\/blogs.correiobraziliense.com.br\/cbpoder\/wp-json\/wp\/v2\/media?parent=16236"}],"wp:term":[{"taxonomy":"category","embeddable":true,"href":"https:\/\/blogs.correiobraziliense.com.br\/cbpoder\/wp-json\/wp\/v2\/categories?post=16236"},{"taxonomy":"post_tag","embeddable":true,"href":"https:\/\/blogs.correiobraziliense.com.br\/cbpoder\/wp-json\/wp\/v2\/tags?post=16236"}],"curies":[{"name":"wp","href":"https:\/\/api.w.org\/{rel}","templated":true}]}}