{"id":16233,"date":"2019-08-15T18:46:05","date_gmt":"2019-08-15T21:46:05","guid":{"rendered":"https:\/\/blogs.correiobraziliense.com.br\/cbpoder\/?p=16233"},"modified":"2019-08-15T18:46:05","modified_gmt":"2019-08-15T21:46:05","slug":"liquida-df-consumidores-terao-creditos-do-nota-legal-em-dobro-durante-campanha","status":"publish","type":"post","link":"https:\/\/blogs.correiobraziliense.com.br\/cbpoder\/liquida-df-consumidores-terao-creditos-do-nota-legal-em-dobro-durante-campanha\/","title":{"rendered":"Liquida DF: consumidores ter\u00e3o cr\u00e9ditos do Nota Legal em dobro durante campanha"},"content":{"rendered":"<p><span style=\"font-weight: 400\">Ap\u00f3s cinco anos, o Liquida Distrito Federal voltar\u00e1 ao com\u00e9rcio da capital, entre 6 e 15 de setembro. Remasterizada, a semana de descontos ocorrer\u00e1 com s\u00e9rie de diferenciais em rela\u00e7\u00e3o \u00e0s edi\u00e7\u00f5es anteriores. O principal destaque fica pelo Programa Nota Legal: os consumidores que realizarem compras nas lojas participantes, no per\u00edodo da campanha, ganhar\u00e3o o dobro de cr\u00e9ditos. A C\u00e2mara dos Dirigentes Lojistas (CDL) espera a participa\u00e7\u00e3o de 6 mil estabelecimentos.<\/span><\/p>\n<p>&nbsp;<\/p>\n<blockquote><p><span style=\"font-weight: 400\">O Pal\u00e1cio do Buriti deve enviar um projeto de lei \u00e0 C\u00e2mara Legislativa na pr\u00f3xima semana com a previs\u00e3o da nova modalidade. Durante a campanha, o Executivo local estima incremento de R$ 6 milh\u00f5es na arrecada\u00e7\u00e3o. \u201cMesmo em meio ao momento de recess\u00e3o do pa\u00eds, queremos manter a economia do DF aquecida. Com apoio ao Liquida DF, auxiliamos a gera\u00e7\u00e3o de emprego e a amplia\u00e7\u00e3o das vendas e da renda\u201d, disse o secret\u00e1rio de Fazenda, Planejamento, Or\u00e7amento e Gest\u00e3o, Andr\u00e9 Clemente.<\/span><\/p><\/blockquote>\n<p>&nbsp;<\/p>\n<p><span style=\"font-weight: 400\">Apesar do curto prazo para delibera\u00e7\u00e3o, a proposta deve passar com folga no Legislativo local. \u201cA inten\u00e7\u00e3o \u00e9 de que a proposta chegue at\u00e9 a pr\u00f3xima ter\u00e7a-feira e, no mesmo dia, passe pelo plen\u00e1rio. O governador dialogou com os distritais sobre o tema. Est\u00e1 clara a import\u00e2ncia da proposi\u00e7\u00e3o para o aquecimento da economia como um todo\u201d, explicou o secret\u00e1rio de Rela\u00e7\u00f5es de Assuntos Parlamentares, Bispo Renato Andrade (PR).<\/span><\/p>\n<p>&nbsp;<\/p>\n<h2><b>Pontos e sorteio<\/b><\/h2>\n<p>&nbsp;<\/p>\n<p><span style=\"font-weight: 400\">Os lojistas interessados em participar da campanha devem realizar a inscri\u00e7\u00e3o pelo site <\/span><a href=\"http:\/\/www.adesao.liquidadf.com.br\/\"><i><span style=\"font-weight: 400\">www.adesao.liquidadf.com.br<\/span><\/i><\/a><span style=\"font-weight: 400\">. Segundo o presidente da CDL, Jos\u00e9 Carlos Magalh\u00e3es Pinto, os descontos oferecidos nos 10 dias de Liquida DF devem variar entre 20% e 70%. \u201cLan\u00e7amos o programa na \u00faltima ter\u00e7a-feira. Ent\u00e3o, n\u00e3o est\u00e1 claro quantos estabelecimentos far\u00e3o parte. Mas trabalharemos muito para atrai-los at\u00e9 2 ou 3 de setembro. Quanto mais integrantes, maiores ser\u00e3o as vendas\u201d, avaliou.<\/span><\/p>\n<p>&nbsp;<\/p>\n<blockquote><p><span style=\"font-weight: 400\">Para incentivar o mercado local, a CDL fechou parceria com o Wynk, aplicativo de ac\u00famulo de pontos e troca por produtos, dispon\u00edvel nos sistemas Android e iOS. Na maioria dos casos, a cada R$ 2 em aquisi\u00e7\u00f5es, o cliente ganha um ponto. O n\u00famero dobra em casos de compras com cart\u00f5es BRB. Para fazer a convers\u00e3o, o processo \u00e9 simples. Ap\u00f3s o cadastro e com a nota fiscal em m\u00e3os, o consumidor fotografa o QR Code do comprovante e, automaticamente, recebe a pontua\u00e7\u00e3o.<\/span><\/p><\/blockquote>\n<p>&nbsp;<\/p>\n<p><span style=\"font-weight: 400\">Depois dessa etapa, basta escolher por qual benef\u00edcio quer troc\u00e1-la. \u201cO cliente analisa as op\u00e7\u00f5es em uma rede de mais de 4 mil lojas credenciadas. Depois da escolha, um voucher \u00e9 emitido no pr\u00f3prio aplicativo\u201d, explicou o diretor comercial do Wynk, Leonardo Valen\u00e7a. \u201cOs comerciantes do Liquida DF que se cadastraram tamb\u00e9m ter\u00e3o benef\u00edcios. Disponibilizaremos a plataforma on-line para o an\u00fancio de promo\u00e7\u00f5es. Al\u00e9m disso, eles ter\u00e3o acesso \u00e0s informa\u00e7\u00f5es de consumo em tempo real\u201d, emendou.<\/span><\/p>\n","protected":false},"excerpt":{"rendered":"<p>Ap\u00f3s cinco anos, o Liquida Distrito Federal voltar\u00e1 ao com\u00e9rcio da capital, entre 6 e 15 de setembro. Remasterizada, a semana de descontos ocorrer\u00e1 com s\u00e9rie de diferenciais em rela\u00e7\u00e3o \u00e0s edi\u00e7\u00f5es anteriores. O principal destaque fica pelo Programa Nota Legal: os consumidores que realizarem compras nas lojas participantes, no per\u00edodo da campanha, ganhar\u00e3o o dobro de cr\u00e9ditos. A C\u00e2mara [&hellip;]<\/p>\n","protected":false},"author":90,"featured_media":16234,"comment_status":"open","ping_status":"closed","sticky":false,"template":"","format":"standard","meta":{"footnotes":""},"categories":[234],"tags":[195,1932,1930,1931,744],"class_list":["post-16233","post","type-post","status-publish","format-standard","has-post-thumbnail","hentry","category-cb-poder","tag-comercio","tag-desconto","tag-liquida-df","tag-nota-legal","tag-promocao"],"_links":{"self":[{"href":"https:\/\/blogs.correiobraziliense.com.br\/cbpoder\/wp-json\/wp\/v2\/posts\/16233","targetHints":{"allow":["GET"]}}],"collection":[{"href":"https:\/\/blogs.correiobraziliense.com.br\/cbpoder\/wp-json\/wp\/v2\/posts"}],"about":[{"href":"https:\/\/blogs.correiobraziliense.com.br\/cbpoder\/wp-json\/wp\/v2\/types\/post"}],"author":[{"embeddable":true,"href":"https:\/\/blogs.correiobraziliense.com.br\/cbpoder\/wp-json\/wp\/v2\/users\/90"}],"replies":[{"embeddable":true,"href":"https:\/\/blogs.correiobraziliense.com.br\/cbpoder\/wp-json\/wp\/v2\/comments?post=16233"}],"version-history":[{"count":1,"href":"https:\/\/blogs.correiobraziliense.com.br\/cbpoder\/wp-json\/wp\/v2\/posts\/16233\/revisions"}],"predecessor-version":[{"id":16235,"href":"https:\/\/blogs.correiobraziliense.com.br\/cbpoder\/wp-json\/wp\/v2\/posts\/16233\/revisions\/16235"}],"wp:featuredmedia":[{"embeddable":true,"href":"https:\/\/blogs.correiobraziliense.com.br\/cbpoder\/wp-json\/wp\/v2\/media\/16234"}],"wp:attachment":[{"href":"https:\/\/blogs.correiobraziliense.com.br\/cbpoder\/wp-json\/wp\/v2\/media?parent=16233"}],"wp:term":[{"taxonomy":"category","embeddable":true,"href":"https:\/\/blogs.correiobraziliense.com.br\/cbpoder\/wp-json\/wp\/v2\/categories?post=16233"},{"taxonomy":"post_tag","embeddable":true,"href":"https:\/\/blogs.correiobraziliense.com.br\/cbpoder\/wp-json\/wp\/v2\/tags?post=16233"}],"curies":[{"name":"wp","href":"https:\/\/api.w.org\/{rel}","templated":true}]}}