{"id":16199,"date":"2019-08-14T09:21:15","date_gmt":"2019-08-14T12:21:15","guid":{"rendered":"https:\/\/blogs.correiobraziliense.com.br\/cbpoder\/?p=16199"},"modified":"2019-08-14T09:21:15","modified_gmt":"2019-08-14T12:21:15","slug":"secretario-revela-plano-de-construcao-de-gasoduto-que-ligara-sao-carlos-sp-a-brasilia","status":"publish","type":"post","link":"https:\/\/blogs.correiobraziliense.com.br\/cbpoder\/secretario-revela-plano-de-construcao-de-gasoduto-que-ligara-sao-carlos-sp-a-brasilia\/","title":{"rendered":"Secret\u00e1rio revela plano para constru\u00e7\u00e3o de gasoduto que ligar\u00e1 S\u00e3o Carlos (SP) a Bras\u00edlia"},"content":{"rendered":"<h6><strong>Coluna Eixo Capital\/Por Ana Maria Campos<\/strong><\/h6>\n<p>&nbsp;<\/p>\n<h2><em><strong>\u00c0 QUEIMA-ROUPA<\/strong><\/em><\/h2>\n<p><strong>Ruy Coutinho, Secret\u00e1rio de Desenvolvimento Econ\u00f4mico do DF<\/strong><\/p>\n<p><strong>Voc\u00ea mencionou a possibilidade de entregar \u00e0 iniciativa a opera\u00e7\u00e3o da Rodovi\u00e1ria do Plano Piloto. Como seria isso?<\/strong><br \/>\nEstamos estudando, junto com o secret\u00e1rio de Transporte, uma forma de transferir a rodovi\u00e1ria \u00e0 iniciativa privada atrav\u00e9s de uma PPP ou concess\u00e3o. \u00c9 um equipamento urbano com graves problemas estruturais que tem merecido interven\u00e7\u00f5es fortes, mas sem surtir efeito satisfat\u00f3rio. Por ali transitam diariamente 600 mil pessoas.<\/p>\n<p><strong>Que outros projetos est\u00e3o em estudo?<\/strong><br \/>\nPrivatiza\u00e7\u00e3o da Caeab e Metr\u00f4, al\u00e9m da constru\u00e7\u00e3o do gasoduto S\u00e3o Carlos (SP) a Bras\u00edlia. Uma obra de 904 km que custar\u00e1 1 bilh\u00e3o de d\u00f3lares a serem investidos exclusivamente pela iniciativa privada. S\u00e3o Carlos \u00e9 o ponto de conex\u00e3o do gasoduto Brasil-Bol\u00edvia, de onde vem o g\u00e1s a ser direcionado para o DF.<\/p>\n<p><strong>PPPs, como o Centro Administrativo do DF, nunca funcionaram no DF. Neste caso, h\u00e1 suspeitas de corrup\u00e7\u00e3o. Como evitar que haja novos esc\u00e2ndalos?<\/strong><br \/>\nAumentar o rigor na fiscaliza\u00e7\u00e3o dos contratos, principalmente para impedir a forma\u00e7\u00e3o de cart\u00e9is de empreiteiras.<\/p>\n<p><strong>Do ponto de vista da iniciativa privada, o fato de PPPs n\u00e3o funcionarem cria uma certa inseguran\u00e7a jur\u00eddica para investimentos. Qual garantia o governo pode dar para quem quer entrar num neg\u00f3cio com o governo?<\/strong><br \/>\nAs PPPs n\u00e3o funcionaram no passado por equ\u00edvocos na sua formula\u00e7\u00e3o. Hoje h\u00e1 um clima jur\u00eddico-institucional positivo, maior transpar\u00eancia e efetivo controle por parte dos \u00f3rg\u00e3os reguladores.<\/p>\n<p><strong>H\u00e1 quem diga que o discurso radical do presidente Bolsonaro afugenta investidores internacionais. Acredita nisso?<\/strong><br \/>\nH\u00e1 abund\u00e2ncia de recursos dispon\u00edveis no mundo para investimentos. Temos a convic\u00e7\u00e3o de que nossos projetos s\u00e3o muito atrativos para o capital internacional.<\/p>\n","protected":false},"excerpt":{"rendered":"<p>Coluna Eixo Capital\/Por Ana Maria Campos &nbsp; \u00c0 QUEIMA-ROUPA Ruy Coutinho, Secret\u00e1rio de Desenvolvimento Econ\u00f4mico do DF Voc\u00ea mencionou a possibilidade de entregar \u00e0 iniciativa a opera\u00e7\u00e3o da Rodovi\u00e1ria do Plano Piloto. Como seria isso? Estamos estudando, junto com o secret\u00e1rio de Transporte, uma forma de transferir a rodovi\u00e1ria \u00e0 iniciativa privada atrav\u00e9s de uma PPP ou concess\u00e3o. \u00c9 um [&hellip;]<\/p>\n","protected":false},"author":9,"featured_media":16200,"comment_status":"open","ping_status":"closed","sticky":false,"template":"","format":"standard","meta":{"footnotes":""},"categories":[234],"tags":[],"class_list":["post-16199","post","type-post","status-publish","format-standard","has-post-thumbnail","hentry","category-cb-poder"],"_links":{"self":[{"href":"https:\/\/blogs.correiobraziliense.com.br\/cbpoder\/wp-json\/wp\/v2\/posts\/16199","targetHints":{"allow":["GET"]}}],"collection":[{"href":"https:\/\/blogs.correiobraziliense.com.br\/cbpoder\/wp-json\/wp\/v2\/posts"}],"about":[{"href":"https:\/\/blogs.correiobraziliense.com.br\/cbpoder\/wp-json\/wp\/v2\/types\/post"}],"author":[{"embeddable":true,"href":"https:\/\/blogs.correiobraziliense.com.br\/cbpoder\/wp-json\/wp\/v2\/users\/9"}],"replies":[{"embeddable":true,"href":"https:\/\/blogs.correiobraziliense.com.br\/cbpoder\/wp-json\/wp\/v2\/comments?post=16199"}],"version-history":[{"count":1,"href":"https:\/\/blogs.correiobraziliense.com.br\/cbpoder\/wp-json\/wp\/v2\/posts\/16199\/revisions"}],"predecessor-version":[{"id":16201,"href":"https:\/\/blogs.correiobraziliense.com.br\/cbpoder\/wp-json\/wp\/v2\/posts\/16199\/revisions\/16201"}],"wp:featuredmedia":[{"embeddable":true,"href":"https:\/\/blogs.correiobraziliense.com.br\/cbpoder\/wp-json\/wp\/v2\/media\/16200"}],"wp:attachment":[{"href":"https:\/\/blogs.correiobraziliense.com.br\/cbpoder\/wp-json\/wp\/v2\/media?parent=16199"}],"wp:term":[{"taxonomy":"category","embeddable":true,"href":"https:\/\/blogs.correiobraziliense.com.br\/cbpoder\/wp-json\/wp\/v2\/categories?post=16199"},{"taxonomy":"post_tag","embeddable":true,"href":"https:\/\/blogs.correiobraziliense.com.br\/cbpoder\/wp-json\/wp\/v2\/tags?post=16199"}],"curies":[{"name":"wp","href":"https:\/\/api.w.org\/{rel}","templated":true}]}}