{"id":16192,"date":"2019-08-13T21:08:56","date_gmt":"2019-08-14T00:08:56","guid":{"rendered":"https:\/\/blogs.correiobraziliense.com.br\/cbpoder\/?p=16192"},"modified":"2019-08-13T21:08:56","modified_gmt":"2019-08-14T00:08:56","slug":"bolsonaro-demite-paulo-fona-da-secretaria-de-imprensa-da-presidencia-da-republica","status":"publish","type":"post","link":"https:\/\/blogs.correiobraziliense.com.br\/cbpoder\/bolsonaro-demite-paulo-fona-da-secretaria-de-imprensa-da-presidencia-da-republica\/","title":{"rendered":"Bolsonaro demite Paulo Fona da Secretaria de Imprensa da Presid\u00eancia da Rep\u00fablica"},"content":{"rendered":"<h5>ANA MARIA CAMPOS<\/h5>\n<p>O presidente Jair Bolsonaro decidiu hoje (13\/08) exonerar o jornalista Paulo Fona do cargo de secret\u00e1rio de Imprensa da Presid\u00eancia da Rep\u00fablica.<\/p>\n<p>&nbsp;<\/p>\n<p>Nomeado na semana passada, Fona foi surpreendido com a decis\u00e3o. O presidente considerou o passado do jornalista como fundador do PT e secret\u00e1rio de Comunica\u00e7\u00e3o do governo de Rodrigo Rollemberg (PSB).<\/p>\n<p>&nbsp;<\/p>\n<p>Fona divulgou a seguinte manifesta\u00e7\u00e3o sobre a decis\u00e3o de Bolsonaro:<\/p>\n<p>&nbsp;<\/p>\n<p>\u201c<em>A decis\u00e3o da minha exonera\u00e7\u00e3o pelo Presidente da Rep\u00fablica me pegou de surpresa. Fui convidado para assumir a Secretaria de Imprensa, alertei-os de meu hist\u00f3rico e minha postura profissional e a inten\u00e7\u00e3o de ajudar na melhoria do relacionamento com a m\u00eddia em geral. O desafio era imenso, sempre soube, mas esperava maior profissionalismo, o que n\u00e3o encontrei. Em todos os governos que passei de diferentes partidos &#8211; MDB, PSDB e PSB &#8211; sempre trabalhei com o objetivo de tornar a Comunica\u00e7\u00e3o mais \u00e1gil, eficiente e transparente e leal \u00e0s propostas da gest\u00e3o.<\/em><br \/>\n<em>Foi assim que aprendi a trabalhar ao longo de quase quatro d\u00e9cadas, nos principais ve\u00edculos de comunica\u00e7\u00e3o do pa\u00eds e nas secretarias de Comunica\u00e7\u00e3o do Distrito Federal, por duas vezes, e do Rio Grande do Sul. Com meu pai aprendi a respeitar as pessoas e os cargos p\u00fablicos que me foram confiados. Constru\u00ed minha carreira profissional com meus pr\u00f3prios m\u00e9ritos e defeitos. Obrigado a todos os jornalistas que me acolheram de maneira calorosa e esperan\u00e7osa de que o relacionamento mudaria\u201d.<\/em><\/p>\n<p>Paulo Fona<\/p>\n","protected":false},"excerpt":{"rendered":"<p>ANA MARIA CAMPOS O presidente Jair Bolsonaro decidiu hoje (13\/08) exonerar o jornalista Paulo Fona do cargo de secret\u00e1rio de Imprensa da Presid\u00eancia da Rep\u00fablica. &nbsp; Nomeado na semana passada, Fona foi surpreendido com a decis\u00e3o. O presidente considerou o passado do jornalista como fundador do PT e secret\u00e1rio de Comunica\u00e7\u00e3o do governo de Rodrigo Rollemberg (PSB). &nbsp; Fona divulgou [&hellip;]<\/p>\n","protected":false},"author":9,"featured_media":16028,"comment_status":"open","ping_status":"closed","sticky":false,"template":"","format":"standard","meta":{"footnotes":""},"categories":[234],"tags":[1926,1143,1896,1925],"class_list":["post-16192","post","type-post","status-publish","format-standard","has-post-thumbnail","hentry","category-cb-poder","tag-a","tag-bolsonaro","tag-paulo-fona","tag-presidente"],"_links":{"self":[{"href":"https:\/\/blogs.correiobraziliense.com.br\/cbpoder\/wp-json\/wp\/v2\/posts\/16192","targetHints":{"allow":["GET"]}}],"collection":[{"href":"https:\/\/blogs.correiobraziliense.com.br\/cbpoder\/wp-json\/wp\/v2\/posts"}],"about":[{"href":"https:\/\/blogs.correiobraziliense.com.br\/cbpoder\/wp-json\/wp\/v2\/types\/post"}],"author":[{"embeddable":true,"href":"https:\/\/blogs.correiobraziliense.com.br\/cbpoder\/wp-json\/wp\/v2\/users\/9"}],"replies":[{"embeddable":true,"href":"https:\/\/blogs.correiobraziliense.com.br\/cbpoder\/wp-json\/wp\/v2\/comments?post=16192"}],"version-history":[{"count":1,"href":"https:\/\/blogs.correiobraziliense.com.br\/cbpoder\/wp-json\/wp\/v2\/posts\/16192\/revisions"}],"predecessor-version":[{"id":16193,"href":"https:\/\/blogs.correiobraziliense.com.br\/cbpoder\/wp-json\/wp\/v2\/posts\/16192\/revisions\/16193"}],"wp:featuredmedia":[{"embeddable":true,"href":"https:\/\/blogs.correiobraziliense.com.br\/cbpoder\/wp-json\/wp\/v2\/media\/16028"}],"wp:attachment":[{"href":"https:\/\/blogs.correiobraziliense.com.br\/cbpoder\/wp-json\/wp\/v2\/media?parent=16192"}],"wp:term":[{"taxonomy":"category","embeddable":true,"href":"https:\/\/blogs.correiobraziliense.com.br\/cbpoder\/wp-json\/wp\/v2\/categories?post=16192"},{"taxonomy":"post_tag","embeddable":true,"href":"https:\/\/blogs.correiobraziliense.com.br\/cbpoder\/wp-json\/wp\/v2\/tags?post=16192"}],"curies":[{"name":"wp","href":"https:\/\/api.w.org\/{rel}","templated":true}]}}