{"id":16180,"date":"2019-08-13T15:56:44","date_gmt":"2019-08-13T18:56:44","guid":{"rendered":"https:\/\/blogs.correiobraziliense.com.br\/cbpoder\/?p=16180"},"modified":"2019-08-13T16:00:36","modified_gmt":"2019-08-13T19:00:36","slug":"justica-condena-helio-jose-a-pagar-r-7-mil-por-ofensas-a-deputada","status":"publish","type":"post","link":"https:\/\/blogs.correiobraziliense.com.br\/cbpoder\/justica-condena-helio-jose-a-pagar-r-7-mil-por-ofensas-a-deputada\/","title":{"rendered":"Justi\u00e7a condena ex-senador H\u00e9lio Jos\u00e9 a pagar R$ 7 mil por ofensas a deputada"},"content":{"rendered":"<p><span style=\"font-weight: 400\">O 5\u00ba Ju\u00edzo Especial C\u00edvel de Bras\u00edlia condenou o ex-senador H\u00e9lio Jos\u00e9 (Pros) ao pagamento de R$ 7 mil, em indeniza\u00e7\u00e3o por danos morais, a deputada federal Paula Belmonte (Cidadania). Conforme a a\u00e7\u00e3o, o ex-parlamentar a acusou de compra de votos em um programa de r\u00e1dio, em 13 de outubro de 2018, dias ap\u00f3s o 1\u00ba turno das elei\u00e7\u00f5es.\u00a0<\/span><\/p>\n<p>&nbsp;<\/p>\n<p><span style=\"font-weight: 400\">\u00c0 Justi\u00e7a, a deputada afirmou que H\u00e9lio Jos\u00e9 ultrapassou \u201cos limites da informa\u00e7\u00e3o, emitindo opini\u00f5es pr\u00f3prias que afrontaram sua imagem e honra\u201d e pediu R$ 10 mil em repara\u00e7\u00e3o por danos morais.\u00a0<\/span><\/p>\n<p>&nbsp;<\/p>\n<p><span style=\"font-weight: 400\">Em contra-argumenta\u00e7\u00e3o, o ex-senador, que perdeu a disputa por uma cadeira na C\u00e2mara dos Deputados, declarou que, \u00e0 \u00e9poca, estava no exerc\u00edcio do mandato e, portanto, dispunha de imunidade parlamentar, mesmo fora da Casa por suas \u201copini\u00f5es, palavras e votos, afetando a possibilidade jur\u00eddica do pedido e excluindo sua responsabilidade civil\u201d.\u00a0\u00a0\u00a0<\/span><\/p>\n<p>&nbsp;<\/p>\n<blockquote><p><span style=\"font-weight: 400\">Contudo, na senten\u00e7a, proferida em 5 de agosto, a ju\u00edza Rita de C\u00e1ssia de Cerqueira Lima Rocha pontuou que a imunidade parlamentar \u201cn\u00e3o se confunde com irrestrita liberdade de manifesta\u00e7\u00e3o. \u201c<\/span><span style=\"font-weight: 400\">Verifico que n\u00e3o h\u00e1 vincula\u00e7\u00e3o com o exerc\u00edcio de um parlamentar imputar crime eleitoral \u00e0 autora (Paula Belmonte)\u201d, observou. E completou: \u201c\u00c9 evidente o car\u00e1ter sensacionalista e irrespons\u00e1vel dos coment\u00e1rios, que nada acrescentam aos expectadores, aos envolvidos e a toda a sociedade\u201d.<\/span><\/p><\/blockquote>\n<p>&nbsp;<\/p>\n<p><span style=\"font-weight: 400\">Ao <\/span><b>Correio<\/b><span style=\"font-weight: 400\">, H\u00e9lio Jos\u00e9 afirmou que recorrer\u00e1 da senten\u00e7a. \u201cMinhas alega\u00e7\u00f5es foram baseadas em fatos corriqueiros divulgados pela imprensa. Apenas repercuti not\u00edcias sobre o alto valor da campanha da deputada, al\u00e9m do financiamento\u201d, defendeu.<\/span><\/p>\n<p>&nbsp;<\/p>\n<p><span style=\"font-weight: 400\">A campanha de Paula Belmonte custou R$ 2,5 milh\u00f5es \u2014 teto estabelecido pela legisla\u00e7\u00e3o para a corrida pela C\u00e2mara dos Deputados. Desse valor, R$ 2,4 milh\u00f5es sa\u00edram do bolso da pr\u00f3pria parlamentar, casada com o empres\u00e1rio Lu\u00eds Felipe Belmonte, um dos principais doadores do \u00faltimo pleito.\u00a0\u00a0<\/span><\/p>\n<p>&nbsp;<\/p>\n","protected":false},"excerpt":{"rendered":"<p>O 5\u00ba Ju\u00edzo Especial C\u00edvel de Bras\u00edlia condenou o ex-senador H\u00e9lio Jos\u00e9 (Pros) ao pagamento de R$ 7 mil, em indeniza\u00e7\u00e3o por danos morais, a deputada federal Paula Belmonte (Cidadania). Conforme a a\u00e7\u00e3o, o ex-parlamentar a acusou de compra de votos em um programa de r\u00e1dio, em 13 de outubro de 2018, dias ap\u00f3s o 1\u00ba turno das elei\u00e7\u00f5es.\u00a0 &nbsp; [&hellip;]<\/p>\n","protected":false},"author":90,"featured_media":4502,"comment_status":"open","ping_status":"closed","sticky":false,"template":"","format":"standard","meta":{"footnotes":""},"categories":[234],"tags":[673,1924,257,1763],"class_list":["post-16180","post","type-post","status-publish","format-standard","has-post-thumbnail","hentry","category-cb-poder","tag-compra-de-votos","tag-danos-morais","tag-helio-jose","tag-paula-belmonte"],"_links":{"self":[{"href":"https:\/\/blogs.correiobraziliense.com.br\/cbpoder\/wp-json\/wp\/v2\/posts\/16180","targetHints":{"allow":["GET"]}}],"collection":[{"href":"https:\/\/blogs.correiobraziliense.com.br\/cbpoder\/wp-json\/wp\/v2\/posts"}],"about":[{"href":"https:\/\/blogs.correiobraziliense.com.br\/cbpoder\/wp-json\/wp\/v2\/types\/post"}],"author":[{"embeddable":true,"href":"https:\/\/blogs.correiobraziliense.com.br\/cbpoder\/wp-json\/wp\/v2\/users\/90"}],"replies":[{"embeddable":true,"href":"https:\/\/blogs.correiobraziliense.com.br\/cbpoder\/wp-json\/wp\/v2\/comments?post=16180"}],"version-history":[{"count":4,"href":"https:\/\/blogs.correiobraziliense.com.br\/cbpoder\/wp-json\/wp\/v2\/posts\/16180\/revisions"}],"predecessor-version":[{"id":16184,"href":"https:\/\/blogs.correiobraziliense.com.br\/cbpoder\/wp-json\/wp\/v2\/posts\/16180\/revisions\/16184"}],"wp:featuredmedia":[{"embeddable":true,"href":"https:\/\/blogs.correiobraziliense.com.br\/cbpoder\/wp-json\/wp\/v2\/media\/4502"}],"wp:attachment":[{"href":"https:\/\/blogs.correiobraziliense.com.br\/cbpoder\/wp-json\/wp\/v2\/media?parent=16180"}],"wp:term":[{"taxonomy":"category","embeddable":true,"href":"https:\/\/blogs.correiobraziliense.com.br\/cbpoder\/wp-json\/wp\/v2\/categories?post=16180"},{"taxonomy":"post_tag","embeddable":true,"href":"https:\/\/blogs.correiobraziliense.com.br\/cbpoder\/wp-json\/wp\/v2\/tags?post=16180"}],"curies":[{"name":"wp","href":"https:\/\/api.w.org\/{rel}","templated":true}]}}