{"id":16091,"date":"2019-08-01T16:31:10","date_gmt":"2019-08-01T19:31:10","guid":{"rendered":"https:\/\/blogs.correiobraziliense.com.br\/cbpoder\/?p=16091"},"modified":"2019-08-01T18:05:55","modified_gmt":"2019-08-01T21:05:55","slug":"ibaneis-camara-legislativa-privatizacoes","status":"publish","type":"post","link":"https:\/\/blogs.correiobraziliense.com.br\/cbpoder\/ibaneis-camara-legislativa-privatizacoes\/","title":{"rendered":"\u201cN\u00e3o estou aqui para radicalizar\u201d, diz Ibaneis sobre privatiza\u00e7\u00f5es"},"content":{"rendered":"<p>O governador Ibaneis Rocha (MDB) afirmou que ser\u00e1 preciso encontrar um \u201ccaminho do meio\u201d para a privatiza\u00e7\u00e3o das empresas p\u00fablicas do DF, a fim de proteger trabalhadores e, ao mesmo tempo, atender aos anseios da popula\u00e7\u00e3o. \u201cN\u00e3o estou aqui para radicalizar, vou estar do lado do povo\u201d, disse o emedebista. As declara\u00e7\u00f5es foram feitas em discurso na C\u00e2mara Legislativa, que voltou do recesso nesta quinta-feira (1\u00ba\/8), e faz refer\u00eancia aos pensamentos divergentes em rela\u00e7\u00e3o.<\/p>\n<p>Est\u00e1 nos planos do GDF a privatiza\u00e7\u00e3o do Metr\u00f4, da CEB e da Caesb. \u201cVivemos uma \u00e9poca em que o estado n\u00e3o tem recurso e temos de prestar servi\u00e7o, garantir emprego. Vamos encontrar a melhor maneira protegendo trabalhadores, mas atendendo a popula\u00e7\u00e3o\u201d, defendeu Ibaneis.<\/p>\n<p>Durante o discurso aos parlamentares, Ibaneis destacou que est\u00e1 satisfeito com a C\u00e2mara Legislativa\u00a0 e chamou a rela\u00e7\u00e3o de \u201cnova pol\u00edtica\u201d. \u201cNo DF, n\u00e3o existem rivais, n\u00e3o existe governo de esquerda ou de direita. Estamos no caminho do centro com um GDF e uma C\u00e2mara que querem o bem da popula\u00e7\u00e3o.\u201d<\/p>\n<p>O chefe do Executivo Local falou sobre outros temas cujo debate considera importante para o segundo semestre, como o projeto que criar\u00e1 o servi\u00e7o volunt\u00e1rio para agentes do sistema penitenci\u00e1rio. \u201cIsso \u00e9 importante porque n\u00e3o temos condi\u00e7\u00e3o de contratar todos agentes que precisamos. N\u00f3s n\u00e3o podemos esquecer que n\u00e3o temos dep\u00f3sito de pessoas, que est\u00e3o pagando pelas penalidades, mas o estado tem de traz\u00ea-las de volta\u201d, declarou.<\/p>\n<p>Ibaneis tamb\u00e9m comentou a perspectiva de vender terrenos do GDF atualmente sem utiliza\u00e7\u00e3o. \u201cS\u00e3o in\u00fameras \u00e1reas que est\u00e3o \u00e0 disposi\u00e7\u00e3o das secretarias, mas que n\u00e3o ser\u00e3o exploradas. Esses terrenos podem gerar recursos para a educa\u00e7\u00e3o, para a sa\u00fade\u201d, explicou. \u201cPreciso muito da C\u00e2mara Legislativa para que o debate seja feito de forma honesta.\u201d<\/p>\n","protected":false},"excerpt":{"rendered":"<p>O governador Ibaneis Rocha (MDB) afirmou que ser\u00e1 preciso encontrar um \u201ccaminho do meio\u201d para a privatiza\u00e7\u00e3o das empresas p\u00fablicas do DF, a fim de proteger trabalhadores e, ao mesmo tempo, atender aos anseios da popula\u00e7\u00e3o. \u201cN\u00e3o estou aqui para radicalizar, vou estar do lado do povo\u201d, disse o emedebista. As declara\u00e7\u00f5es foram feitas em discurso na C\u00e2mara Legislativa, que [&hellip;]<\/p>\n","protected":false},"author":75,"featured_media":16094,"comment_status":"open","ping_status":"closed","sticky":false,"template":"","format":"standard","meta":{"footnotes":""},"categories":[234],"tags":[],"class_list":["post-16091","post","type-post","status-publish","format-standard","has-post-thumbnail","hentry","category-cb-poder"],"_links":{"self":[{"href":"https:\/\/blogs.correiobraziliense.com.br\/cbpoder\/wp-json\/wp\/v2\/posts\/16091","targetHints":{"allow":["GET"]}}],"collection":[{"href":"https:\/\/blogs.correiobraziliense.com.br\/cbpoder\/wp-json\/wp\/v2\/posts"}],"about":[{"href":"https:\/\/blogs.correiobraziliense.com.br\/cbpoder\/wp-json\/wp\/v2\/types\/post"}],"author":[{"embeddable":true,"href":"https:\/\/blogs.correiobraziliense.com.br\/cbpoder\/wp-json\/wp\/v2\/users\/75"}],"replies":[{"embeddable":true,"href":"https:\/\/blogs.correiobraziliense.com.br\/cbpoder\/wp-json\/wp\/v2\/comments?post=16091"}],"version-history":[{"count":1,"href":"https:\/\/blogs.correiobraziliense.com.br\/cbpoder\/wp-json\/wp\/v2\/posts\/16091\/revisions"}],"predecessor-version":[{"id":16093,"href":"https:\/\/blogs.correiobraziliense.com.br\/cbpoder\/wp-json\/wp\/v2\/posts\/16091\/revisions\/16093"}],"wp:featuredmedia":[{"embeddable":true,"href":"https:\/\/blogs.correiobraziliense.com.br\/cbpoder\/wp-json\/wp\/v2\/media\/16094"}],"wp:attachment":[{"href":"https:\/\/blogs.correiobraziliense.com.br\/cbpoder\/wp-json\/wp\/v2\/media?parent=16091"}],"wp:term":[{"taxonomy":"category","embeddable":true,"href":"https:\/\/blogs.correiobraziliense.com.br\/cbpoder\/wp-json\/wp\/v2\/categories?post=16091"},{"taxonomy":"post_tag","embeddable":true,"href":"https:\/\/blogs.correiobraziliense.com.br\/cbpoder\/wp-json\/wp\/v2\/tags?post=16091"}],"curies":[{"name":"wp","href":"https:\/\/api.w.org\/{rel}","templated":true}]}}