{"id":16084,"date":"2019-07-31T07:43:00","date_gmt":"2019-07-31T10:43:00","guid":{"rendered":"https:\/\/blogs.correiobraziliense.com.br\/cbpoder\/?p=16084"},"modified":"2019-07-31T07:43:00","modified_gmt":"2019-07-31T10:43:00","slug":"corte-de-supersalarios-de-35-pessoas-gera-economia-de-r-200-mil-por-mes-na-caesb","status":"publish","type":"post","link":"https:\/\/blogs.correiobraziliense.com.br\/cbpoder\/corte-de-supersalarios-de-35-pessoas-gera-economia-de-r-200-mil-por-mes-na-caesb\/","title":{"rendered":"Corte de supersal\u00e1rios de 35 pessoas gera economia de R$ 200 mil por m\u00eas na Caesb"},"content":{"rendered":"<h6><strong>Coluna Eixo Capital\/Por Ana Maria Campos<\/strong><\/h6>\n<p>Com o corte nos supersal\u00e1rios de 35 empregados, a Companhia de Saneamento Ambiental do DF (Caesb) vai economizar R$ 200 mil por m\u00eas. A m\u00e9dia de extrateto \u00e9 de mais de R$ 5 mil. A empresa pretende cortar os contracheques, com base em decis\u00e3o do Tribunal Regional do Trabalho (TRT) da 10\u00aa Regi\u00e3o. O abate-teto estava impedido por liminar concedido ao Sindicato dos Trabalhadores na Ind\u00fastria da Purifica\u00e7\u00e3o e Distribui\u00e7\u00e3o de \u00c1gua e em Servi\u00e7os de Esgotos do Distrito Federal (Sind\u00e1gua-DF). O teto hoje no DF \u00e9 R$ 35.462,22.<\/p>\n<h2><strong>Rico<\/strong><\/h2>\n<p><a href=\"https:\/\/blogs.correiobraziliense.com.br\/cbpoder\/fraga-promoveu-encontro-entre-bolsonaro-e-augusto-aras-cotado-para-a-pgr\/\">Cotado para assumir a Procuradoria-Geral da Rep\u00fablica<\/a>, o subprocurador-geral Augusto Aras deixa claro nas conversas com interlocutores que dinheiro n\u00e3o \u00e9 problema. Como advoga, est\u00e1 muito bem de vida.<\/p>\n<h2><strong>Siga o dinheiro<\/strong><\/h2>\n<p><em>R$ 46.370.090,88<\/em><\/p>\n<p>\u00c9 o montante previsto para contrato, por licita\u00e7\u00e3o da Novacap, para manuten\u00e7\u00e3o e podas de \u00e1rvores.<\/p>\n<h2>\n<strong>Bastidores da Lava-Jato<\/strong><\/h2>\n<p>O ex-procurador-geral da Rep\u00fablica Rodrigo Janot vai lan\u00e7ar um livro sobre sua experi\u00eancia na Lava-Jato. Texto-reportagem do jornalista Jailton Carvalho, do jornal O Globo, fera na cobertura sobre investiga\u00e7\u00f5es e den\u00fancias de grande repercuss\u00e3o. Um detalhe: os integrantes da for\u00e7a-tarefa t\u00eam apelidos. Lan\u00e7amento \u00e9 previsto para setembro. Melhor momento para bastidores sobre a mais importante opera\u00e7\u00e3o de combate \u00e0 corrup\u00e7\u00e3o do pa\u00eds.<\/p>\n<h2>\n<strong>Mulheres no comando do MP<\/strong><\/h2>\n<p>Os Minist\u00e9rios P\u00fablicos dos estados e do DF bateram recorde na quantidade de mulheres como procuradoras-gerais no Brasil, com a posse, em 12 de julho, da promotora Carmelina Maria Mendes de Moura no Piau\u00ed. S\u00e3o oito mulheres no comando de MPs. A marca ser\u00e1 comemorada hoje pelo Conselho Nacional dos Procuradores-Gerais (CNPG), em parceria com o Minist\u00e9rio P\u00fablico do DF e Territ\u00f3rios (MPDFT), com uma vernissagem da exposi\u00e7\u00e3o Caminhos para a Criatividade: Geometria Constru\u00e7\u00e3o. A iniciativa tamb\u00e9m destaca a procuradora-geral da Rep\u00fablica, Raquel Dodge, que foi a primeira mulher a comandar o Minist\u00e9rio P\u00fablico da Uni\u00e3o, o Minist\u00e9rio P\u00fablico Federal e o Conselho Nacional do Minist\u00e9rio P\u00fablico. Para a procuradora-geral de Justi\u00e7a do Distrito Federal, Fabiana Costa, o evento \u00e9 simb\u00f3lico e traz \u00e0 discuss\u00e3o a representatividade de mulheres nos espa\u00e7os de poder. No MPDFT, ali\u00e1s, h\u00e1 ainda uma vice-procuradora-geral, Selma Sauerbronn.<\/p>\n<h2>\n<strong>Para coibir fraudes no celular<\/strong><\/h2>\n<p>Em tempos de intrus\u00e3o de celulares, a deputada Fl\u00e1via Arruda (PL) quer obrigar as operadoras a cobrarem a presen\u00e7a do titular do telefone para registrar chip pr\u00e9-pago. Muitos golpes de falso sequestro, pedido de dinheiro, falsa promo\u00e7\u00e3o t\u00eam por tr\u00e1s uma linha como essas. Em junho, a deputada foi alvo. Usaram uma foto dela em um n\u00famero de WhatsApp e pediram dinheiro para conhecidos. Mas ningu\u00e9m caiu na arma\u00e7\u00e3o. Projeto de lei apresentado ontem pela deputada trata do assunto.<\/p>\n<h2>\n<strong>Ex-secret\u00e1rios de Sa\u00fade s\u00e3o denunciados (de novo)<\/strong><\/h2>\n<p>Como resultado da Opera\u00e7\u00e3o Cont\u00eainer, o Minist\u00e9rio P\u00fablico do Distrito Federal e Territ\u00f3rios (MPDFT) <a href=\"https:\/\/blogs.correiobraziliense.com.br\/cbpoder\/ex-secretarios-e-mais-nove-pessoas-sao-denunciados-por-fraudes-na-saude-do-df\/\">denunciou os ex-secret\u00e1rios de Sa\u00fade Rafael Barbosa e Elias Miziara, al\u00e9m do ex-secret\u00e1rio-adjunto da pasta Fernando Antunes pelos crimes de associa\u00e7\u00e3o criminosa, peculato e fraude em licita\u00e7\u00e3o<\/a>. Outras oito pessoas s\u00e3o alvo da a\u00e7\u00e3o penal. Segundo a den\u00fancia dos promotores do Grupo de Atua\u00e7\u00e3o Especial de Combate ao Crime Organizado (Gaeco), as irregularidades foram cometidas nos processos de contrata\u00e7\u00e3o da Metal\u00fargica Valen\u00e7a, entre 2009 e 2013, pela Secretaria de Sa\u00fade para implanta\u00e7\u00e3o de UPAs. De acordo com as investiga\u00e7\u00f5es, o esquema foi importado do governo do Rio de Janeiro na gest\u00e3o de S\u00e9rgio Cabral e se estendeu ao DF e a outras unidades da Federa\u00e7\u00e3o por meio da venda de atas de registro de pre\u00e7o da Secretaria de Sa\u00fade do Rio.<\/p>\n<h2><strong>Longa programa\u00e7\u00e3o<\/strong><\/h2>\n<p>O presidente da Adasa, Paulo Salles, explica \u00e0 coluna o motivo de o \u00f3rg\u00e3o ter inscrito a maior comitiva a participar do Congresso Brasileiro de Regula\u00e7\u00e3o, em Macei\u00f3: \u201cDiretores e equipe t\u00e9cnica da Adasa estar\u00e3o acompanhando as atividades relacionadas \u00e0s cinco \u00e1reas que s\u00e3o de compet\u00eancia da Adasa: (abastecimento, recursos h\u00eddricos, coleta e tratamento de esgotos, manejo de res\u00edduos s\u00f3lidos e drenagem e manejo de \u00e1guas pluviais). Ser\u00e3o apresentados 11 trabalhos t\u00e9cnicos, proferidas sete palestras e seis atividades de modera\u00e7\u00e3o em mesas-redondas por t\u00e9cnicos e dirigentes desta Ag\u00eancia. A participa\u00e7\u00e3o da Adasa inclui ainda um estande em que ser\u00e3o apresentados os programas &#8216;Produtor de \u00c1gua no Pipiripau&#8217;, &#8216;Sala de Leitura&#8217;, &#8216;Adasa na Escola&#8217; e &#8216;Escola Sustent\u00e1vel&#8217;, quatro livros, al\u00e9m do relat\u00f3rio final do 8\u00ba F\u00f3rum Mundial da \u00c1gua e de cartilhas sobre re\u00faso de \u00e1gua cinza e aproveitamento de \u00e1gua de chuva.<\/p>\n","protected":false},"excerpt":{"rendered":"<p>Coluna Eixo Capital\/Por Ana Maria Campos Com o corte nos supersal\u00e1rios de 35 empregados, a Companhia de Saneamento Ambiental do DF (Caesb) vai economizar R$ 200 mil por m\u00eas. A m\u00e9dia de extrateto \u00e9 de mais de R$ 5 mil. A empresa pretende cortar os contracheques, com base em decis\u00e3o do Tribunal Regional do Trabalho (TRT) da 10\u00aa Regi\u00e3o. O [&hellip;]<\/p>\n","protected":false},"author":9,"featured_media":16085,"comment_status":"open","ping_status":"closed","sticky":false,"template":"","format":"standard","meta":{"footnotes":""},"categories":[234],"tags":[175,706],"class_list":["post-16084","post","type-post","status-publish","format-standard","has-post-thumbnail","hentry","category-cb-poder","tag-caesb","tag-supersalarios"],"_links":{"self":[{"href":"https:\/\/blogs.correiobraziliense.com.br\/cbpoder\/wp-json\/wp\/v2\/posts\/16084","targetHints":{"allow":["GET"]}}],"collection":[{"href":"https:\/\/blogs.correiobraziliense.com.br\/cbpoder\/wp-json\/wp\/v2\/posts"}],"about":[{"href":"https:\/\/blogs.correiobraziliense.com.br\/cbpoder\/wp-json\/wp\/v2\/types\/post"}],"author":[{"embeddable":true,"href":"https:\/\/blogs.correiobraziliense.com.br\/cbpoder\/wp-json\/wp\/v2\/users\/9"}],"replies":[{"embeddable":true,"href":"https:\/\/blogs.correiobraziliense.com.br\/cbpoder\/wp-json\/wp\/v2\/comments?post=16084"}],"version-history":[{"count":1,"href":"https:\/\/blogs.correiobraziliense.com.br\/cbpoder\/wp-json\/wp\/v2\/posts\/16084\/revisions"}],"predecessor-version":[{"id":16086,"href":"https:\/\/blogs.correiobraziliense.com.br\/cbpoder\/wp-json\/wp\/v2\/posts\/16084\/revisions\/16086"}],"wp:featuredmedia":[{"embeddable":true,"href":"https:\/\/blogs.correiobraziliense.com.br\/cbpoder\/wp-json\/wp\/v2\/media\/16085"}],"wp:attachment":[{"href":"https:\/\/blogs.correiobraziliense.com.br\/cbpoder\/wp-json\/wp\/v2\/media?parent=16084"}],"wp:term":[{"taxonomy":"category","embeddable":true,"href":"https:\/\/blogs.correiobraziliense.com.br\/cbpoder\/wp-json\/wp\/v2\/categories?post=16084"},{"taxonomy":"post_tag","embeddable":true,"href":"https:\/\/blogs.correiobraziliense.com.br\/cbpoder\/wp-json\/wp\/v2\/tags?post=16084"}],"curies":[{"name":"wp","href":"https:\/\/api.w.org\/{rel}","templated":true}]}}