{"id":16077,"date":"2019-07-30T14:35:28","date_gmt":"2019-07-30T17:35:28","guid":{"rendered":"https:\/\/blogs.correiobraziliense.com.br\/cbpoder\/?p=16077"},"modified":"2019-07-30T15:00:20","modified_gmt":"2019-07-30T18:00:20","slug":"ex-secretarios-e-mais-nove-pessoas-sao-denunciados-por-fraudes-na-saude-do-df","status":"publish","type":"post","link":"https:\/\/blogs.correiobraziliense.com.br\/cbpoder\/ex-secretarios-e-mais-nove-pessoas-sao-denunciados-por-fraudes-na-saude-do-df\/","title":{"rendered":"Ex-secret\u00e1rios e mais nove pessoas s\u00e3o denunciados por fraudes na sa\u00fade do DF"},"content":{"rendered":"<p>Os ex-secret\u00e1rios de Sa\u00fade do DF Rafael Barbosa e Elias Miziara e mais nove pessoas foram denunciadas por crimes de associa\u00e7\u00e3o criminosa, peculato e fraude em licita\u00e7\u00e3o pelo Grupo de Atua\u00e7\u00e3o Especial de Combate ao Crime Organizado do Minist\u00e9rio P\u00fablico do Distrito Federal e Territ\u00f3rios. A den\u00fancia, que apura os desvios na sa\u00fade p\u00fablica do DF, \u00e9 resultado da Opera\u00e7\u00e3o Conteiner, deflagrada em abril deste ano. Miziara e Barbosa chegaram a ser presos, \u00e0 \u00e9poca, mas foram liberados logo depois.<\/p>\n<p>Na den\u00fancia, o MP requer que seja fixado uma multa m\u00ednima de R$ 142 milh\u00f5es para \u201crepara\u00e7\u00e3o dos danos causados pelos atos criminosos praticados pelos denunciados, considerando os preju\u00edzos impostos aos cofres do Distrito Federal\u201d.<\/p>\n<p>As irregularidades teriam sido cometidas nos processos de contrata\u00e7\u00e3o da Metal\u00fargica Valen\u00e7a, entre 2009 e 2013. A empresa foi contratada pela Secretaria de Sa\u00fade para a entrega de materiais, montagem de UPAs e de estabelecimentos semelhantes. Foram firmados quatro contratos, que, segundo o Minist\u00e9rio P\u00fablico, tinham a inten\u00e7\u00e3o apenas de \u201cchancelar negociatas criminosas\u201d entre funcion\u00e1rios p\u00fablicos e empres\u00e1rios.<\/p>\n<p>De acordo com as investiga\u00e7\u00f5es do Minist\u00e9rio P\u00fablico, o esquema criminoso era capitaneado pelo ex-governador do Rio de Janeiro S\u00e9rgio Cabral e se estendeu ao DF e a outras unidades da federa\u00e7\u00e3o por meio da venda de atas de registro de pre\u00e7o da Secretaria de Sa\u00fade do Rio.<\/p>\n<p>A pasta do DF aderiu, por interm\u00e9dio dos servidores p\u00fablicos envolvidos no esquema, \u00e0s atas que, segundo o MP, \u201cestavam viciadas e j\u00e1 eram controladas pelo grupo criminoso de S\u00e9rgio Cabral\u201d. Havia sobrepre\u00e7o nos valores constantes nos documentos.<\/p>\n<p>Segundo a investiga\u00e7\u00e3o, todo o arranjo feito no Rio de Janeiro foi trazido para o DF para garantir a contrata\u00e7\u00e3o da Metal\u00fargica Valen\u00e7a para a montagem de Unidades de Pronto Atendimento da capital.<\/p>\n<p>Parte dos desvios foi tamb\u00e9m apurada no \u00e2mbito da Opera\u00e7\u00e3o Conex\u00e3o Bras\u00edlia, em que foram presos Rafael Barbosa e Elias Miziara.<\/p>\n<p>O advogado de Barbosa, Kleber Lacerda, afirma que o Minist\u00e9rio P\u00fablico n\u00e3o \u201cconseguiu, assim como na opera\u00e7\u00e3o Conex\u00e3o Bras\u00edlia, apresentar um \u00fanico elemento que possa comprovar que Barbosa tenha cometido as irregularidades\u201d. Ele critica a atua\u00e7\u00e3o do \u00f3rg\u00e3o no caso. \u201cO MP se pautou em investiga\u00e7\u00f5es que perduram muito mais que o tempo jurisdicional permite. Agora, vamos tomar conhecimento de todas as provas apresentadas para que seja providenciada a defesa, mas com a certeza de que n\u00e3o h\u00e1 elementos suficientes contra ele.\u201d<\/p>\n<p>O <strong>Correio<\/strong> n\u00e3o conseguiu contato com a defesa de Elias Miziara.<\/p>\n","protected":false},"excerpt":{"rendered":"<p>Os ex-secret\u00e1rios de Sa\u00fade do DF Rafael Barbosa e Elias Miziara e mais nove pessoas foram denunciadas por crimes de associa\u00e7\u00e3o criminosa, peculato e fraude em licita\u00e7\u00e3o pelo Grupo de Atua\u00e7\u00e3o Especial de Combate ao Crime Organizado do Minist\u00e9rio P\u00fablico do Distrito Federal e Territ\u00f3rios. A den\u00fancia, que apura os desvios na sa\u00fade p\u00fablica do DF, \u00e9 resultado da Opera\u00e7\u00e3o [&hellip;]<\/p>\n","protected":false},"author":75,"featured_media":16078,"comment_status":"open","ping_status":"closed","sticky":false,"template":"","format":"standard","meta":{"footnotes":""},"categories":[234],"tags":[],"class_list":["post-16077","post","type-post","status-publish","format-standard","has-post-thumbnail","hentry","category-cb-poder"],"_links":{"self":[{"href":"https:\/\/blogs.correiobraziliense.com.br\/cbpoder\/wp-json\/wp\/v2\/posts\/16077","targetHints":{"allow":["GET"]}}],"collection":[{"href":"https:\/\/blogs.correiobraziliense.com.br\/cbpoder\/wp-json\/wp\/v2\/posts"}],"about":[{"href":"https:\/\/blogs.correiobraziliense.com.br\/cbpoder\/wp-json\/wp\/v2\/types\/post"}],"author":[{"embeddable":true,"href":"https:\/\/blogs.correiobraziliense.com.br\/cbpoder\/wp-json\/wp\/v2\/users\/75"}],"replies":[{"embeddable":true,"href":"https:\/\/blogs.correiobraziliense.com.br\/cbpoder\/wp-json\/wp\/v2\/comments?post=16077"}],"version-history":[{"count":2,"href":"https:\/\/blogs.correiobraziliense.com.br\/cbpoder\/wp-json\/wp\/v2\/posts\/16077\/revisions"}],"predecessor-version":[{"id":16080,"href":"https:\/\/blogs.correiobraziliense.com.br\/cbpoder\/wp-json\/wp\/v2\/posts\/16077\/revisions\/16080"}],"wp:featuredmedia":[{"embeddable":true,"href":"https:\/\/blogs.correiobraziliense.com.br\/cbpoder\/wp-json\/wp\/v2\/media\/16078"}],"wp:attachment":[{"href":"https:\/\/blogs.correiobraziliense.com.br\/cbpoder\/wp-json\/wp\/v2\/media?parent=16077"}],"wp:term":[{"taxonomy":"category","embeddable":true,"href":"https:\/\/blogs.correiobraziliense.com.br\/cbpoder\/wp-json\/wp\/v2\/categories?post=16077"},{"taxonomy":"post_tag","embeddable":true,"href":"https:\/\/blogs.correiobraziliense.com.br\/cbpoder\/wp-json\/wp\/v2\/tags?post=16077"}],"curies":[{"name":"wp","href":"https:\/\/api.w.org\/{rel}","templated":true}]}}