{"id":16062,"date":"2019-07-29T07:38:07","date_gmt":"2019-07-29T10:38:07","guid":{"rendered":"https:\/\/blogs.correiobraziliense.com.br\/cbpoder\/?p=16062"},"modified":"2019-07-29T07:38:07","modified_gmt":"2019-07-29T10:38:07","slug":"gdf-sera-mais-rigido-para-evitar-contratacao-de-empresas-de-servidores","status":"publish","type":"post","link":"https:\/\/blogs.correiobraziliense.com.br\/cbpoder\/gdf-sera-mais-rigido-para-evitar-contratacao-de-empresas-de-servidores\/","title":{"rendered":"GDF ser\u00e1 mais r\u00edgido para evitar contrata\u00e7\u00e3o de empresas de servidores"},"content":{"rendered":"<h6><strong>Coluna Eixo Capital\/Por Ana Maria Campos<\/strong><\/h6>\n<p>Est\u00e1 pronta para sair nesta semana uma portaria da Controladoria-Geral do DF que prev\u00ea regras mais r\u00edgidas para controle na contrata\u00e7\u00e3o de empresas que t\u00eam como s\u00f3cios servidores p\u00fablicos. Para evitar irregularidades, que podem levar at\u00e9 \u00e0 demiss\u00e3o de funcion\u00e1rios quando houver conflito de interesse, o GDF, antes de fechar neg\u00f3cio com entidades privadas, dever\u00e1 cruzar o CPF dos s\u00f3cios com os dos servidores, para verificar se o gerente ou administrador da empresa trabalha no \u00f3rg\u00e3o p\u00fablico respons\u00e1vel pelo contrato ou pela licita\u00e7\u00e3o.<\/p>\n<h2><strong>Regula\u00e7\u00e3o e lazer<\/strong><\/h2>\n<p>Para o XI Congresso Brasileiro de Regula\u00e7\u00e3o, em Macei\u00f3, de 14 a 16 de agosto, participar\u00e3o 60 ag\u00eancias reguladoras do pa\u00eds. Bras\u00edlia, com a Adasa, bate o recorde de participantes. At\u00e9 agora foi pedido credenciamento para 20 pessoas, mais quatro diretores e um chefe de gabinete. Que fartura!<\/p>\n<h2>\n<strong>De mudan\u00e7a<\/strong><\/h2>\n<p>Com a concess\u00e3o do est\u00e1dio Man\u00e9 Garrincha para a iniciativa privada, representantes do Botafogo e do Corinthians acenaram com a possibilidade de trazer para Bras\u00edlia os seus e outros times de futebol feminino.<\/p>\n<h2><strong>PF, a guardi\u00e3 dos segredos da Rep\u00fablica<\/strong><\/h2>\n<p>Com o acervo de conversas do Telegram hackeadas do telefone de quase mil autoridades e personalidades p\u00fablicas, a Pol\u00edcia Federal se tornou a institui\u00e7\u00e3o mais poderosa da Rep\u00fablica. N\u00e3o \u00e0 toa, o ministro da Justi\u00e7a e Seguran\u00e7a P\u00fablica, S\u00e9rgio Moro, sugeriu que o material apreendido na Opera\u00e7\u00e3o Spoofing seja destru\u00eddo. Segredos e intimidades est\u00e3o guardados ali.<\/p>\n<h2><strong>Mandou bem<\/strong><\/h2>\n<p>Entrou em vigor lei que pro\u00edbe condenados pela Lei Maria da Penha ou por viol\u00eancia contra crian\u00e7as, idosos e adolescentes de assumir cargos em comiss\u00e3o ou fun\u00e7\u00f5es gratificadas no Distrito Federal. O projeto tem autoria do deputado Jo\u00e3o Cardoso (Avante).<\/p>\n<h2><strong>Mandou mal<\/strong><\/h2>\n<p>Depois de defender a suspens\u00e3o da obrigatoriedade do uso de cadeirinhas especiais para transporte de beb\u00eas, o presidente Jair Bolsonaro disse acreditar n\u00e3o ser necess\u00e1ria a exig\u00eancia de aulas de autoescola e exames para tirar carteira de motorista.<\/p>\n<h2>\n<strong>Desburocratizando<\/strong><\/h2>\n<p>O governador Ibaneis Rocha (MDB) pretende lan\u00e7ar um programa de desburocratiza\u00e7\u00e3o da m\u00e1quina p\u00fablica para agilizar os procedimentos no GDF. O projeto est\u00e1 sendo desenvolvido pela Secretaria de Justi\u00e7a e Cidadania. \u201cIsso passa por um processo de tecnologias novas, de incentivo a novas tecnologias. O Distrito Federal estava muito atrasado nessa \u00e1rea e vamos partir agora para esse campo\u201d, disse Ibaneis.<\/p>\n<h2>\n<strong>S\u00f3 papos<\/strong><\/h2>\n<blockquote><p>\n\u201cParabenizo a Pol\u00edcia Federal pela investiga\u00e7\u00e3o do grupo de hackers, assim como o MPF e a Justi\u00e7a Federal. Pessoas com antecedentes criminais, envolvidas em v\u00e1rias esp\u00e9cies de crimes. Elas, a fonte de confian\u00e7a daqueles que divulgaram as supostas mensagens obtidas por crime\u201d<\/p><\/blockquote>\n<p style=\"text-align: right\"><strong>S\u00e9rgio Moro, Ministro da Justi\u00e7a e Seguran\u00e7a P\u00fablica<\/strong><\/p>\n<blockquote><p>\u201cDeltan e Fux receberem Dinheiro da XP investimentos para participar de reuni\u00f5es clandestinas e por que n\u00e3o dizer conspirat\u00f3rias, com banqueiros para tratar de \u2018Lava-Jato e elei\u00e7\u00f5es 2018\u2019 . \u00c9, sem d\u00favida, o maior dos esc\u00e2ndalos desde o come\u00e7o dos vazamentos!\u201d<\/p><\/blockquote>\n<p style=\"text-align: right\"><strong>Deputada \u00c9rika Kokay (PT-DF)<\/strong><\/p>\n<h2><strong>Governador motoqueiro<\/strong><\/h2>\n<p>Apaixonado por motos, o ex-governador Agnelo Queiroz esteve ontem, como em anos anteriores, no Bras\u00edlia Capital Moto Week. L\u00e1, esbarrou com Ibaneis Rocha e ouviu do governador uma promessa. Ibaneis disse que vai tirar carteira de motorista de moto, ajudar a melhorar o evento e ir\u00e1, no pr\u00f3ximo ano, motorizado em duas rodas. O encontro foi amistoso. Agnelo deu em Ibaneis seu forte abra\u00e7o caracter\u00edstico.<\/p>\n<h2><strong>Enquanto isso&#8230; Na sala de Justi\u00e7a<\/strong><\/h2>\n<p>No meio jur\u00eddico, a aposta \u00e9 de que o presidente Jair Bolsonaro n\u00e3o vai ouvir pol\u00edticos ou integrantes de sua equipe nas nomea\u00e7\u00f5es para tribunais. Deve consultar os grupos que o apoiam: evang\u00e9licos, militares e os filhos. Para saber quem exerce influ\u00eancia no DF, uma boa pedida \u00e9 aguardar a escolha de Bolsonaro para a pr\u00f3xima vaga no TRE-DF. Ser\u00e1 um bom term\u00f4metro para a disputa pela vaga da OAB-DF no Tribunal de Justi\u00e7a do DF. A conferir.<\/p>\n","protected":false},"excerpt":{"rendered":"<p>Coluna Eixo Capital\/Por Ana Maria Campos Est\u00e1 pronta para sair nesta semana uma portaria da Controladoria-Geral do DF que prev\u00ea regras mais r\u00edgidas para controle na contrata\u00e7\u00e3o de empresas que t\u00eam como s\u00f3cios servidores p\u00fablicos. Para evitar irregularidades, que podem levar at\u00e9 \u00e0 demiss\u00e3o de funcion\u00e1rios quando houver conflito de interesse, o GDF, antes de fechar neg\u00f3cio com entidades privadas, [&hellip;]<\/p>\n","protected":false},"author":9,"featured_media":6294,"comment_status":"open","ping_status":"closed","sticky":false,"template":"","format":"standard","meta":{"footnotes":""},"categories":[234],"tags":[],"class_list":["post-16062","post","type-post","status-publish","format-standard","has-post-thumbnail","hentry","category-cb-poder"],"_links":{"self":[{"href":"https:\/\/blogs.correiobraziliense.com.br\/cbpoder\/wp-json\/wp\/v2\/posts\/16062","targetHints":{"allow":["GET"]}}],"collection":[{"href":"https:\/\/blogs.correiobraziliense.com.br\/cbpoder\/wp-json\/wp\/v2\/posts"}],"about":[{"href":"https:\/\/blogs.correiobraziliense.com.br\/cbpoder\/wp-json\/wp\/v2\/types\/post"}],"author":[{"embeddable":true,"href":"https:\/\/blogs.correiobraziliense.com.br\/cbpoder\/wp-json\/wp\/v2\/users\/9"}],"replies":[{"embeddable":true,"href":"https:\/\/blogs.correiobraziliense.com.br\/cbpoder\/wp-json\/wp\/v2\/comments?post=16062"}],"version-history":[{"count":1,"href":"https:\/\/blogs.correiobraziliense.com.br\/cbpoder\/wp-json\/wp\/v2\/posts\/16062\/revisions"}],"predecessor-version":[{"id":16063,"href":"https:\/\/blogs.correiobraziliense.com.br\/cbpoder\/wp-json\/wp\/v2\/posts\/16062\/revisions\/16063"}],"wp:featuredmedia":[{"embeddable":true,"href":"https:\/\/blogs.correiobraziliense.com.br\/cbpoder\/wp-json\/wp\/v2\/media\/6294"}],"wp:attachment":[{"href":"https:\/\/blogs.correiobraziliense.com.br\/cbpoder\/wp-json\/wp\/v2\/media?parent=16062"}],"wp:term":[{"taxonomy":"category","embeddable":true,"href":"https:\/\/blogs.correiobraziliense.com.br\/cbpoder\/wp-json\/wp\/v2\/categories?post=16062"},{"taxonomy":"post_tag","embeddable":true,"href":"https:\/\/blogs.correiobraziliense.com.br\/cbpoder\/wp-json\/wp\/v2\/tags?post=16062"}],"curies":[{"name":"wp","href":"https:\/\/api.w.org\/{rel}","templated":true}]}}