{"id":16001,"date":"2019-07-18T07:45:35","date_gmt":"2019-07-18T10:45:35","guid":{"rendered":"https:\/\/blogs.correiobraziliense.com.br\/cbpoder\/?p=16001"},"modified":"2019-07-18T07:45:35","modified_gmt":"2019-07-18T10:45:35","slug":"na-distribuicao-de-recursos-moro-vai-privilegiar-estados-que-fortalecerem-o-combate-a-corrupcao","status":"publish","type":"post","link":"https:\/\/blogs.correiobraziliense.com.br\/cbpoder\/na-distribuicao-de-recursos-moro-vai-privilegiar-estados-que-fortalecerem-o-combate-a-corrupcao\/","title":{"rendered":"Na distribui\u00e7\u00e3o de recursos, Moro vai privilegiar estados que fortalecerem o combate \u00e0 corrup\u00e7\u00e3o"},"content":{"rendered":"<h6><strong>Coluna Eixo Capital\/Por Ana Maria Campos<\/strong><\/h6>\n<p>Em meio ao bombardeio contra a Lava-Jato, o ministro da Justi\u00e7a e Seguran\u00e7a P\u00fablica, S\u00e9rgio Moro, quer criar 27 novas c\u00e9lulas, atuando nos estados, de combate \u00e0 corrup\u00e7\u00e3o para refor\u00e7ar o trabalho que j\u00e1 \u00e9 feito em \u00e2mbito nacional pela Pol\u00edcia Federal. Ele tem incentivado a cria\u00e7\u00e3o e o fortalecimento de delegacias ou departamentos especializados em crimes do colarinho branco, lavagem de dinheiro e contra a administra\u00e7\u00e3o p\u00fablica, das Pol\u00edcias Civis. O tema foi apresentado pela primeira vez aos governadores e secret\u00e1rios de Seguran\u00e7a, h\u00e1 dois meses, numa reuni\u00e3o em que Moro condicionou a libera\u00e7\u00e3o de recursos do Fundo Nacional de Seguran\u00e7a P\u00fablica ao cumprimento dessas metas.<\/p>\n<h2>\n<strong>Incentivo \u00e0 iniciativa ga\u00facha<\/strong><\/h2>\n<p>S\u00e9rgio Moro parabenizou ontem, pelo Twitter, a iniciativa do governador do Rio Grande do Sul, Eduardo Leite (PSDB), de assinar decreto que cria a Divis\u00e3o de Combate \u00e0 Corrup\u00e7\u00e3o dentro do Departamento Estadual de Investiga\u00e7\u00e3o Criminal (Deic) da Pol\u00edcia Civil ga\u00facha. \u201cO MJSP incentiva os Estados a criarem delegacias especializadas contra a corrup\u00e7\u00e3o. \u00c9 um dos crit\u00e9rios considerados para distribui\u00e7\u00e3o de recursos da seguran\u00e7a. Pol\u00edtica aprovada por todos\u201d, escreveu. E acrescentou: \u201cParabenizo o Governo do RS pela cria\u00e7\u00e3o por decreto de sua unidade. Juntos somos fortes\u201d.<\/p>\n<h2>\n<strong>Experi\u00eancia em palestras<\/strong><\/h2>\n<p>Dentro dessa pol\u00edtica, a Secretaria Nacional de Seguran\u00e7a P\u00fablica (Senasp) do MJSP, sob o comando do general Guilherme Theophilo, tem promovido palestras nos estados em que delegados da Pol\u00edcia Federal respons\u00e1veis por grandes opera\u00e7\u00f5es de combate \u00e0 corrup\u00e7\u00e3o apresentem suas experi\u00eancias e t\u00e9cnicas de investiga\u00e7\u00f5es. J\u00e1 est\u00e3o agendados eventos no Esp\u00edrito Santo e Goi\u00e1s. O delegado Jorge Pontes, diretor de Ensino e Pesquisa da Senasp, aposta que esquemas como o desvendado pela Lava-Jato no Rio de Janeiro poderiam ter sido descobertos muito antes, caso S\u00e9rgio Cabral tivesse incrementado o trabalho de intelig\u00eancia e investiga\u00e7\u00e3o da Pol\u00edcia Civil.<\/p>\n<h2>\n<strong>Resist\u00eancia de governadores<\/strong><\/h2>\n<p>O plano do ministro S\u00e9rgio Moro de incentivar a cria\u00e7\u00e3o de delegacias especializadas de combate \u00e0 corrup\u00e7\u00e3o enfrenta resist\u00eancias de governadores. O argumento \u00e9 de que o Minist\u00e9rio da Justi\u00e7a e Seguran\u00e7a P\u00fablica exige medidas burocr\u00e1ticas para liberar recursos do Fundo Nacional de Seguran\u00e7a P\u00fablica. Mas \u00e9 certo que uma Pol\u00edcia Civil atuante, fortalecida e independente incomoda os chefes do Poder Executivo. O alvo dessas investiga\u00e7\u00f5es? O pr\u00f3prio governo.<\/p>\n<h2>\n<strong>Ibaneis: dever de casa em dia<\/strong><\/h2>\n<p>O governador Ibaneis Rocha (MDB) afirma que nunca se envolveu em quest\u00f5es internas da Pol\u00edcia Civil do DF que, segundo ele, fica a cargo do secret\u00e1rio de Seguran\u00e7a P\u00fablica, Anderson Torres, mas aplaude a pol\u00edtica do Minist\u00e9rio da Justi\u00e7a. \u201cCrimes contra o colarinho branco s\u00e3o muito dif\u00edceis de serem detectados. Por isso, \u00e9 importante o investimento em tecnologia e estrutura. Recursos do governo federal ser\u00e3o bem-vindos, j\u00e1 que nossa parte tem sido feita\u201d, afirma. Desde fevereiro de 2018, o DF conta com o trabalho da Coordena\u00e7\u00e3o de Combate \u00e0 Corrup\u00e7\u00e3o, ao Crime Organizado, aos Crimes contra a Administra\u00e7\u00e3o P\u00fablica e contra a Ordem Tribut\u00e1ria (CECOR).<\/p>\n<h2><strong>Ministro da Educa\u00e7\u00e3o: PMs s\u00e3o her\u00f3is e manifestantes, meliantes<\/strong><\/h2>\n<p>Depois do confronto entre manifestantes da UNE e a PM, ocorrido na \u00faltima ter\u00e7a-feira, o ministro da Educa\u00e7\u00e3o, Abraham Weintraub, chamou os policiais militares de \u201cher\u00f3is\u201d e os estudantes de \u201cmeliantes\u201d. Nas redes sociais, o ministro do governo Bolsonaro postou um v\u00eddeo em que agradece o trabalho dos policiais e critica quem entrou nos embates, ao participar dos protestos por mais recursos para a educa\u00e7\u00e3o: \u201cQuer se manifestar democraticamente, voc\u00ea \u00e9 muito bem-vindo. Quer falar alhos e bugalhos a meu respeito est\u00e1 no seu direito. Agora destruir propriedade p\u00fablica, como \u00e9 o caso de viatura de pol\u00edcia que esses dois meliantes fizeram, agredir fisicamente o Major Peres ou o cabo Jo\u00e3o Ot\u00e1vio est\u00e1 errado\u201d. A PM reproduziu o v\u00eddeo no perfil da corpora\u00e7\u00e3o no Instagram.<\/p>\n<h2><strong>Para MPDFT, n\u00e3o cabe vis\u00e3o ideol\u00f3gica na responsabiliza\u00e7\u00e3o penal<\/strong><\/h2>\n<p>A declara\u00e7\u00e3o do ministro da Educa\u00e7\u00e3o, Abraham Weintraub, preocupou o promotor de Justi\u00e7a Fl\u00e1vio Milhomen, que atua na Promotoria Militar, do Minist\u00e9rio P\u00fablico do Distrito Federal e Territ\u00f3rios (MPDFT). \u201cN\u00e3o posso falar em nome do MPDFT, mas na qualidade de promotor Militar, me preocupa que o v\u00eddeo seja utilizado como forma de encorajamento a atos que n\u00e3o se atenham \u00e0 legalidade estrita que legitima a atua\u00e7\u00e3o de policiais militares\u201d, afirmou \u00e0 coluna. \u201cPoliciais militares s\u00e3o servidores p\u00fablicos que cumprem papel fundamental na garantia de Direito constitucionalmente assegurado, que \u00e9 a seguran\u00e7a p\u00fablica e, por exercerem tal atividade, merecem a gratid\u00e3o da sociedade, mas n\u00e3o podem se esquecer dos limites de sua atua\u00e7\u00e3o\u201d, acrescentou. Para o promotor, apenas uma investiga\u00e7\u00e3o pode apontar quem agiu corretamente. \u201cResponsabilidades penais decorrem da investiga\u00e7\u00e3o e posterior judicializa\u00e7\u00e3o dos fatos, e n\u00e3o de opini\u00e3o ideol\u00f3gica\u201d, disse.<\/p>\n<h2><strong>Vaquinha para despesas do Palocci<\/strong><\/h2>\n<p>Sete deputados que integram a CPI do BNDES fizeram uma vaquinha para custear as despesas de viagem do ex-ministro Ant\u00f4nio Palocci e de seu advogado para a oitiva ocorrida neste m\u00eas. A deputada Paula Belmonte (Cidadania-DF) depositou R$ 460 para bancar o combust\u00edvel da viagem. Pelo Twitter, ela reclamou que Palocci disse que n\u00e3o tinha dinheiro para vir a Bras\u00edlia, mas se hospedou em um hotel de luxo \u201ccom uma di\u00e1ria cujo valor \u00e9 maior que um sal\u00e1rio m\u00ednimo\u201d.<\/p>\n<h2>\n<strong>Parceria para qualifica\u00e7\u00e3o profissional<\/strong><\/h2>\n<p>O Distrito Federal ganhar\u00e1 tr\u00eas grandes empreendimentos com foco na qualifica\u00e7\u00e3o profissional, medida com foco no treinamento de m\u00e3o de obra para combater o desemprego. O presidente da Confedera\u00e7\u00e3o Nacional do Com\u00e9rcio de Bens, Servi\u00e7os e Turismo (CNC), Jos\u00e9 Roberto Tadros, acertou a iniciativa com o governador Ibaneis Rocha. Ser\u00e3o erguidos um hotel-escola, no Setor Hoteleiro, um restaurante-escola, na Asa Sul, e uma central de distribui\u00e7\u00e3o de alimentos. Tamb\u00e9m participaram do encontro o secret\u00e1rio de Fazenda, Or\u00e7amento, Planejamento e Gest\u00e3o, Andr\u00e9 Clemente, o presidente do Sistema Fecom\u00e9rcio-DF, Francisco Maia, e representantes da Embaixada da Gr\u00e9cia.<\/p>\n<h2>\n<strong>Proposta de reforma em estudo<\/strong><\/h2>\n<p>Na reuni\u00e3o, na sede da CNC em Bras\u00edlia, onde da janela \u00e9 poss\u00edvel ver o Teatro Nacional Cl\u00e1udio Santoro, o governador Ibaneis Rocha aproveitou a oportunidade para sugerir ao presidente da confedera\u00e7\u00e3o, Jos\u00e9 Roberto Tadros, que avalie a possibilidade de assumir a recupera\u00e7\u00e3o do monumento. Ele prometeu analisar o caso.<\/p>\n","protected":false},"excerpt":{"rendered":"<p>Coluna Eixo Capital\/Por Ana Maria Campos Em meio ao bombardeio contra a Lava-Jato, o ministro da Justi\u00e7a e Seguran\u00e7a P\u00fablica, S\u00e9rgio Moro, quer criar 27 novas c\u00e9lulas, atuando nos estados, de combate \u00e0 corrup\u00e7\u00e3o para refor\u00e7ar o trabalho que j\u00e1 \u00e9 feito em \u00e2mbito nacional pela Pol\u00edcia Federal. Ele tem incentivado a cria\u00e7\u00e3o e o fortalecimento de delegacias ou departamentos [&hellip;]<\/p>\n","protected":false},"author":9,"featured_media":16002,"comment_status":"open","ping_status":"closed","sticky":false,"template":"","format":"standard","meta":{"footnotes":""},"categories":[234],"tags":[],"class_list":["post-16001","post","type-post","status-publish","format-standard","has-post-thumbnail","hentry","category-cb-poder"],"_links":{"self":[{"href":"https:\/\/blogs.correiobraziliense.com.br\/cbpoder\/wp-json\/wp\/v2\/posts\/16001","targetHints":{"allow":["GET"]}}],"collection":[{"href":"https:\/\/blogs.correiobraziliense.com.br\/cbpoder\/wp-json\/wp\/v2\/posts"}],"about":[{"href":"https:\/\/blogs.correiobraziliense.com.br\/cbpoder\/wp-json\/wp\/v2\/types\/post"}],"author":[{"embeddable":true,"href":"https:\/\/blogs.correiobraziliense.com.br\/cbpoder\/wp-json\/wp\/v2\/users\/9"}],"replies":[{"embeddable":true,"href":"https:\/\/blogs.correiobraziliense.com.br\/cbpoder\/wp-json\/wp\/v2\/comments?post=16001"}],"version-history":[{"count":1,"href":"https:\/\/blogs.correiobraziliense.com.br\/cbpoder\/wp-json\/wp\/v2\/posts\/16001\/revisions"}],"predecessor-version":[{"id":16003,"href":"https:\/\/blogs.correiobraziliense.com.br\/cbpoder\/wp-json\/wp\/v2\/posts\/16001\/revisions\/16003"}],"wp:featuredmedia":[{"embeddable":true,"href":"https:\/\/blogs.correiobraziliense.com.br\/cbpoder\/wp-json\/wp\/v2\/media\/16002"}],"wp:attachment":[{"href":"https:\/\/blogs.correiobraziliense.com.br\/cbpoder\/wp-json\/wp\/v2\/media?parent=16001"}],"wp:term":[{"taxonomy":"category","embeddable":true,"href":"https:\/\/blogs.correiobraziliense.com.br\/cbpoder\/wp-json\/wp\/v2\/categories?post=16001"},{"taxonomy":"post_tag","embeddable":true,"href":"https:\/\/blogs.correiobraziliense.com.br\/cbpoder\/wp-json\/wp\/v2\/tags?post=16001"}],"curies":[{"name":"wp","href":"https:\/\/api.w.org\/{rel}","templated":true}]}}