{"id":15998,"date":"2019-07-17T19:39:04","date_gmt":"2019-07-17T22:39:04","guid":{"rendered":"https:\/\/blogs.correiobraziliense.com.br\/cbpoder\/?p=15998"},"modified":"2019-07-17T19:39:04","modified_gmt":"2019-07-17T22:39:04","slug":"ibaneis-instaura-comissao-de-sindicancia-para-investigar-casos-de-negligencia-no-hospital-de-samambaia","status":"publish","type":"post","link":"https:\/\/blogs.correiobraziliense.com.br\/cbpoder\/ibaneis-instaura-comissao-de-sindicancia-para-investigar-casos-de-negligencia-no-hospital-de-samambaia\/","title":{"rendered":"Ibaneis instaura Comiss\u00e3o de Sindic\u00e2ncia para investigar casos de neglig\u00eancia no Hospital de Samambaia"},"content":{"rendered":"<p><span style=\"font-weight: 400\">O governador Ibaneis Rocha (MDB) determinou a instaura\u00e7\u00e3o de uma Comiss\u00e3o de Sindic\u00e2ncia para apurar pelo menos 14 casos de neglig\u00eancia m\u00e9dica e viol\u00eancia obst\u00e9trica registrados no Hospital Regional de Samambaia (HRSam) \u2014 a Portaria que autoriza a medida deve ser publicada no <em>Di\u00e1rio Oficial do Distrito Federal<\/em> desta quinta-feira (18). Os epis\u00f3dios denunciados por v\u00edtimas s\u00e3o investigados pela Pol\u00edcia Civil, pelo Minist\u00e9rio P\u00fablico do DF e Territ\u00f3rios (MPDFT) e pelo Conselho Regional de Medicina do DF (CRM\/DF).\u00a0<\/span><\/p>\n<p>&nbsp;<\/p>\n<p><span style=\"font-weight: 400\">Os relatos indicam epis\u00f3dios b\u00e1rbaros, como a fratura na clav\u00edcula de um beb\u00ea durante o parto e o esquecimento de gazes dentro do corpo de pacientes, segundo a 26\u00aa D.P. (Samambaia), respons\u00e1vel pelas investiga\u00e7\u00f5es. A estudante Vanessa Gomes, 16 anos, \u00e9 uma das v\u00edtimas. No fim de junho, gr\u00e1vida de seis meses, ela sentiu fortes dores no abd\u00f4men durante a madrugada. Como mora a apenas 4 km do HRSam, recorreu ao centro m\u00e9dico. L\u00e1, esperou atendimento das 2h \u00e0s 09h50.<\/span><\/p>\n<p>&nbsp;<\/p>\n<blockquote><p><span style=\"font-weight: 400\">Sem os exames necess\u00e1rios, a m\u00e9dica de plant\u00e3o teria informado que o beb\u00ea estava morto e induzido parto. O menino, entretanto, nasceu com vida. A crian\u00e7a n\u00e3o resistiu e morreu por volta de 11h30. \u201cN\u00e3o me informaram o que causou a parada card\u00edaca dele. Depois do parto, fiz uma curetagem e minha m\u00e3e procurou a pol\u00edcia. Vamos atr\u00e1s de Justi\u00e7a. As pessoas respons\u00e1veis tem de pagar pelo que fizeram. Esperamos muito tempo por atendimento, apesar da urg\u00eancia\u201d, disse Vanessa.\u00a0<\/span><\/p><\/blockquote>\n<p>&nbsp;<\/p>\n<p><span style=\"font-weight: 400\">\u00c0 frente das investiga\u00e7\u00f5es, o delegado Guilherme Sousa Melo afirmou que os casos ocorreram entre 2014 e este ano. \u201cEram 11 den\u00fancias at\u00e9 segunda-feira. Mas, apenas nesta semana, outras tr\u00eas pessoas procuraram a delegacia para registrar ocorr\u00eancias. Os oito m\u00e9dicos diretamente envolvidos foram ouvidos. Com a amplia\u00e7\u00e3o das apura\u00e7\u00f5es, outros profissionais do hospital prestar\u00e3o depoimentos\u201d, explicou. \u201cCada caso ser\u00e1 objeto de um inqu\u00e9rito, para avan\u00e7armos mais r\u00e1pido\u201d, completou. Se comprovada a neglig\u00eancia, os m\u00e9dicos podem responder por omiss\u00e3o de socorro e homic\u00eddio culposo \u2014 quando n\u00e3o h\u00e1 inten\u00e7\u00e3o de matar.\u00a0\u00a0<\/span><\/p>\n<p>&nbsp;<\/p>\n<h2><b>Sindic\u00e2ncia<\/b><\/h2>\n<p>&nbsp;<\/p>\n<p><span style=\"font-weight: 400\">Apesar das den\u00fancias, o governador decidiu manter o diretor do Hospital, Luciano Moresco. Al\u00e9m disso, os m\u00e9dicos sob investiga\u00e7\u00e3o n\u00e3o ser\u00e3o afastados preventivamente. \u201cLuciano foi nomeado no in\u00edcio do ano e a maioria dos casos denunciados ocorreu em 2018. Sob a gest\u00e3o dele, at\u00e9 ent\u00e3o, o Hospital n\u00e3o havia dado problema\u201d, disse Ibaneis.\u00a0<\/span><\/p>\n<p>&nbsp;<\/p>\n<p><span style=\"font-weight: 400\">Por ora, os servidores n\u00e3o sofrer\u00e3o san\u00e7\u00f5es administrativas, porque o governo ainda analisa as contesta\u00e7\u00f5es m\u00e9dicas. \u201cTudo est\u00e1 em apura\u00e7\u00e3o. Por exemplo, existe uma den\u00fancia de fratura da clav\u00edcula de um feto. Mas h\u00e1 a argumenta\u00e7\u00e3o de que, em certos casos, o m\u00e9dico pode fazer o deslocamento para facilitar o parto. Al\u00e9m disso, o CRM\/DF acaba de come\u00e7ar a investigar\u201d, disse o governador.\u00a0<\/span><\/p>\n<p>&nbsp;<\/p>\n<blockquote><p><span style=\"font-weight: 400\">De acordo com o chefe do Pal\u00e1cio do Buriti, o secret\u00e1rio de Sa\u00fade, Osnei Okumoto, visitou o HRSam na noite de hoje para conversar com a equipe m\u00e9dica e anunciar a Comiss\u00e3o de Sindic\u00e2ncia. Rec\u00e9m-instaurado, o grupo ser\u00e1 formado por servidores de outras unidades m\u00e9dicas, a fim de assegurar a imparcialidade. \u201cEles analisar\u00e3o as den\u00fancias e acompanhar\u00e3o os pr\u00f3ximos procedimentos. Se comprovados atos irregulares, os respons\u00e1veis ser\u00e3o punidos\u201d, adiantou.<\/span><\/p><\/blockquote>\n<p>&nbsp;<\/p>\n<p><span style=\"font-weight: 400\">Em nota, a Secretaria de Sa\u00fade informou que \u201ctodas as provid\u00eancias est\u00e3o sendo tomadas pela dire\u00e7\u00e3o e Superintend\u00eancia da Regi\u00e3o de Sa\u00fade Sudoeste\u201d. \u201c<\/span><span style=\"font-weight: 400\">Um processo sigiloso foi aberto no \u00e2mbito da Secretaria de Sa\u00fade, que n\u00e3o ir\u00e1 se manifestar at\u00e9 a apura\u00e7\u00e3o de todos os fatos\u201d, destaca o texto.<\/span><\/p>\n<p><span style=\"font-weight: 400\">O MPDFT declarou, em nota, que investiga o caso por meio da Promotoria de Justi\u00e7a Criminal de Defesa dos Usu\u00e1rios dos Servi\u00e7os de Sa\u00fade (Pr\u00f3-vida). \u201cAs apura\u00e7\u00f5es est\u00e3o sob sigilo por conterem registros de prontu\u00e1rios m\u00e9dicos e outros dados relativos \u00e0 intimidade das v\u00edtimas\u201d.<\/span><\/p>\n","protected":false},"excerpt":{"rendered":"<p>O governador Ibaneis Rocha (MDB) determinou a instaura\u00e7\u00e3o de uma Comiss\u00e3o de Sindic\u00e2ncia para apurar pelo menos 14 casos de neglig\u00eancia m\u00e9dica e viol\u00eancia obst\u00e9trica registrados no Hospital Regional de Samambaia (HRSam) \u2014 a Portaria que autoriza a medida deve ser publicada no Di\u00e1rio Oficial do Distrito Federal desta quinta-feira (18). Os epis\u00f3dios denunciados por v\u00edtimas s\u00e3o investigados pela Pol\u00edcia [&hellip;]<\/p>\n","protected":false},"author":90,"featured_media":15999,"comment_status":"open","ping_status":"closed","sticky":false,"template":"","format":"standard","meta":{"footnotes":""},"categories":[234],"tags":[108,966,129,1890,1891],"class_list":["post-15998","post","type-post","status-publish","format-standard","has-post-thumbnail","hentry","category-cb-poder","tag-hospital","tag-ibaneis","tag-investigacao","tag-negligencia-medica","tag-violencia-obstetrica"],"_links":{"self":[{"href":"https:\/\/blogs.correiobraziliense.com.br\/cbpoder\/wp-json\/wp\/v2\/posts\/15998","targetHints":{"allow":["GET"]}}],"collection":[{"href":"https:\/\/blogs.correiobraziliense.com.br\/cbpoder\/wp-json\/wp\/v2\/posts"}],"about":[{"href":"https:\/\/blogs.correiobraziliense.com.br\/cbpoder\/wp-json\/wp\/v2\/types\/post"}],"author":[{"embeddable":true,"href":"https:\/\/blogs.correiobraziliense.com.br\/cbpoder\/wp-json\/wp\/v2\/users\/90"}],"replies":[{"embeddable":true,"href":"https:\/\/blogs.correiobraziliense.com.br\/cbpoder\/wp-json\/wp\/v2\/comments?post=15998"}],"version-history":[{"count":1,"href":"https:\/\/blogs.correiobraziliense.com.br\/cbpoder\/wp-json\/wp\/v2\/posts\/15998\/revisions"}],"predecessor-version":[{"id":16000,"href":"https:\/\/blogs.correiobraziliense.com.br\/cbpoder\/wp-json\/wp\/v2\/posts\/15998\/revisions\/16000"}],"wp:featuredmedia":[{"embeddable":true,"href":"https:\/\/blogs.correiobraziliense.com.br\/cbpoder\/wp-json\/wp\/v2\/media\/15999"}],"wp:attachment":[{"href":"https:\/\/blogs.correiobraziliense.com.br\/cbpoder\/wp-json\/wp\/v2\/media?parent=15998"}],"wp:term":[{"taxonomy":"category","embeddable":true,"href":"https:\/\/blogs.correiobraziliense.com.br\/cbpoder\/wp-json\/wp\/v2\/categories?post=15998"},{"taxonomy":"post_tag","embeddable":true,"href":"https:\/\/blogs.correiobraziliense.com.br\/cbpoder\/wp-json\/wp\/v2\/tags?post=15998"}],"curies":[{"name":"wp","href":"https:\/\/api.w.org\/{rel}","templated":true}]}}