{"id":15990,"date":"2019-07-16T17:43:00","date_gmt":"2019-07-16T20:43:00","guid":{"rendered":"https:\/\/blogs.correiobraziliense.com.br\/cbpoder\/?p=15990"},"modified":"2019-07-16T17:43:00","modified_gmt":"2019-07-16T20:43:00","slug":"oab-df-homologa-34-candidaturas-para-disputa-por-vaga-de-desembargador-do-tjdft","status":"publish","type":"post","link":"https:\/\/blogs.correiobraziliense.com.br\/cbpoder\/oab-df-homologa-34-candidaturas-para-disputa-por-vaga-de-desembargador-do-tjdft\/","title":{"rendered":"OAB\/DF homologa 34 candidaturas para disputa por vaga de desembargador do TJDFT"},"content":{"rendered":"<p>A diretoria da Ordem dos Advogados do Brasil \u2014 Conselho Seccional do Distrito Federal (OAB\/DF) confirmou 34 concorrentes na disputa por uma vaga de desembargador do Tribunal de Justi\u00e7a do DF e Territ\u00f3rios (TJDFT). Outras quatro candidaturas foram indeferidas devido a pend\u00eancias na documenta\u00e7\u00e3o exigida.<\/p>\n<p>Os nomes constam no Di\u00e1rio Eletr\u00f4nico da Ordem desta segunda-feira (15\/07). O prazo para pedidos de impugna\u00e7\u00e3o de candidaturas vence na sexta-feira (19\/07), bem como para que os concorrentes barrados recorram da decis\u00e3o da diretoria e apresentem os documentos pendentes.<\/p>\n<p>A disputa ocorrer\u00e1 de forma diferente dos dois \u00faltimos pleitos. Desta vez, na primeira etapa, o Conselho Seccional da entidade selecionar\u00e1, em 2 de agosto, os 12 candidatos entre os inscritos. Depois, os submeter\u00e1 \u00e0 vota\u00e7\u00e3o da classe de advogados para a forma\u00e7\u00e3o da lista s\u00eaxtupla que ser\u00e1 entregue \u00e0 Corte. Nas outras duas vezes, o processo ocorreu de forma inversa.<\/p>\n<p>No TJDFT, os seis nomes ser\u00e3o avaliados por todos os desembargadores, respons\u00e1veis pela escolha de tr\u00eas profissionais. A sele\u00e7\u00e3o final fica a cargo do presidente da Rep\u00fablica, Jair Bolsonaro (PSL). A vaga est\u00e1 em aberto desde a morte do magistrado Fl\u00e1vio Renato Jaquet Rostirola, em 15 de mar\u00e7o.<\/p>\n<p><strong>Concorrentes<\/strong><\/p>\n<p>Cinco dos 12 nomes escolhidos pelos advogados da capital na \u00faltima elei\u00e7\u00e3o para desembargador, em 2016, voltaram \u00e0 disputa. Entre os candidatos aparece Carolina Lisboa, que conquistou 2.896 votos na elei\u00e7\u00e3o interna e teve a candidatura referendada pelo Conselho Seccional e pelo TJDFT. O ex-presidente Michel Temer (MDB), por\u00e9m, escolheu Roberto Freitas para a vaga.<\/p>\n<p>O advogado Eduardo Lowenhaupt Cunha, um dos melhores amigos do ex-desembargador Fl\u00e1vio Rostirola, Eliane Ferreira Bastos, Andr\u00e9 Puppin e Paulo de Castro tamb\u00e9m concorrer\u00e3o.<\/p>\n<p><strong>Confira a lista completa de candidatos:<\/strong><\/p>\n<p>\u2014 \u00c1IDA DUTRA DANTAS;<\/p>\n<p>\u2014 ALEXANDRE ROCHA PINHEIRO;<\/p>\n<p>\u2014 ANA PAULA PEREIRA MENESES;<\/p>\n<p>\u2014 ANDRE PUPPIN MACEDO;<\/p>\n<p>\u2014 ANTONIO CARLOS NUNES DE OLIVEIRA;<\/p>\n<p>\u2014 BRENO DO CARMO MOREIRA VIEIRA;<\/p>\n<p>\u2014 CAROLINA CARDOSO GUIMAR\u00c3ES LISBOA;<\/p>\n<p>\u2014 CHRISTIANNE DIAS FERREIRA;<\/p>\n<p>\u2014 DANIELA PEON TAMANINI ROSALES;<\/p>\n<p>\u2014 EDUARDO LOWENHAUPT DA CUNHA;<\/p>\n<p>\u2014 ELIANE FERREIRA BASTOS;<\/p>\n<p>\u2014 ERICH ENDRILLO SANTOS SIMAS;<\/p>\n<p>\u2014 ERICK BIILL VIDIGAL;<\/p>\n<p>\u2014 FL\u00c1VIA DIAS AMARAL;<\/p>\n<p>\u2014 FLAVIO EDUARDO WANDERLEY BRITTO;<\/p>\n<p>\u2014 FRANCISCO ANTONIO DE CAMARGO RODRIGUES DE SOUZA;<\/p>\n<p>\u2014 GABRIELA NEHME BEMFICA;<\/p>\n<p>\u2014 JACKSON DI DOMENICO;<\/p>\n<p>\u2014 JOSE RUI CARNEIRO;<\/p>\n<p>\u2014 LUCAS SANTANA BARROS;<\/p>\n<p>\u2014 NATHALIA WALDOW DE SOUZA BAYL\u00c3O;<\/p>\n<p>\u2014 NELSON AGUIAR CAYRES;<\/p>\n<p>\u2014 PAULO ROBERTO DE CASTRO;<\/p>\n<p>\u2014 RAFAEL FREITAS DE OLIVEIRA;<\/p>\n<p>\u2014 REGINALDO DE OLIVEIRA SILVA;<\/p>\n<p>\u2014 RENATO MANUEL DUARTE COSTA;<\/p>\n<p>\u2014 ROBERTA BATISTA DE QUEIROZ;<\/p>\n<p>\u2014 ROBSON VIEIRA TEIXEIRA DE FREITAS;<\/p>\n<p>\u2014 ROG\u00c9RIO ANDRADE CAVALCANTI ARA\u00daJO;<\/p>\n<p>\u2014 RODRIGO FRANTZ BECKER;<\/p>\n<p>\u2014 S\u00c1LUA FAISAL HUSEIN;<\/p>\n<p>\u2014 SERGIO PALOMARES;<\/p>\n<p>\u2014 VALDIR DE CASTRO MIRANDA;<\/p>\n<p>\u2014 VALTER KAZUO TAKAHASHI.<\/p>\n","protected":false},"excerpt":{"rendered":"<p>A diretoria da Ordem dos Advogados do Brasil \u2014 Conselho Seccional do Distrito Federal (OAB\/DF) confirmou 34 concorrentes na disputa por uma vaga de desembargador do Tribunal de Justi\u00e7a do DF e Territ\u00f3rios (TJDFT). Outras quatro candidaturas foram indeferidas devido a pend\u00eancias na documenta\u00e7\u00e3o exigida. Os nomes constam no Di\u00e1rio Eletr\u00f4nico da Ordem desta segunda-feira (15\/07). O prazo para pedidos [&hellip;]<\/p>\n","protected":false},"author":90,"featured_media":6567,"comment_status":"open","ping_status":"closed","sticky":false,"template":"","format":"standard","meta":{"footnotes":""},"categories":[234],"tags":[274],"class_list":["post-15990","post","type-post","status-publish","format-standard","has-post-thumbnail","hentry","category-cb-poder","tag-oab"],"_links":{"self":[{"href":"https:\/\/blogs.correiobraziliense.com.br\/cbpoder\/wp-json\/wp\/v2\/posts\/15990","targetHints":{"allow":["GET"]}}],"collection":[{"href":"https:\/\/blogs.correiobraziliense.com.br\/cbpoder\/wp-json\/wp\/v2\/posts"}],"about":[{"href":"https:\/\/blogs.correiobraziliense.com.br\/cbpoder\/wp-json\/wp\/v2\/types\/post"}],"author":[{"embeddable":true,"href":"https:\/\/blogs.correiobraziliense.com.br\/cbpoder\/wp-json\/wp\/v2\/users\/90"}],"replies":[{"embeddable":true,"href":"https:\/\/blogs.correiobraziliense.com.br\/cbpoder\/wp-json\/wp\/v2\/comments?post=15990"}],"version-history":[{"count":1,"href":"https:\/\/blogs.correiobraziliense.com.br\/cbpoder\/wp-json\/wp\/v2\/posts\/15990\/revisions"}],"predecessor-version":[{"id":15991,"href":"https:\/\/blogs.correiobraziliense.com.br\/cbpoder\/wp-json\/wp\/v2\/posts\/15990\/revisions\/15991"}],"wp:featuredmedia":[{"embeddable":true,"href":"https:\/\/blogs.correiobraziliense.com.br\/cbpoder\/wp-json\/wp\/v2\/media\/6567"}],"wp:attachment":[{"href":"https:\/\/blogs.correiobraziliense.com.br\/cbpoder\/wp-json\/wp\/v2\/media?parent=15990"}],"wp:term":[{"taxonomy":"category","embeddable":true,"href":"https:\/\/blogs.correiobraziliense.com.br\/cbpoder\/wp-json\/wp\/v2\/categories?post=15990"},{"taxonomy":"post_tag","embeddable":true,"href":"https:\/\/blogs.correiobraziliense.com.br\/cbpoder\/wp-json\/wp\/v2\/tags?post=15990"}],"curies":[{"name":"wp","href":"https:\/\/api.w.org\/{rel}","templated":true}]}}