{"id":15957,"date":"2019-07-13T17:29:50","date_gmt":"2019-07-13T20:29:50","guid":{"rendered":"https:\/\/blogs.correiobraziliense.com.br\/cbpoder\/?p=15957"},"modified":"2019-07-13T17:29:50","modified_gmt":"2019-07-13T20:29:50","slug":"distrital-passa-a-noite-na-rodoviaria-disfarcado-de-morador-de-rua","status":"publish","type":"post","link":"https:\/\/blogs.correiobraziliense.com.br\/cbpoder\/distrital-passa-a-noite-na-rodoviaria-disfarcado-de-morador-de-rua\/","title":{"rendered":"Distrital passa a noite na rodovi\u00e1ria disfar\u00e7ado de morador de rua"},"content":{"rendered":"<p>Vestido com roupas sujas e desgastadas, o deputado distrital Jorge Vianna (Podemos) passou uma noite entre moradores de rua da Rodovi\u00e1ria do Plano Piloto e dos arredores do Hospital Regional da Asa Norte (HRAN). A a\u00e7\u00e3o, filmada e postada nas redes sociais do pol\u00edtico, tinha o objetivo de conhecer o cotidiano e a realidade de quem n\u00e3o tem sequer um lugar para dormir, segundo o deputado.<\/p>\n<p>Depois de conversar com moradores de rua e se passar por um deles, o parlamentar distribuiu agasalhos para os desabrigados que estavam nos locais. \u201cNo lan\u00e7amento do livro que conta a minha hist\u00f3ria, trocamos um exemplar por um agasalho e agora vamos entregar para quem precisa, principalmente para as pessoas que moram nas ruas. S\u00f3 que, antes de entregar, eu quero saber como eles vivem e conhecer a realidade deles\u201d, explicou o deputado, na postagem.<\/p>\n<p>https:\/\/www.facebook.com\/jorgeviannadf\/videos\/859899134367431\/?__xts__[0]=68.ARCpOtuduEOGC6tLlIfiePCSF5e43Qa5iclVRVxv0qxLa5sFIuYbVw1ArT0gVABPXWVcK9VW2zXjxfpxz4jLUl0k8oqVHc90Ov16SvZDYA00dyLnPUDVT6XHjHb_x0kQunDrm8OBolLqKFGpNcJrDLiN3w3qNzDCr7GUbo9froc_JaP890loqvTHht_lb4itABX2cWKaYnn2NUWvS0ohBWIbEvqq3So6Lo4GrvOMWa8JpXvFaFRtW9_yOOn1DAO94z0ZHAw4TKvh1kQn5CxY8QBMOZvgCRgU84KKJtGbm4vTlpJy3BBmg2v0LbUJnwmxPoPB2PUgjZ9CZKz_Qcu2iL-I_KzLS6xC-fDxbA&#038;__tn__=-R<\/p>\n<p>As imagens publicadas nas redes sociais do deputado mostram di\u00e1logos entre o parlamentar e moradores de rua, al\u00e9m de situa\u00e7\u00f5es em que Vianna tenta pedir dinheiro e comida na Rodovi\u00e1ria do Plano Piloto. A maioria dos pedidos do distrital foram negados.<\/p>\n<p>Em um trecho do v\u00eddeo, um dos homens que conversou com o deputado reclama do frio e das condi\u00e7\u00f5es da vida na rua. \u201cEstou velho, da\u00ed me d\u00e1 uma pneumonia e eu morro na rua igual a um cachorro\u201d, lamentou.<\/p>\n<p>\u201cSentimos na pele o que um morador de rua sente. Nosso objetivo de vir \u00e0 rodovi\u00e1ria foi justamente conhecer e ver como eles vivem e passam \u00e0 noite. Estar aqui nos fez entender como vive o morador de rua\u201d, disse Vianna, ao fim da experi\u00eancia.<\/p>\n<p>O deputado destacou a necessidade de promover pol\u00edticas p\u00fablicas que possam oferecer ajuda e tir\u00e1-los das ruas. \u201cN\u00f3s vamos pedir e cobrar e procurar entender mais a realidade para poder atender essa comunidade que tanto precisa\u201d, assegurou.<\/p>\n","protected":false},"excerpt":{"rendered":"<p>Vestido com roupas sujas e desgastadas, o deputado distrital Jorge Vianna (Podemos) passou uma noite entre moradores de rua da Rodovi\u00e1ria do Plano Piloto e dos arredores do Hospital Regional da Asa Norte (HRAN). A a\u00e7\u00e3o, filmada e postada nas redes sociais do pol\u00edtico, tinha o objetivo de conhecer o cotidiano e a realidade de quem n\u00e3o tem sequer um [&hellip;]<\/p>\n","protected":false},"author":75,"featured_media":15958,"comment_status":"open","ping_status":"closed","sticky":false,"template":"","format":"standard","meta":{"footnotes":""},"categories":[6],"tags":[400,80,1886,1885],"class_list":["post-15957","post","type-post","status-publish","format-standard","has-post-thumbnail","hentry","category-noticias","tag-cldf","tag-deputado","tag-jorge-vianna","tag-morador-de-rua"],"_links":{"self":[{"href":"https:\/\/blogs.correiobraziliense.com.br\/cbpoder\/wp-json\/wp\/v2\/posts\/15957","targetHints":{"allow":["GET"]}}],"collection":[{"href":"https:\/\/blogs.correiobraziliense.com.br\/cbpoder\/wp-json\/wp\/v2\/posts"}],"about":[{"href":"https:\/\/blogs.correiobraziliense.com.br\/cbpoder\/wp-json\/wp\/v2\/types\/post"}],"author":[{"embeddable":true,"href":"https:\/\/blogs.correiobraziliense.com.br\/cbpoder\/wp-json\/wp\/v2\/users\/75"}],"replies":[{"embeddable":true,"href":"https:\/\/blogs.correiobraziliense.com.br\/cbpoder\/wp-json\/wp\/v2\/comments?post=15957"}],"version-history":[{"count":1,"href":"https:\/\/blogs.correiobraziliense.com.br\/cbpoder\/wp-json\/wp\/v2\/posts\/15957\/revisions"}],"predecessor-version":[{"id":15959,"href":"https:\/\/blogs.correiobraziliense.com.br\/cbpoder\/wp-json\/wp\/v2\/posts\/15957\/revisions\/15959"}],"wp:featuredmedia":[{"embeddable":true,"href":"https:\/\/blogs.correiobraziliense.com.br\/cbpoder\/wp-json\/wp\/v2\/media\/15958"}],"wp:attachment":[{"href":"https:\/\/blogs.correiobraziliense.com.br\/cbpoder\/wp-json\/wp\/v2\/media?parent=15957"}],"wp:term":[{"taxonomy":"category","embeddable":true,"href":"https:\/\/blogs.correiobraziliense.com.br\/cbpoder\/wp-json\/wp\/v2\/categories?post=15957"},{"taxonomy":"post_tag","embeddable":true,"href":"https:\/\/blogs.correiobraziliense.com.br\/cbpoder\/wp-json\/wp\/v2\/tags?post=15957"}],"curies":[{"name":"wp","href":"https:\/\/api.w.org\/{rel}","templated":true}]}}