{"id":15889,"date":"2019-07-05T19:38:56","date_gmt":"2019-07-05T22:38:56","guid":{"rendered":"https:\/\/blogs.correiobraziliense.com.br\/cbpoder\/?p=15889"},"modified":"2019-07-05T19:38:56","modified_gmt":"2019-07-05T22:38:56","slug":"gdf-vai-investir-cerca-de-r-58-milhoes-na-implementacao-de-lavanderias-em-unidades-prisionais","status":"publish","type":"post","link":"https:\/\/blogs.correiobraziliense.com.br\/cbpoder\/gdf-vai-investir-cerca-de-r-58-milhoes-na-implementacao-de-lavanderias-em-unidades-prisionais\/","title":{"rendered":"GDF vai investir cerca de R$ 5,8 milh\u00f5es na implementa\u00e7\u00e3o de lavanderias em unidades prisionais"},"content":{"rendered":"<p><span style=\"font-weight: 400\">A Subsecretaria do Sistema Penitenci\u00e1rio (Sesipe) instaurou, nesta sexta-feira (05\/07), preg\u00e3o eletr\u00f4nico para a compra de m\u00e1quinas lavadoras e secadoras, carros para transporte de roupas, mesas met\u00e1licas e balan\u00e7as eletr\u00f4nicas com plataforma para os pres\u00eddios da capital. O valor estimado para as aquisi\u00e7\u00f5es \u00e9 de R$ 5,8 milh\u00f5es.<\/span><\/p>\n<p>&nbsp;<\/p>\n<p><span style=\"font-weight: 400\">A implementa\u00e7\u00e3o das lavanderias de uso exclusivo dos internos no sistema brasiliense \u00e9 in\u00e9dita. De acordo com a Sesipe, atualmente, cada detento \u00e9 respons\u00e1vel pela higiene dos seus objetos pessoais. \u201cEles lavam as pr\u00f3prias roupas e as colocam para secar durante o banho de sol, realizado diariamente\u201d, informa a nota da pasta.\u00a0<\/span><\/p>\n<p>&nbsp;<\/p>\n<blockquote><p><span style=\"font-weight: 400\">A <\/span><span style=\"font-weight: 400\">presidente da Associa\u00e7\u00e3o de Familiares de Internos e Internas do Sistema Penitenci\u00e1rio do DF e Entorno (Afisp-DFE), Alessandra Paes, afirma que a medida tende a diminuir problemas das penitenci\u00e1rias, como o mofo. \u201cEm quase todas as unidades prisionais, os detentos lavam as roupas e as colocam para secar na pr\u00f3pria cela, onde n\u00e3o h\u00e1 espa\u00e7o adequado para a secagem. Com a umidade, o mofo se alastra e, consequentemente, a insalubridade tamb\u00e9m\u201d, argumentou.<\/span><\/p><\/blockquote>\n<p>&nbsp;<\/p>\n<p><span style=\"font-weight: 400\">Para a presidente da entidade, a implementa\u00e7\u00e3o das lavanderias ainda pode contribuir para a diminui\u00e7\u00e3o de problemas de sa\u00fade no sistema. \u201cCom o mofo, muitos detentos contraem doen\u00e7as respirat\u00f3rias e de pele.\u201d, lembrou Alessandra. \u201cA reserva de um lugar adequado para a lavagem e secagem \u00e9, sem d\u00favidas, um m\u00e9todo preventivo\u201d, completou.<\/span><\/p>\n<p>&nbsp;<\/p>\n<p><span style=\"font-weight: 400\">O Sistema Penitenci\u00e1rio da capital abriga quase 17 mil presos. Os detentos usam roupas brancas providenciadas pelas fam\u00edlias, pois a Sesipe n\u00e3o disponibiliza uniformes.\u00a0\u00a0<\/span><\/p>\n<p>&nbsp;<\/p>\n<p><span style=\"font-weight: 400\">Conforme o preg\u00e3o eletr\u00f4nico publicado no Di\u00e1rio Oficial do DF (DODF), as empresas interessadas devem apresentar as propostas em 17 de julho. O prazo para a entrega dos materiais \u00e9 de 30 dias a partir da assinatura do contrato com o GDF.\u00a0<\/span><\/p>\n<p>&nbsp;<\/p>\n","protected":false},"excerpt":{"rendered":"<p>A Subsecretaria do Sistema Penitenci\u00e1rio (Sesipe) instaurou, nesta sexta-feira (05\/07), preg\u00e3o eletr\u00f4nico para a compra de m\u00e1quinas lavadoras e secadoras, carros para transporte de roupas, mesas met\u00e1licas e balan\u00e7as eletr\u00f4nicas com plataforma para os pres\u00eddios da capital. O valor estimado para as aquisi\u00e7\u00f5es \u00e9 de R$ 5,8 milh\u00f5es. &nbsp; A implementa\u00e7\u00e3o das lavanderias de uso exclusivo dos internos no sistema [&hellip;]<\/p>\n","protected":false},"author":90,"featured_media":6412,"comment_status":"open","ping_status":"closed","sticky":false,"template":"","format":"standard","meta":{"footnotes":""},"categories":[234],"tags":[16,1868,643,1869],"class_list":["post-15889","post","type-post","status-publish","format-standard","has-post-thumbnail","hentry","category-cb-poder","tag-gdf","tag-lavanderia","tag-sesipe","tag-unidade-prisional"],"_links":{"self":[{"href":"https:\/\/blogs.correiobraziliense.com.br\/cbpoder\/wp-json\/wp\/v2\/posts\/15889","targetHints":{"allow":["GET"]}}],"collection":[{"href":"https:\/\/blogs.correiobraziliense.com.br\/cbpoder\/wp-json\/wp\/v2\/posts"}],"about":[{"href":"https:\/\/blogs.correiobraziliense.com.br\/cbpoder\/wp-json\/wp\/v2\/types\/post"}],"author":[{"embeddable":true,"href":"https:\/\/blogs.correiobraziliense.com.br\/cbpoder\/wp-json\/wp\/v2\/users\/90"}],"replies":[{"embeddable":true,"href":"https:\/\/blogs.correiobraziliense.com.br\/cbpoder\/wp-json\/wp\/v2\/comments?post=15889"}],"version-history":[{"count":1,"href":"https:\/\/blogs.correiobraziliense.com.br\/cbpoder\/wp-json\/wp\/v2\/posts\/15889\/revisions"}],"predecessor-version":[{"id":15890,"href":"https:\/\/blogs.correiobraziliense.com.br\/cbpoder\/wp-json\/wp\/v2\/posts\/15889\/revisions\/15890"}],"wp:featuredmedia":[{"embeddable":true,"href":"https:\/\/blogs.correiobraziliense.com.br\/cbpoder\/wp-json\/wp\/v2\/media\/6412"}],"wp:attachment":[{"href":"https:\/\/blogs.correiobraziliense.com.br\/cbpoder\/wp-json\/wp\/v2\/media?parent=15889"}],"wp:term":[{"taxonomy":"category","embeddable":true,"href":"https:\/\/blogs.correiobraziliense.com.br\/cbpoder\/wp-json\/wp\/v2\/categories?post=15889"},{"taxonomy":"post_tag","embeddable":true,"href":"https:\/\/blogs.correiobraziliense.com.br\/cbpoder\/wp-json\/wp\/v2\/tags?post=15889"}],"curies":[{"name":"wp","href":"https:\/\/api.w.org\/{rel}","templated":true}]}}