{"id":15844,"date":"2019-07-03T15:31:54","date_gmt":"2019-07-03T18:31:54","guid":{"rendered":"https:\/\/blogs.correiobraziliense.com.br\/cbpoder\/?p=15844"},"modified":"2019-07-03T17:06:45","modified_gmt":"2019-07-03T20:06:45","slug":"obras-na-rodoviaria-comecam-no-fim-de-semana-promete-gdf","status":"publish","type":"post","link":"https:\/\/blogs.correiobraziliense.com.br\/cbpoder\/obras-na-rodoviaria-comecam-no-fim-de-semana-promete-gdf\/","title":{"rendered":"Obras na rodovi\u00e1ria come\u00e7am no fim de semana, promete GDF"},"content":{"rendered":"<p>Durante visita t\u00e9cnica, nesta quarta (2\/7), \u00e0 Rodovi\u00e1ria do Plano Piloto, o secret\u00e1rio de obras do DF, Iz\u00eddio Santos, afirmou que as obras no local devem come\u00e7ar neste fim de semana. O tr\u00e1fego de ve\u00edculos em trechos da parte superior est\u00e1 interditado desde a \u00faltima quarta-feira (26\/6). O chefe da pasta n\u00e3o adiantou detalhes do contrato emergencial que ser\u00e1 firmado para os reparos, mas garantiu que a negocia\u00e7\u00e3o, tocada pela Novacap, est\u00e1 avan\u00e7ada.<\/p>\n<p>As obras come\u00e7ar\u00e3o em duas laterais da cobertura da Rodovi\u00e1ria. Parte da estrutura ser\u00e1 derrubada para que se consiga acesso \u00e0s vigas de sustenta\u00e7\u00e3o.<\/p>\n<p>A visita foi acompanhada pelo governador\u00a0em exerc\u00edcio Paco Britto (Avante), que estabeleceu setembro como prazo para o fim das obras. De acordo com o secret\u00e1rio de obras, por\u00e9m, o per\u00edodo poder\u00e1 ser alterado a partir do in\u00edcio do trabalho. &#8220;Vamos trabalhar para reduzir esse tempo.&#8221;<\/p>\n<p>A estimativa atual do governo \u00e9 que os reparos custem cerca de R$ 6 milh\u00f5es, mas, de acordo com Iz\u00eddio, haver\u00e1 um esfor\u00e7o para que os gastos sejam menores. O secret\u00e1rio acrescentou que o governo est\u00e1 em contato com \u00f3rg\u00e3os de controle, como o Tribunal de Contas do DF, para evitar irregularidades e questionamentos, uma vez que o contrato ser\u00e1 emergencial.<\/p>\n<p>Durante a passagem pela rodovi\u00e1ria, o vice-governador Paco Britto destacou a import\u00e2ncia da obra. &#8220;Todos estamos dando nossa parte de sacrif\u00edcio e o governo agiu para resolver um problema de que vem de per\u00edodos anteriores&#8221;, argumentou.<\/p>\n<h2>Tr\u00e2nsito interditado<\/h2>\n<p>Desde quarta-feira,\u00a0nenhum carro pode circular no sentido norte-sul, entre o Conjunto Nacional e o Conic. No sentido sul-norte, o tr\u00e1fego est\u00e1 proibido para ve\u00edculos pesados. T\u00e9cnicos\u00a0do governo vinham fazendo um acompanhamento dos problemas estruturais da Rodovi\u00e1ria e, nos \u00faltimos dias, identificaram um agravamento do problema. Fissuras de 0,5cm triplicaram de tamanho. \u201cTemos um laudo indicando que, se as fissuras chegassem a 0,7cm, haveria um grande risco de desmoronamento. Para preservar a popula\u00e7\u00e3o, vamos interditar um dos trechos imediatamente\u201d, explicou Ibaneis Rocha, na coletiva em que anunciou a decis\u00e3o.<\/p>\n","protected":false},"excerpt":{"rendered":"<p>Durante visita t\u00e9cnica, nesta quarta (2\/7), \u00e0 Rodovi\u00e1ria do Plano Piloto, o secret\u00e1rio de obras do DF, Iz\u00eddio Santos, afirmou que as obras no local devem come\u00e7ar neste fim de semana. O tr\u00e1fego de ve\u00edculos em trechos da parte superior est\u00e1 interditado desde a \u00faltima quarta-feira (26\/6). O chefe da pasta n\u00e3o adiantou detalhes do contrato emergencial que ser\u00e1 firmado [&hellip;]<\/p>\n","protected":false},"author":75,"featured_media":15788,"comment_status":"open","ping_status":"closed","sticky":false,"template":"","format":"standard","meta":{"footnotes":""},"categories":[234],"tags":[],"class_list":["post-15844","post","type-post","status-publish","format-standard","has-post-thumbnail","hentry","category-cb-poder"],"_links":{"self":[{"href":"https:\/\/blogs.correiobraziliense.com.br\/cbpoder\/wp-json\/wp\/v2\/posts\/15844","targetHints":{"allow":["GET"]}}],"collection":[{"href":"https:\/\/blogs.correiobraziliense.com.br\/cbpoder\/wp-json\/wp\/v2\/posts"}],"about":[{"href":"https:\/\/blogs.correiobraziliense.com.br\/cbpoder\/wp-json\/wp\/v2\/types\/post"}],"author":[{"embeddable":true,"href":"https:\/\/blogs.correiobraziliense.com.br\/cbpoder\/wp-json\/wp\/v2\/users\/75"}],"replies":[{"embeddable":true,"href":"https:\/\/blogs.correiobraziliense.com.br\/cbpoder\/wp-json\/wp\/v2\/comments?post=15844"}],"version-history":[{"count":8,"href":"https:\/\/blogs.correiobraziliense.com.br\/cbpoder\/wp-json\/wp\/v2\/posts\/15844\/revisions"}],"predecessor-version":[{"id":15853,"href":"https:\/\/blogs.correiobraziliense.com.br\/cbpoder\/wp-json\/wp\/v2\/posts\/15844\/revisions\/15853"}],"wp:featuredmedia":[{"embeddable":true,"href":"https:\/\/blogs.correiobraziliense.com.br\/cbpoder\/wp-json\/wp\/v2\/media\/15788"}],"wp:attachment":[{"href":"https:\/\/blogs.correiobraziliense.com.br\/cbpoder\/wp-json\/wp\/v2\/media?parent=15844"}],"wp:term":[{"taxonomy":"category","embeddable":true,"href":"https:\/\/blogs.correiobraziliense.com.br\/cbpoder\/wp-json\/wp\/v2\/categories?post=15844"},{"taxonomy":"post_tag","embeddable":true,"href":"https:\/\/blogs.correiobraziliense.com.br\/cbpoder\/wp-json\/wp\/v2\/tags?post=15844"}],"curies":[{"name":"wp","href":"https:\/\/api.w.org\/{rel}","templated":true}]}}