{"id":15832,"date":"2019-07-02T07:36:15","date_gmt":"2019-07-02T10:36:15","guid":{"rendered":"https:\/\/blogs.correiobraziliense.com.br\/cbpoder\/?p=15832"},"modified":"2019-07-02T07:39:31","modified_gmt":"2019-07-02T10:39:31","slug":"condenado-por-roubo-ex-funcionario-do-gabinete-de-chico-vigilante-fica-impedido-de-ocupar-funcoes-publicas-no-df","status":"publish","type":"post","link":"https:\/\/blogs.correiobraziliense.com.br\/cbpoder\/condenado-por-roubo-ex-funcionario-do-gabinete-de-chico-vigilante-fica-impedido-de-ocupar-funcoes-publicas-no-df\/","title":{"rendered":"Condenado por roubo, ex-funcion\u00e1rio do gabinete de Chico Vigilante fica impedido de ocupar fun\u00e7\u00f5es p\u00fablicas no DF"},"content":{"rendered":"<h6><strong>Coluna Eixo Capital\/Por Ana Maria Campos<\/strong><\/h6>\n<p>O presidente da C\u00e2mara Legislativa, Rafael Prudente (MDB) converteu em destitui\u00e7\u00e3o do cargo a exonera\u00e7\u00e3o de Fausto Passos Machado e ainda estabeleceu uma penalidade ao ex-servidor: est\u00e1 impedido de ocupar fun\u00e7\u00f5es p\u00fablicas no DF pelos pr\u00f3ximos 10 anos. Ex-funcion\u00e1rio do gabinete do deputado Chico Vigilante (PT), ele foi exonerado quando veio \u00e0 tona a not\u00edcia de que havia sido condenado por roubo \u00e0 m\u00e3o armada.<\/p>\n<p>Prudente se baseou no inciso V do artigo 194, da Lei Complementar 840\/2011, segundo configura infra\u00e7\u00e3o grave utilizar-se de documento sabidamente falso para prova de fato ou circunst\u00e2ncia que crie direito ou extinga obriga\u00e7\u00e3o perante a administra\u00e7\u00e3o p\u00fablica distrital. Assim que ingressa no servi\u00e7o p\u00fablico do DF, o servidor precisa assinar um documento em que assegura n\u00e3o ser ficha suja.<\/p>\n<h2><strong>Vigilante: \u201cLei deve valer para todos\u201d<\/strong><\/h2>\n<p>O deputado Chico Vigilante (PT) afirma que exonerou o servidor assim que soube do envolvimento e da condena\u00e7\u00e3o dele por roubo. \u201cIsso n\u00e3o me diz mais respeito\u201d, afirmou ontem, sobre o ato do presidente da C\u00e2mara Legislativa, Rafael Prudente (MDB). E acrescentou: \u201cS\u00f3 espero que as puni\u00e7\u00f5es ocorram para todos que cometem crime, inclusive para quem assina a folha de ponto sem estar na Casa\u201d, alfinetou, referindo-se ao rival no plen\u00e1rio, o deputado Rob\u00e9rio Negreiros (PSD).<\/p>\n<h2><strong>Irregularidades na compra de oficina ociosa da Funap<\/strong><\/h2>\n<p>O Minist\u00e9rio P\u00fablico de Contas do DF tem acompanhado com lupa as despesas do Fundo de Amparo ao Trabalhador Preso no DF (Funap). Por meio de representa\u00e7\u00e3o, o \u00f3rg\u00e3o denuncia que uma oficina comprada para a implementa\u00e7\u00e3o de uma f\u00e1brica de colch\u00f5es est\u00e1 ociosa no DF desde 2013. H\u00e1 tamb\u00e9m problemas no pagamento. Um parecer jur\u00eddico inclu\u00eddo no processo indica que se o dinheiro for liberado ao fornecedor, ser\u00e1 de responsabilidade exclusiva do gestor. Ou seja, n\u00e3o h\u00e1 como atestar a regularidade.<\/p>\n<h2><strong>Seguran\u00e7a em debate<\/strong><\/h2>\n<p>Um dos autores do livro Elite da Tropa, que deu origem ao filme Tropa de Elite, o antrop\u00f3logo Luiz Eduardo Soares, ex-secret\u00e1rio nacional de Seguran\u00e7a P\u00fablica (Senasp), lan\u00e7a hoje o livro Desmilitarizar: seguran\u00e7a p\u00fablica e direitos humanos. O escritor aborda temas como pol\u00edcia, drogas, ra\u00edzes da viol\u00eancia e direitos humanos. Como n\u00e3o poderia deixar de ser, analisa as propostas do ministro da Justi\u00e7a e Seguran\u00e7a P\u00fablica, S\u00e9rgio Moro, do pacote anticrime. O evento dar\u00e1 oportunidade para um bate-papo com o especialista em seguran\u00e7a, a partir de 19h30, na Galeria Mundo Vivo, na CLN 413.<\/p>\n<h2><strong>Ops!<\/strong><\/h2>\n<p>O corretor do iPhone provocou uma falha. O nome correto do desembargador do Tribunal Regional Eleitoral (TRE-DF) que deixa o mandato em 31 de agosto \u00e9 Jackson Domenico.<\/p>\n<h2><strong>De f\u00e9rias em Roma\u2026<\/strong><\/h2>\n<p>O governador Ibaneis Rocha (MDB) passa a semana de f\u00e9rias na It\u00e1lia, para onde viajou no \u00faltimo fim de semana. Ele postou nas redes sociais fotos com os dois filhos mais velhos, Caio e Jo\u00e3o Pedro, na Bas\u00edlica de S\u00e3o Pedro e com o visual do Vaticano ao fundo. Neste ano, ele esteve tamb\u00e9m duas vezes em Portugal.<\/p>\n<h2><strong>No poder<\/strong><\/h2>\n<p>Paco Brito (Avante) nunca pensou que governaria tanto o DF. O vice-governador assumiu o comando em todas as viagens de Ibaneis ao exterior neste semestre. At\u00e9 o fim da semana, \u00e9 o governador em exerc\u00edcio, com a caneta do Di\u00e1rio Oficial do DF.<\/p>\n<h2><strong>Pena para quem distribuir \u201canimais n\u00e3o-humanos\u201d<\/strong><\/h2>\n<p>Projeto de autoria da deputada Kelly Bolsonaro (Patriotas), que assumiu com a licen\u00e7a de Daniel Donizet (PSDB), pro\u00edbe a distribui\u00e7\u00e3o de \u201cquaisquer animais n\u00e3o-humanos vivos\u201d a t\u00edtulo de brinde, promo\u00e7\u00e3o ou sorteio, em eventos p\u00fablicos ou privados. A pena \u00e9 de R$ 5 mil para quem descumprir a regra.<\/p>\n<h2><strong>A pergunta que n\u00e3o quer calar\u2026<\/strong><\/h2>\n<p>Onde vai dar essa guerra entre Carlos Bolsonaro, o filho 02 do presidente Jair Bolsonaro, e o general Augusto Heleno e sua tropa?<\/p>\n","protected":false},"excerpt":{"rendered":"<p>Coluna Eixo Capital\/Por Ana Maria Campos O presidente da C\u00e2mara Legislativa, Rafael Prudente (MDB) converteu em destitui\u00e7\u00e3o do cargo a exonera\u00e7\u00e3o de Fausto Passos Machado e ainda estabeleceu uma penalidade ao ex-servidor: est\u00e1 impedido de ocupar fun\u00e7\u00f5es p\u00fablicas no DF pelos pr\u00f3ximos 10 anos. Ex-funcion\u00e1rio do gabinete do deputado Chico Vigilante (PT), ele foi exonerado quando veio \u00e0 tona a [&hellip;]<\/p>\n","protected":false},"author":9,"featured_media":15835,"comment_status":"open","ping_status":"closed","sticky":false,"template":"","format":"standard","meta":{"footnotes":""},"categories":[234],"tags":[],"class_list":["post-15832","post","type-post","status-publish","format-standard","has-post-thumbnail","hentry","category-cb-poder"],"_links":{"self":[{"href":"https:\/\/blogs.correiobraziliense.com.br\/cbpoder\/wp-json\/wp\/v2\/posts\/15832","targetHints":{"allow":["GET"]}}],"collection":[{"href":"https:\/\/blogs.correiobraziliense.com.br\/cbpoder\/wp-json\/wp\/v2\/posts"}],"about":[{"href":"https:\/\/blogs.correiobraziliense.com.br\/cbpoder\/wp-json\/wp\/v2\/types\/post"}],"author":[{"embeddable":true,"href":"https:\/\/blogs.correiobraziliense.com.br\/cbpoder\/wp-json\/wp\/v2\/users\/9"}],"replies":[{"embeddable":true,"href":"https:\/\/blogs.correiobraziliense.com.br\/cbpoder\/wp-json\/wp\/v2\/comments?post=15832"}],"version-history":[{"count":3,"href":"https:\/\/blogs.correiobraziliense.com.br\/cbpoder\/wp-json\/wp\/v2\/posts\/15832\/revisions"}],"predecessor-version":[{"id":15836,"href":"https:\/\/blogs.correiobraziliense.com.br\/cbpoder\/wp-json\/wp\/v2\/posts\/15832\/revisions\/15836"}],"wp:featuredmedia":[{"embeddable":true,"href":"https:\/\/blogs.correiobraziliense.com.br\/cbpoder\/wp-json\/wp\/v2\/media\/15835"}],"wp:attachment":[{"href":"https:\/\/blogs.correiobraziliense.com.br\/cbpoder\/wp-json\/wp\/v2\/media?parent=15832"}],"wp:term":[{"taxonomy":"category","embeddable":true,"href":"https:\/\/blogs.correiobraziliense.com.br\/cbpoder\/wp-json\/wp\/v2\/categories?post=15832"},{"taxonomy":"post_tag","embeddable":true,"href":"https:\/\/blogs.correiobraziliense.com.br\/cbpoder\/wp-json\/wp\/v2\/tags?post=15832"}],"curies":[{"name":"wp","href":"https:\/\/api.w.org\/{rel}","templated":true}]}}