{"id":15826,"date":"2019-06-30T16:50:08","date_gmt":"2019-06-30T19:50:08","guid":{"rendered":"https:\/\/blogs.correiobraziliense.com.br\/cbpoder\/?p=15826"},"modified":"2019-06-30T16:50:08","modified_gmt":"2019-06-30T19:50:08","slug":"procurador-helio-telho-dizer-que-moro-mandava-no-mp-e-mentira-deslavada","status":"publish","type":"post","link":"https:\/\/blogs.correiobraziliense.com.br\/cbpoder\/procurador-helio-telho-dizer-que-moro-mandava-no-mp-e-mentira-deslavada\/","title":{"rendered":"Procurador H\u00e9lio Telho: \u201cDizer que Moro mandava no MP \u00e9 mentira deslavada\u201d"},"content":{"rendered":"<h4 style=\"text-align: left\">ANA MARIA CAMPOS<\/h4>\n<p style=\"text-align: left\">Em entrevista ao <strong>Correio<\/strong>, o procurador da Rep\u00fablica em Goi\u00e1s H\u00e9lio Telho\u00a0fala sobre a lei de abuso de autoridade, a lei da morda\u00e7a que vai calar integrantes do Minist\u00e9rio P\u00fablico e do Judici\u00e1rio, permitindo que apenas advogados comentem den\u00fancias em defesa de seus clientes, e do vazamento de mensagens que teriam sido trocadas por procuradores da Rep\u00fablica sobre a Opera\u00e7\u00e3o Lava-Jato.<\/p>\n<p style=\"text-align: left\">\n<p style=\"text-align: left\">Para o procurador, a chamada \u201cVaza-Jato\u201d provoca mais \u201cdesinforma\u00e7\u00e3o do que informa\u00e7\u00e3o\u201d. \u201cEsse\u00a0epis\u00f3dio est\u00e1 cheio de desinforma\u00e7\u00e3o gra\u00e7as ao mau vezo de se pin\u00e7ar trechos e publicar frases fora do contexto, apenas para render esc\u00e2ndalo e, com isso, atrair audi\u00eancia ou atender a interesses, sem preocupa\u00e7\u00e3o com a apura\u00e7\u00e3o dos fatos e a investiga\u00e7\u00e3o das circunst\u00e2ncias\u201d.<\/p>\n<p style=\"text-align: left\">\n<p style=\"text-align: left\">Sobre a lista tr\u00edplice eleita pela classe para a Procuradoria-geral da Rep\u00fablica, H\u00e9lio Telho diz acreditar que o presidente Jair Bolsonaro vai compreender a import\u00e2ncia de se respeitar a escolha interna e nomear\u00e1 um dos nomes colocados \u00e0 disposi\u00e7\u00e3o.<\/p>\n<p style=\"text-align: left\">\n<p style=\"text-align: left\">Quanto \u00e0 atual procuradora-geral da Rep\u00fablica, ele afirma que Raquel Dodge sempre foi uma lideran\u00e7a destacada no Minist\u00e9rio P\u00fablico, mas sua gest\u00e3o decepcionou muita gente.<\/p>\n<p style=\"text-align: left\">\n<p style=\"text-align: left\">A seguir a entrevista:<\/p>\n<p style=\"text-align: left\">\n<em>\u201cVeja essa desinforma\u00e7\u00e3o de que Moro mandava nos procuradores. Isso \u00e9 uma mentira deslavada\u201d<\/em><\/p>\n<p style=\"text-align: left\">\n<p><strong>Integrantes do MP dizem que a proposta de puni\u00e7\u00e3o por abuso de autoridade \u00e9 um duro golpe contra o combate \u00e0 corrup\u00e7\u00e3o. Em que ponto atrapalha?<\/strong><br \/>\nO projeto tinha muita coisa ruim, que havia sido aprovada na C\u00e2mara, que o Senado tirou, mas a C\u00e2mara pode ressuscitar, como, por exemplo, criar condi\u00e7\u00f5es para que investigados, r\u00e9us, ONGs ligadas a eles, seus advogados e at\u00e9 a OAB possam processar criminalmente ju\u00edzes e promotores sob alega\u00e7\u00e3o de que abusaram da autoridade. Al\u00e9m do mais, o projeto alarga o conceito do que seja abuso de autoridade, sem definir par\u00e2metros objetivos. Isso permite, na pr\u00e1tica, que a nova lei seja utilizada como um instrumento de vingan\u00e7a dos r\u00e9us ou para intimidar ju\u00edzes e promotores, para se protegerem contra opera\u00e7\u00f5es como a Lava-Jato.<\/p>\n<p style=\"text-align: left\">\n<p><strong>E a chamada Lei da Morda\u00e7a?<\/strong><br \/>\nO Senado n\u00e3o rejeitou tudo de ruim do projeto que veio da C\u00e2mara. Ao contr\u00e1rio, aprovou a lei da morda\u00e7a, que j\u00e1 havia sido tentada antes sem sucesso por Paulo Maluf e por Renan Calheiros, mas sempre rejeitada. Essa lei \u00e9 um \u201ccala a boca\u201d para ju\u00edzes e promotores que cerceia o direito do cidad\u00e3o de acesso \u00e0 informa\u00e7\u00e3o p\u00fablica e, tamb\u00e9m, prejudica a liberdade de imprensa, que n\u00e3o conseguir\u00e1 mais realizar entrevistas ou receber notas ou declara\u00e7\u00f5es dessas autoridades. S\u00f3 o advogado dos r\u00e9us \u00e9 que poder\u00e1 falar \u00e0 vontade o que quiser, sem que seja rebatido ou contestado pelo promotor. Por exemplo, decis\u00f5es como a que concedeu f\u00e9rias em um cassino de Aruba \u00a0para o senador que cumpre pena n\u00e3o poder\u00e3o mais ser criticadas publicamente por ju\u00edzes e promotores, sob pena de serem punidos criminalmente.<\/p>\n<p style=\"text-align: left\">\n<p><strong>A aprova\u00e7\u00e3o agora no Senado est\u00e1 relacionada ao conte\u00fado das conversas entre Moro e integrantes da for\u00e7a-tarefa da Lava-Jato de Curitiba?<\/strong><br \/>\nA publica\u00e7\u00e3o das conversas atribu\u00eddas a membros do MP e do ent\u00e3o juiz da Lava-Jato criou um ambiente pol\u00edtico favor\u00e1vel aos que haviam sido alvos da opera\u00e7\u00e3o, que s\u00e3o pessoas poderosas e influentes, que se aproveitaram da situa\u00e7\u00e3o para convencer o Senado. Foi um espasmo anti-Lava-Jato. Temos que reconhecer, contudo, que o projeto aprovado pelo Senado \u00e9 bem menos ruim do que quando o veio da C\u00e2mara, o que pode ser atribu\u00eddo \u00e0 maior renova\u00e7\u00e3o pol\u00edtica que o Senado sofreu nas \u00faltimas elei\u00e7\u00f5es.<\/p>\n<p style=\"text-align: left\">\n<p><strong>Qual \u00e9 a sua opini\u00e3o sobre epis\u00f3dio? Moro mandava nos procuradores?<\/strong><br \/>\nSobre a publica\u00e7\u00e3o dos fragmentos de di\u00e1logos atribu\u00eddos a procuradores e ao juiz da Lava-Jato, em primeiro lugar, houve viola\u00e7\u00e3o criminosa de conversas privadas. Em segundo lugar, n\u00e3o h\u00e1 nenhuma garantia de que esses di\u00e1logos s\u00e3o aut\u00eanticos e que n\u00e3o sofreram qualquer adultera\u00e7\u00e3o, supress\u00e3o, enxerto ou edi\u00e7\u00e3o, em algum momento, seja por quem acessou indevidamente as contas do Telegram, seja por quem os repassou ao site que os divulgou, seja pela pr\u00f3pria editoria do site, exceto a palavra dos jornalistas que assinam as mat\u00e9rias. Em terceiro lugar, as divulga\u00e7\u00f5es de trechos pin\u00e7ados aleatoriamente, fora do seu contexto original, permitem manipula\u00e7\u00f5es do real sentido do que foi dito, deturpando o que foi de fato falado, conduzindo a conclus\u00f5es divorciadas da verdade. Ou seja, n\u00e3o \u00e9 informa\u00e7\u00e3o, \u00e9 desinforma\u00e7\u00e3o. Veja essa desinforma\u00e7\u00e3o de que Moro mandava nos procuradores. Isso \u00e9 uma mentira deslavada. Pin\u00e7aram um trecho de di\u00e1logos e publicaram fora de todo o contexto, o que conduziu a uma conclus\u00e3o falsa. Ali\u00e1s, esse epis\u00f3dio est\u00e1 cheio de desinforma\u00e7\u00e3o gra\u00e7as ao mau vezo de se pin\u00e7ar trechos e publicar frases fora do contexto, apenas para render esc\u00e2ndalo e com isso atrair audi\u00eancia ou atender a interesses, sem preocupa\u00e7\u00e3o com a apura\u00e7\u00e3o dos fatos e a investiga\u00e7\u00e3o das circunst\u00e2ncias.<\/p>\n<p style=\"text-align: left\">\n<p><strong>Acredita que houve um vazamento do pr\u00f3prio MP, sem ter envolvido um hacker?<\/strong><br \/>\nN\u00e3o houve vazamento interno. Houve invas\u00e3o e furto de dados. Vazamento interno explicaria a divulga\u00e7\u00e3o de mensagens havidas em grupos do Telegram. Por\u00e9m, vazaram di\u00e1logos atribu\u00eddos a conversas entre apenas duas pessoas, de modo que s\u00f3 uma delas \u00e9 que poderia ter vazado em preju\u00edzo pr\u00f3prio. N\u00e3o \u00e9 veross\u00edmil.<\/p>\n<p style=\"text-align: left\">\n<p><strong>Acha que o presidente Jair Bolsonaro vai respeitar a lista tr\u00edplice para PGR?<\/strong><\/p>\n<p style=\"text-align: left\">O presidente n\u00e3o \u00e9 obrigado a respeitar a lista. Mas, como pol\u00edtico que \u00e9, n\u00e3o vai simplesmente ignor\u00e1-la. Vai levar em considera\u00e7\u00e3o a vontade majorit\u00e1ria da classe, que, como das outras vezes, ofereceu nomes extremamente preparados, ponderados, experientes, com amplo conhecimento sobre as carreiras e o funcionamento do Minist\u00e9rio P\u00fablico e sobre o seu papel constitucional. Creio que o presidente vai procurar conhecer cada um dos tr\u00eas, analisar\u00e1 seus curr\u00edculos, suas hist\u00f3rias na carreira, seus modos particulares de ver as coisas e se decidir\u00e1 por um deles, n\u00e3o por imposi\u00e7\u00e3o, nem por se curvar \u00e0 vontade da classe, mas por compreender a sua import\u00e2ncia institucional e a necessidade de dar ao pa\u00eds um(a) procurador(a)-geral da Rep\u00fablica que seja reconhecido e aceito pelos seus pares como uma verdadeira \u00e9 natural lideran\u00e7a.<\/p>\n<div style=\"text-align: left\"><\/div>\n<div style=\"text-align: left\"><strong>Se a procuradora-geral da Rep\u00fablica, Raquel Dodge, for reconduzida, haver\u00e1 uma rea\u00e7\u00e3o forte na classe?<\/strong><\/div>\n<div style=\"text-align: left\">Raquel Dodge sempre foi uma lideran\u00e7a respeitada e destacada do MPF. Por\u00e9m, sua gest\u00e3o \u00e0 frente da PGR decepcionou parte significativa da classe, que hoje n\u00e3o a v\u00ea mais como a lideran\u00e7a de antes. E ela sabe disso, tanto que n\u00e3o se candidatou \u00e0 lista tr\u00edplice, embora j\u00e1 tivesse disputado e recebido \u00f3timas vota\u00e7\u00f5es em elei\u00e7\u00f5es internas anteriores ao longo de sua not\u00e1vel carreira, tanto para o Conselho Superior, quanto para a vaga do MP no STJ, e mesmo para a PGR. Raquel pressentiu que teria vota\u00e7\u00e3o decepcionante, que poderia sepultar o desejo de ser reconduzida e preferiu correr por fora. Os membros do MP possuem garantia de independ\u00eancia funcional prevista na Constitui\u00e7\u00e3o. O PGR n\u00e3o d\u00e1 ordens ou instru\u00e7\u00f5es para os procuradores. Sua for\u00e7a perante seus pares n\u00e3o est\u00e1 no poder hier\u00e1rquico, que n\u00e3o \u00a0possui, mas na lideran\u00e7a que exerce sobre eles, na sua capacidade de influencia-los. Qualquer PGR que n\u00e3o seja reconhecido pelos pares como uma lideran\u00e7a natural a ser seguida n\u00e3o conseguir\u00e1 promover a unidade da institui\u00e7\u00e3o e ter\u00e1 grandes dificuldades de conduzir o Minist\u00e9rio P\u00fablico, o que \u00e9 ruim para o pa\u00eds.<\/div>\n<p style=\"text-align: left\">\n<p style=\"text-align: left\">\n","protected":false},"excerpt":{"rendered":"<p>ANA MARIA CAMPOS Em entrevista ao Correio, o procurador da Rep\u00fablica em Goi\u00e1s H\u00e9lio Telho\u00a0fala sobre a lei de abuso de autoridade, a lei da morda\u00e7a que vai calar integrantes do Minist\u00e9rio P\u00fablico e do Judici\u00e1rio, permitindo que apenas advogados comentem den\u00fancias em defesa de seus clientes, e do vazamento de mensagens que teriam sido trocadas por procuradores da Rep\u00fablica [&hellip;]<\/p>\n","protected":false},"author":9,"featured_media":15827,"comment_status":"open","ping_status":"closed","sticky":false,"template":"","format":"standard","meta":{"footnotes":""},"categories":[234],"tags":[695,1855,61,1765,1856],"class_list":["post-15826","post","type-post","status-publish","format-standard","has-post-thumbnail","hentry","category-cb-poder","tag-abuso-de-autoridade","tag-helio-telho","tag-lava-jato","tag-sergio-moro","tag-vaza-jato"],"_links":{"self":[{"href":"https:\/\/blogs.correiobraziliense.com.br\/cbpoder\/wp-json\/wp\/v2\/posts\/15826","targetHints":{"allow":["GET"]}}],"collection":[{"href":"https:\/\/blogs.correiobraziliense.com.br\/cbpoder\/wp-json\/wp\/v2\/posts"}],"about":[{"href":"https:\/\/blogs.correiobraziliense.com.br\/cbpoder\/wp-json\/wp\/v2\/types\/post"}],"author":[{"embeddable":true,"href":"https:\/\/blogs.correiobraziliense.com.br\/cbpoder\/wp-json\/wp\/v2\/users\/9"}],"replies":[{"embeddable":true,"href":"https:\/\/blogs.correiobraziliense.com.br\/cbpoder\/wp-json\/wp\/v2\/comments?post=15826"}],"version-history":[{"count":1,"href":"https:\/\/blogs.correiobraziliense.com.br\/cbpoder\/wp-json\/wp\/v2\/posts\/15826\/revisions"}],"predecessor-version":[{"id":15828,"href":"https:\/\/blogs.correiobraziliense.com.br\/cbpoder\/wp-json\/wp\/v2\/posts\/15826\/revisions\/15828"}],"wp:featuredmedia":[{"embeddable":true,"href":"https:\/\/blogs.correiobraziliense.com.br\/cbpoder\/wp-json\/wp\/v2\/media\/15827"}],"wp:attachment":[{"href":"https:\/\/blogs.correiobraziliense.com.br\/cbpoder\/wp-json\/wp\/v2\/media?parent=15826"}],"wp:term":[{"taxonomy":"category","embeddable":true,"href":"https:\/\/blogs.correiobraziliense.com.br\/cbpoder\/wp-json\/wp\/v2\/categories?post=15826"},{"taxonomy":"post_tag","embeddable":true,"href":"https:\/\/blogs.correiobraziliense.com.br\/cbpoder\/wp-json\/wp\/v2\/tags?post=15826"}],"curies":[{"name":"wp","href":"https:\/\/api.w.org\/{rel}","templated":true}]}}