{"id":15823,"date":"2019-06-28T07:53:08","date_gmt":"2019-06-28T10:53:08","guid":{"rendered":"https:\/\/blogs.correiobraziliense.com.br\/cbpoder\/?p=15823"},"modified":"2019-06-28T07:53:08","modified_gmt":"2019-06-28T10:53:08","slug":"veja-como-votaram-os-senadores-do-df-no-projeto-de-abuso-de-autoridade","status":"publish","type":"post","link":"https:\/\/blogs.correiobraziliense.com.br\/cbpoder\/veja-como-votaram-os-senadores-do-df-no-projeto-de-abuso-de-autoridade\/","title":{"rendered":"Veja como votaram os senadores do DF no projeto de abuso de autoridade"},"content":{"rendered":"<h6><strong>Coluna Eixo Capital\/Por Ana Maria Campos<\/strong><\/h6>\n<p>Dois senadores do DF votaram contra o projeto que desfigurou as 10 Medidas de Combate \u00e0 Corrup\u00e7\u00e3o e criou regras para punir procuradores e ju\u00edzes que praticarem abuso de autoridade: Jos\u00e9 Ant\u00f4nio Reguffe (Sem-partido-DF) e Leila Barros (PSB-DF). O senador Izalci Lucas (PSDB-DF) votou a favor. J\u00e1 est\u00e1 virando rotina. O tucano t\u00eam se posicionado sempre de um lado, e os outros dois senadores da bancada do DF, de outro.<\/p>\n<h2>\n<strong>Transporte p\u00fablico para pets<\/strong><\/h2>\n<p>No mandato em que muitos distritais t\u00eam bancado a bandeira pet, a C\u00e2mara Legislativa aprovou nesta semana projeto que autoriza transporte de animais de estima\u00e7\u00e3o de pequeno porte, ou seja, at\u00e9 12 kg, no transporte p\u00fablico coletivo. O passageiro ficar\u00e1 encarregado da seguran\u00e7a do bichinho em uma caixa apropriada, com cuidados de higiene. N\u00e3o ser\u00e1 necess\u00e1rio pagar nada mais al\u00e9m de uma tarifa normal. A proposta, que vai \u00e0 san\u00e7\u00e3o do governador Ibaneis Rocha, \u00e9 de autoria do deputado Daniel Donizet (PSDB), que est\u00e1 licenciado do mandato, para exercer a fun\u00e7\u00e3o de administrador regional do Gama.<\/p>\n<h2>\n<strong>Briga de protagonismos<\/strong><\/h2>\n<p>L\u00edder da oposi\u00e7\u00e3o na C\u00e2mara, o deputado federal Alessandro Molon (PSB-RJ) acredita que o maior inimigo do ministro da Justi\u00e7a e Seguran\u00e7a P\u00fablica, S\u00e9rgio Moro, mora ao lado. \u201cAcha que o presidente Jair Bolsonaro gostou de ver aquele boneco infl\u00e1vel do Super-Homem na Esplanada dos Minist\u00e9rios com a cara do Moro como her\u00f3i brasileiro e n\u00e3o a dele?\u201d, analisa. Para Molon, Moro \u00e9 um potencial candidato \u00e0 Presid\u00eancia da Rep\u00fablica em 2022 da base de Bolsonaro, o que n\u00e3o deve agradar o pr\u00f3prio 01.<\/p>\n<h2>\n<strong>Inimigo militar<\/strong><\/h2>\n<p>No cinema, o \u00faltimo inimigo do Superman era justamente um militar, o General Zod, encarregado da defesa do planeta, que acabou sendo exilado por sua personalidade exc\u00eantrica.<\/p>\n<h2><strong>Proposta de fim da homenagem a Darcy Ribeiro<\/strong><\/h2>\n<p>Ainda em tramita\u00e7\u00e3o na C\u00e2mara Legislativa, projeto de autoria do deputado Eduardo Pedrosa (PTC) revoga lei que deu \u00e0 Torre de Televis\u00e3o de Bras\u00edlia para o nome de Torre Darcy Ribeiro. O distrital justifica que a medida, de autoria do ex-deputado Wasny de Roure (PT) e sancionada pelo ent\u00e3o governador Joaquim Roriz em 30 de abril de 1999, \u00e9 in\u00f3cua porque nunca teve efeito. A denomina\u00e7\u00e3o n\u00e3o foi utilizada e pouca gente soube que o monumento tinha o nome do ex-reitor da UnB.<\/p>\n<h2>\n<strong>Sala Juarez\u00e3o<\/strong><\/h2>\n<p>Os deputados distritais decidiram prestar uma homenagem ao ex-presidente da C\u00e2mara Legislativa Juarez\u00e3o (PSB), que morreu na \u00faltima sexta-feira em decorr\u00eancia de um acidente de carro. A sala de reuni\u00f5es da comiss\u00e3o 01 passa a ter o nome do ex-parlamentar.<\/p>\n<h2>\n<strong>Renova\u00e7\u00e3o total<\/strong><\/h2>\n<p>Incomodado com a demora no encaminhamento de medidas, o governador Ibaneis Rocha (MDB) quase assinou nesta semana uma longa lista de exonera\u00e7\u00f5es de comissionados numa \u00fanica secretaria. Atribuiu os projetos emperrados a uma suposta vincula\u00e7\u00e3o dos funcion\u00e1rios com a gest\u00e3o anterior, de Rodrigo Rollemberg. Contando outras \u00e1reas, quase dois mil servidores est\u00e3o na linha de tiro.<\/p>\n<h2><strong>Siga o dinheiro<\/strong><\/h2>\n<p>R$ 241.117,14<\/p>\n<p>Valor da compra de conjuntos de medalhas do M\u00e9rito da Seguran\u00e7a P\u00fablica do Distrito Federal e do M\u00e9rito Integra\u00e7\u00e3o da Seguran\u00e7a P\u00fablica do Distrito Federal.<\/p>\n<h2><strong>Cerco apertado aos presidi\u00e1rios<\/strong><\/h2>\n<p>Condenado a quatro anos e seis meses de pris\u00e3o em regime aberto, o senador Acir Gurgacz (PDT-RO) indiretamente atrapalhou a vida de outros presos. Com a decis\u00e3o da Justi\u00e7a do DF de autorizar que o pol\u00edtico passasse f\u00e9rias em Aruba no hotel Renaissance Aruba Resort &amp; Casino (foto), mesmo com todas as restri\u00e7\u00f5es que a pena imp\u00f5e, o ministro Alexandre de Moraes, do STF, ao anular a regalia, mandou o caso para o CNJ e para o CNMP, onde ser\u00e3o avaliadas as condutas da Justi\u00e7a e do Minist\u00e9rio P\u00fablico do Distrito Federal e Territ\u00f3rios (MPDFT). Promotores e ju\u00edzes v\u00e3o pensar duas vezes agora na hora de permitir um benef\u00edcio. A concess\u00e3o movimentou as redes sociais. Em plena pena por desviar recursos de um financiamento p\u00fablico, Gurgacz j\u00e1 escandalizava quando, no semiaberto, dormia na Papuda de noite e de dia dava expediente no Congresso.<\/p>\n<h2><strong>S\u00f3 papos<\/strong><\/h2>\n<blockquote><p>\u201cEnquanto esses agressores n\u00e3o forem punidos, a viol\u00eancia n\u00e3o vai diminuir. E eles devem ser punidos, sejam eles quem forem: seja o marido da v\u00edtima, seja o coronel que est\u00e1 abusando de uma crian\u00e7a de 2 anos, seja o promotor que est\u00e1 abusando de uma v\u00edtima durante uma audi\u00eancia, seja um deputado que \u00e9 r\u00e9u numa a\u00e7\u00e3o recebida no Supremo Tribunal Federal\u201d<\/p><\/blockquote>\n<p style=\"text-align: right\"><strong>Advogada Daniela Teixeira, que encabe\u00e7a lista tr\u00edplice \u00e0 vaga no TSE, em pronunciamento na C\u00e2mara em 2016, referindo-se ao ent\u00e3o deputado Jair Bolsonaro<\/strong><\/p>\n<blockquote><p>\n\u201cEncheu a boca na tentativa de esculhambar com o deputado federal, agora quer cargo com o presidente. Um forte abra\u00e7o\u201d<\/p><\/blockquote>\n<p style=\"text-align: right\"><strong>Deputado Eduardo Bolsonaro (PSL-SP)<\/strong><\/p>\n","protected":false},"excerpt":{"rendered":"<p>Coluna Eixo Capital\/Por Ana Maria Campos Dois senadores do DF votaram contra o projeto que desfigurou as 10 Medidas de Combate \u00e0 Corrup\u00e7\u00e3o e criou regras para punir procuradores e ju\u00edzes que praticarem abuso de autoridade: Jos\u00e9 Ant\u00f4nio Reguffe (Sem-partido-DF) e Leila Barros (PSB-DF). O senador Izalci Lucas (PSDB-DF) votou a favor. J\u00e1 est\u00e1 virando rotina. O tucano t\u00eam se [&hellip;]<\/p>\n","protected":false},"author":9,"featured_media":6747,"comment_status":"open","ping_status":"closed","sticky":false,"template":"","format":"standard","meta":{"footnotes":""},"categories":[234],"tags":[],"class_list":["post-15823","post","type-post","status-publish","format-standard","has-post-thumbnail","hentry","category-cb-poder"],"_links":{"self":[{"href":"https:\/\/blogs.correiobraziliense.com.br\/cbpoder\/wp-json\/wp\/v2\/posts\/15823","targetHints":{"allow":["GET"]}}],"collection":[{"href":"https:\/\/blogs.correiobraziliense.com.br\/cbpoder\/wp-json\/wp\/v2\/posts"}],"about":[{"href":"https:\/\/blogs.correiobraziliense.com.br\/cbpoder\/wp-json\/wp\/v2\/types\/post"}],"author":[{"embeddable":true,"href":"https:\/\/blogs.correiobraziliense.com.br\/cbpoder\/wp-json\/wp\/v2\/users\/9"}],"replies":[{"embeddable":true,"href":"https:\/\/blogs.correiobraziliense.com.br\/cbpoder\/wp-json\/wp\/v2\/comments?post=15823"}],"version-history":[{"count":1,"href":"https:\/\/blogs.correiobraziliense.com.br\/cbpoder\/wp-json\/wp\/v2\/posts\/15823\/revisions"}],"predecessor-version":[{"id":15824,"href":"https:\/\/blogs.correiobraziliense.com.br\/cbpoder\/wp-json\/wp\/v2\/posts\/15823\/revisions\/15824"}],"wp:featuredmedia":[{"embeddable":true,"href":"https:\/\/blogs.correiobraziliense.com.br\/cbpoder\/wp-json\/wp\/v2\/media\/6747"}],"wp:attachment":[{"href":"https:\/\/blogs.correiobraziliense.com.br\/cbpoder\/wp-json\/wp\/v2\/media?parent=15823"}],"wp:term":[{"taxonomy":"category","embeddable":true,"href":"https:\/\/blogs.correiobraziliense.com.br\/cbpoder\/wp-json\/wp\/v2\/categories?post=15823"},{"taxonomy":"post_tag","embeddable":true,"href":"https:\/\/blogs.correiobraziliense.com.br\/cbpoder\/wp-json\/wp\/v2\/tags?post=15823"}],"curies":[{"name":"wp","href":"https:\/\/api.w.org\/{rel}","templated":true}]}}