{"id":15714,"date":"2019-06-19T19:24:38","date_gmt":"2019-06-19T22:24:38","guid":{"rendered":"https:\/\/blogs.correiobraziliense.com.br\/cbpoder\/?p=15714"},"modified":"2019-06-19T19:24:38","modified_gmt":"2019-06-19T22:24:38","slug":"novo-secretario-de-governo-do-df-jose-humberto-pires-assume-com-a-missao-de-cuidar-da-gestao-dos-projetos-prioritarios","status":"publish","type":"post","link":"https:\/\/blogs.correiobraziliense.com.br\/cbpoder\/novo-secretario-de-governo-do-df-jose-humberto-pires-assume-com-a-missao-de-cuidar-da-gestao-dos-projetos-prioritarios\/","title":{"rendered":"Novo Secret\u00e1rio de Governo do DF, Jos\u00e9 Humberto Pires assume com a miss\u00e3o de ajudar a gerar empregos"},"content":{"rendered":"<h5>ANA MARIA CAMPOS<\/h5>\n<p>Secret\u00e1rio na equipe de Jos\u00e9 Roberto Arruda, entre 2007 e 2009, o empres\u00e1rio Jos\u00e9 Humberto Pires vai assumir a mesma fun\u00e7\u00e3o na equipe de Ibaneis Rocha (MDB).<\/p>\n<p>Depois de colaborar com a gest\u00e3o sem um cargo formal na estrutura da atual administra\u00e7\u00e3o, Jos\u00e9 Humberto aceitou convite para assumir a Secretaria de Governo. &#8220;N\u00e3o estou atr\u00e1s de t\u00edtulos, de import\u00e2ncia. N\u00e3o serei de forma nenhuma maior que ningu\u00e9m. Quero estar lado a lado com a equipe para buscar as solu\u00e7\u00f5es&#8221;, disse ao <strong>Correio<\/strong>.<\/p>\n<p><strong>Desde a transi\u00e7\u00e3o, voc\u00ea recebe convites para ingressar no governo. Por que s\u00f3 agora aceitou?<\/strong><br \/>\nFoi uma decis\u00e3o dif\u00edcil pelo foco que estava dando \u00e0 minha vida. Mas aceitei e estou com muito entusiasmado, muita vontade de contribuir na gest\u00e3o, na quest\u00e3o de ajudar o governador a fazer entregas.<\/p>\n<p><strong>Mas, mesmo fora do governo, voc\u00ea j\u00e1 vinha ajudando bastante&#8230;<\/strong><br \/>\nMas sem a obriga\u00e7\u00e3o da agenda. Agora, uma coisa \u00e9 dar uma ajuda pontual. Outra coisa \u00e9 assumir uma atribui\u00e7\u00e3o como essa.<\/p>\n<p><strong>Voc\u00ea vai ser um gerent\u00e3o do governo?<\/strong><br \/>\nEssa coisa da gest\u00e3o, eu gosto muito. Mas o esp\u00edrito que estou vindo \u00e9 de muito desprendimento do poder. Eu quero mais \u00e9 buscar uma integra\u00e7\u00e3o da equipe, para a gente juntos encontrar as solu\u00e7\u00f5es para os problemas. Esse vai ser o meu papel, o de articula\u00e7\u00e3o interna e fazer com que as pautas priorit\u00e1rias possam caminhar. Isso me desafia.<\/p>\n<p><strong>Vai coordenar as demais secretarias?<\/strong><\/p>\n<p>N\u00e3o estou atr\u00e1s de t\u00edtulos, de import\u00e2ncia. N\u00e3o serei de forma nenhuma maior que ningu\u00e9m. Quero estar lado a lado com a equipe para buscar as solu\u00e7\u00f5es.<\/p>\n<p><strong>E isso deixa o governador Ibaneis mais livre para fazer pol\u00edtica?<\/strong><br \/>\nEu entendo que ele ter\u00e1 em mim um colaborador que tem esse perfil de gest\u00e3o, conhece Bras\u00edlia e est\u00e1 com desprendimento grande para que ele possa ter um pouco mais de tranquilidade. Tranquilidade, n\u00e3o diria. Mas, pelo menos, aliviar um pouco dessa carga de gest\u00e3o.<\/p>\n<p><strong>Qual \u00e9 a diferen\u00e7a do trabalho da Secretaria de Governo e da Casa Civil, que ser\u00e1 executado pelo advogado Valdet\u00e1rio Monteiro?<\/strong><br \/>\nA Casa Civil vai cuidar mais dos aspectos legais e institucionais do governo. A Secretaria de Governo vai atuar na gest\u00e3o. Terei mais condi\u00e7\u00f5es de ajudar na integra\u00e7\u00e3o dos programas desenvolvidos pelas secretarias, seguindo o programa de governo definido na transi\u00e7\u00e3o e na campanha.<\/p>\n<p><strong>Qual \u00e9 a prioridade?<\/strong><br \/>\nQueremos ajudar a destravar projetos para incrementar o setor produtivo, gerar empregos e renda. Tamb\u00e9m atuar na rela\u00e7\u00e3o entre as administra\u00e7\u00f5es regionais e os moradores, nessa rela\u00e7\u00e3o direta com a cidade. Isso \u00e9 muito importante. A sa\u00fade tamb\u00e9m \u00e9 nosso foco. Estou muito animado para contribuir.<\/p>\n","protected":false},"excerpt":{"rendered":"<p>ANA MARIA CAMPOS Secret\u00e1rio na equipe de Jos\u00e9 Roberto Arruda, entre 2007 e 2009, o empres\u00e1rio Jos\u00e9 Humberto Pires vai assumir a mesma fun\u00e7\u00e3o na equipe de Ibaneis Rocha (MDB). Depois de colaborar com a gest\u00e3o sem um cargo formal na estrutura da atual administra\u00e7\u00e3o, Jos\u00e9 Humberto aceitou convite para assumir a Secretaria de Governo. &#8220;N\u00e3o estou atr\u00e1s de t\u00edtulos, [&hellip;]<\/p>\n","protected":false},"author":9,"featured_media":15715,"comment_status":"open","ping_status":"closed","sticky":false,"template":"","format":"standard","meta":{"footnotes":""},"categories":[234],"tags":[],"class_list":["post-15714","post","type-post","status-publish","format-standard","has-post-thumbnail","hentry","category-cb-poder"],"_links":{"self":[{"href":"https:\/\/blogs.correiobraziliense.com.br\/cbpoder\/wp-json\/wp\/v2\/posts\/15714","targetHints":{"allow":["GET"]}}],"collection":[{"href":"https:\/\/blogs.correiobraziliense.com.br\/cbpoder\/wp-json\/wp\/v2\/posts"}],"about":[{"href":"https:\/\/blogs.correiobraziliense.com.br\/cbpoder\/wp-json\/wp\/v2\/types\/post"}],"author":[{"embeddable":true,"href":"https:\/\/blogs.correiobraziliense.com.br\/cbpoder\/wp-json\/wp\/v2\/users\/9"}],"replies":[{"embeddable":true,"href":"https:\/\/blogs.correiobraziliense.com.br\/cbpoder\/wp-json\/wp\/v2\/comments?post=15714"}],"version-history":[{"count":1,"href":"https:\/\/blogs.correiobraziliense.com.br\/cbpoder\/wp-json\/wp\/v2\/posts\/15714\/revisions"}],"predecessor-version":[{"id":15716,"href":"https:\/\/blogs.correiobraziliense.com.br\/cbpoder\/wp-json\/wp\/v2\/posts\/15714\/revisions\/15716"}],"wp:featuredmedia":[{"embeddable":true,"href":"https:\/\/blogs.correiobraziliense.com.br\/cbpoder\/wp-json\/wp\/v2\/media\/15715"}],"wp:attachment":[{"href":"https:\/\/blogs.correiobraziliense.com.br\/cbpoder\/wp-json\/wp\/v2\/media?parent=15714"}],"wp:term":[{"taxonomy":"category","embeddable":true,"href":"https:\/\/blogs.correiobraziliense.com.br\/cbpoder\/wp-json\/wp\/v2\/categories?post=15714"},{"taxonomy":"post_tag","embeddable":true,"href":"https:\/\/blogs.correiobraziliense.com.br\/cbpoder\/wp-json\/wp\/v2\/tags?post=15714"}],"curies":[{"name":"wp","href":"https:\/\/api.w.org\/{rel}","templated":true}]}}