{"id":15675,"date":"2019-06-15T14:27:54","date_gmt":"2019-06-15T17:27:54","guid":{"rendered":"https:\/\/blogs.correiobraziliense.com.br\/cbpoder\/?p=15675"},"modified":"2019-06-15T14:27:54","modified_gmt":"2019-06-15T17:27:54","slug":"beneficiado-por-indulto-gim-deixa-a-prisao","status":"publish","type":"post","link":"https:\/\/blogs.correiobraziliense.com.br\/cbpoder\/beneficiado-por-indulto-gim-deixa-a-prisao\/","title":{"rendered":"Beneficiado por indulto, Gim deixa a pris\u00e3o"},"content":{"rendered":"<h4>ANA MARIA CAMPOS<\/h4>\n<p>Depois de tr\u00eas anos e dois anos de pris\u00e3o, o ex-senador Gim Argello deixou ontem (14\/06) a penitenci\u00e1ria em Curitiba, onde cumpria pena de 11 anos e 8 meses por condena\u00e7\u00e3o da Opera\u00e7\u00e3o Lava-Jato.<\/p>\n<p>&nbsp;<\/p>\n<p>Gim foi condenado pelo ent\u00e3o juiz Sergio Moro e a senten\u00e7a foi confirmada, com redu\u00e7\u00e3o da pena, pelo Tribunal Regional Federal da 4\u00aa Regi\u00e3o. Para deixar a pris\u00e3o, o ex-senador foi beneficiado por indulto concedido pelo ent\u00e3o presidente Michel Temer e referendado recentemente pelo Supremo Tribunal Federal (STF).<\/p>\n<p>&nbsp;<\/p>\n<p>A defesa de Gim, sob a responsabilidade do advogado Marcelo Lebre Cruz, obteve decis\u00e3o favor\u00e1vel em embargos declarat\u00f3rios com efeitos infringentes interpostos perante a 1\u00aa Vara de Execu\u00e7\u00f5es Penais de Curitiba.<\/p>\n<p>&nbsp;<\/p>\n<p>Na decis\u00e3o, a ju\u00edza Ana Carolina Bartolamei Ramos considerou que Gim cumpriu os requisitos do indulto e mandou expedir o alvar\u00e1 de soltura. Entre as exig\u00eancias, est\u00e1 o n\u00e3o cometimento de nenhuma falta grave nos \u00faltimos 12 meses.\u00a0<span class=\"s1\">\u201cCom a decis\u00e3o proferida pela VEP de Curitiba, a liberdade foi devolvida no final da tarde de ontem e agora ele j\u00e1 est\u00e1 com a fam\u00edlia\u201d, afirma o advogado Marcelo Lebre Cruz.<\/span><\/p>\n<p>&nbsp;<\/p>\n<p>Gim foi condenado por corrup\u00e7\u00e3o passiva por receber dinheiro de empresas envolvidas no esc\u00e2ndalo do Petrol\u00e3o. A suposta propina foi paga para evitar que executivos das empreiteiras fossem alvos da CPI da Petrobras, que teve Gim como vice-presidente.<\/p>\n<p>&nbsp;<\/p>\n","protected":false},"excerpt":{"rendered":"<p>ANA MARIA CAMPOS Depois de tr\u00eas anos e dois anos de pris\u00e3o, o ex-senador Gim Argello deixou ontem (14\/06) a penitenci\u00e1ria em Curitiba, onde cumpria pena de 11 anos e 8 meses por condena\u00e7\u00e3o da Opera\u00e7\u00e3o Lava-Jato. &nbsp; Gim foi condenado pelo ent\u00e3o juiz Sergio Moro e a senten\u00e7a foi confirmada, com redu\u00e7\u00e3o da pena, pelo Tribunal Regional Federal da [&hellip;]<\/p>\n","protected":false},"author":9,"featured_media":5961,"comment_status":"open","ping_status":"closed","sticky":false,"template":"","format":"standard","meta":{"footnotes":""},"categories":[234],"tags":[1836,783,61,1835,1837],"class_list":["post-15675","post","type-post","status-publish","format-standard","has-post-thumbnail","hentry","category-cb-poder","tag-curitiba","tag-gim-argello","tag-lava-jato","tag-liberdade","tag-marcelo-lebre-cruz"],"_links":{"self":[{"href":"https:\/\/blogs.correiobraziliense.com.br\/cbpoder\/wp-json\/wp\/v2\/posts\/15675","targetHints":{"allow":["GET"]}}],"collection":[{"href":"https:\/\/blogs.correiobraziliense.com.br\/cbpoder\/wp-json\/wp\/v2\/posts"}],"about":[{"href":"https:\/\/blogs.correiobraziliense.com.br\/cbpoder\/wp-json\/wp\/v2\/types\/post"}],"author":[{"embeddable":true,"href":"https:\/\/blogs.correiobraziliense.com.br\/cbpoder\/wp-json\/wp\/v2\/users\/9"}],"replies":[{"embeddable":true,"href":"https:\/\/blogs.correiobraziliense.com.br\/cbpoder\/wp-json\/wp\/v2\/comments?post=15675"}],"version-history":[{"count":1,"href":"https:\/\/blogs.correiobraziliense.com.br\/cbpoder\/wp-json\/wp\/v2\/posts\/15675\/revisions"}],"predecessor-version":[{"id":15676,"href":"https:\/\/blogs.correiobraziliense.com.br\/cbpoder\/wp-json\/wp\/v2\/posts\/15675\/revisions\/15676"}],"wp:featuredmedia":[{"embeddable":true,"href":"https:\/\/blogs.correiobraziliense.com.br\/cbpoder\/wp-json\/wp\/v2\/media\/5961"}],"wp:attachment":[{"href":"https:\/\/blogs.correiobraziliense.com.br\/cbpoder\/wp-json\/wp\/v2\/media?parent=15675"}],"wp:term":[{"taxonomy":"category","embeddable":true,"href":"https:\/\/blogs.correiobraziliense.com.br\/cbpoder\/wp-json\/wp\/v2\/categories?post=15675"},{"taxonomy":"post_tag","embeddable":true,"href":"https:\/\/blogs.correiobraziliense.com.br\/cbpoder\/wp-json\/wp\/v2\/tags?post=15675"}],"curies":[{"name":"wp","href":"https:\/\/api.w.org\/{rel}","templated":true}]}}