{"id":15669,"date":"2019-06-14T07:51:21","date_gmt":"2019-06-14T10:51:21","guid":{"rendered":"https:\/\/blogs.correiobraziliense.com.br\/cbpoder\/?p=15669"},"modified":"2019-06-14T07:51:21","modified_gmt":"2019-06-14T10:51:21","slug":"hospital-da-pm-vira-unidade-de-atendimento-de-todas-as-forcas-de-seguranca","status":"publish","type":"post","link":"https:\/\/blogs.correiobraziliense.com.br\/cbpoder\/hospital-da-pm-vira-unidade-de-atendimento-de-todas-as-forcas-de-seguranca\/","title":{"rendered":"Hospital da PM vira unidade de atendimento de todas as for\u00e7as de seguran\u00e7a"},"content":{"rendered":"<h6><strong>Coluna Eixo Capital\/Por Ana Maria Campos<\/strong><\/h6>\n<p>O governador Ibaneis Rocha (MDB) decidiu delegar \u00e0 Secretaria de Seguran\u00e7a P\u00fablica do DF as provid\u00eancias para a implanta\u00e7\u00e3o do Hospital da Seguran\u00e7a P\u00fablica, para atendimento m\u00e9dico de todas as for\u00e7as policiais: militares, civis e integrantes do Corpo de Bombeiros do DF. O pr\u00e9dio no Setor Policial Sul, inaugurado em dezembro de 2014, com aproximadamente 11 mil metros quadrados, era destinado apenas aos militares. Foi constru\u00eddo, assim, anexo ao quartel do comando-geral da PMDF. Mas Ibaneis quer ampliar a sua utiliza\u00e7\u00e3o, considerando que a unidade tem capacidade para atendimento ambulatorial, cir\u00fargico de emerg\u00eancia, emerg\u00eancia e UTI, com 100 leitos de interna\u00e7\u00e3o e possibilidade de receber 300 pacientes por dia em mais de 17 especialidades m\u00e9dicas. Na decis\u00e3o, Ibaneis considerou que a PMDF n\u00e3o conseguiu implementar um contrato de gest\u00e3o para o hospital que estaria subutilizado h\u00e1 quatro anos. A Secretaria de Sa\u00fade ficou encarregada dessa parte. Em 30 dias, a pasta ter\u00e1 de apresentar um estudo sobre a vantagem de entregar a unidade \u00e0 iniciativa privada, por meio de uma organiza\u00e7\u00e3o social (OS).<\/p>\n<h2><strong>Justi\u00e7a para ajudar o cidad\u00e3o<\/strong><\/h2>\n<p>O GDF conseguiu ontem tr\u00eas decis\u00f5es importantes para evitar que a greve geral, marcada para hoje, prejudique a popula\u00e7\u00e3o, relacionadas ao transporte p\u00fablico e \u00e0 coleta de lixo.<\/p>\n<h2>\n<strong>Tr\u00eas poderes na posse do novo chefe do MP junto ao TCDF<\/strong><\/h2>\n<p>Foi prestigiada com a presen\u00e7a dos chefes dos tr\u00eas poderes a posse do novo procurador-geral do Minist\u00e9rio P\u00fablico junto ao Tribunal de Contas do DF, Marcos Felipe Pinheiro Lima. O governador Ibaneis Rocha (MDB) que o nomeou, o presidente da C\u00e2mara Legislativa, Rafael Prudente (MDB), e o presidente do Tribunal de Justi\u00e7a do DF, desembargador Rom\u00e3o C\u00edcero, estavam presentes no sucessor da procuradora Cl\u00e1udia Fernanda Pereira, chefe do \u00f3rg\u00e3o nos \u00faltimos quatro anos. Todos os conselheiros tamb\u00e9m participaram, inclusive a presidente do TCDF, Anilc\u00e9ia Machado.<\/p>\n<h2>\n<strong>Primeiro lugar no concurso<\/strong><\/h2>\n<p>Marcos Felipe \u00e9 o mais recente membro do MP de Contas. Ele ingressou na carreira em setembro de 2013, ap\u00f3s aprova\u00e7\u00e3o em primeiro lugar no concurso p\u00fablico. Antes disso, atuou como advogado, analista de finan\u00e7as e controle da Controladoria-geral da Uni\u00e3o (CGU) e assessor da Presid\u00eancia e Vice-presid\u00eancia do Superior Tribunal de Justi\u00e7a (STJ).<\/p>\n<h2>\n<strong>Contato semanal<\/strong><\/h2>\n<p>Na posse do novo procurador-geral do Minist\u00e9rio P\u00fablico junto ao Tribunal de Contas do DF, Marcos Felipe Pinheiro Lima, o governador Ibaneis Rocha (MDB), contou que tem mantido contatos semanais com a procuradora-geral de Justi\u00e7a do DF, Fabiana Costa.<\/p>\n<h2>\n<strong>Homenagem<\/strong><\/h2>\n<p>Ser\u00e1 hoje \u00e0s 15h a homenagem, proposta pelo l\u00edder do governo na C\u00e2mara Legislativa, Cl\u00e1udio Abrantes (PDT), aos profissionais que atuaram na cirurgia de separa\u00e7\u00e3o das siamesas Mel e Lis. A presen\u00e7a das g\u00eameas \u00e9 esperada pelos distritais.<\/p>\n<h2><strong>A pergunta que n\u00e3o quer calar\u2026.<\/strong><\/h2>\n<p>Existe uma campanha em curso para desmoralizar a Opera\u00e7\u00e3o Lava-Jato?<\/p>\n<h2>\n<strong>Em recupera\u00e7\u00e3o<\/strong><\/h2>\n<p>O diretor-geral do Detran\/DF, Al\u00edrio Neto, deve se submeter hoje a um procedimento no cora\u00e7\u00e3o, similar a um cateterismo. Por uma veia da regi\u00e3o da virilha, um cateter \u00e9 introduzido at\u00e9 o cora\u00e7\u00e3o. A inten\u00e7\u00e3o \u00e9 fechar o forame oval patente, um orif\u00edcio que comunica o lado direito com o esquerdo do cora\u00e7\u00e3o, que pode ter provocado o AVC que Al\u00edrio sofreu. Um especialista de S\u00e3o Paulo vem a Bras\u00edlia para realizar o procedimento. Al\u00edrio est\u00e1 animado, sem sequelas, na UTI do Hospital S\u00edrio-Liban\u00eas. Candidato a vice na chapa encabe\u00e7ada por Eliana Pedrosa (Pros) na \u00faltima elei\u00e7\u00e3o, ele passou mal cerca de 10 dias depois de tomar posse no cargo no governo.<\/p>\n<h2>\n<strong>Correndo contra a corrup\u00e7\u00e3o<\/strong><\/h2>\n<p>Para os apaixonados por corridas de rua, vem a\u00ed uma com uma causa nobre: o combate \u00e0 corrup\u00e7\u00e3o. Organizada pela Associa\u00e7\u00e3o Nacional dos Delegados de Pol\u00edcia Federal (ADPF), a prova est\u00e1 marcada para 11 de agosto, \u00e0s 8h, na Esplanada dos Minist\u00e9rios. \u201c\u00c9 uma corrida c\u00edvica por uma Pol\u00edcia Federal forte e um pa\u00eds sem corrup\u00e7\u00e3o&#8221;, afirma Luciano Leiro, Diretor Regional da ADPF no Distrito Federal e organizador da prova. N\u00e3o tem desculpa para n\u00e3o participar. Os corredores podem escolher entre quatro categorias: 6 km e 12 km, caminhada de 3 km, kids (com tr\u00eas percursos de 200, 300 e 400 m para os pequenos de 4 a 10 anos), al\u00e9m do percurso de 6 km e 12 km para pessoas com defici\u00eancia f\u00edsica. Inscri\u00e7\u00f5es na Central da Corrida, por R$ 50 no primeiro lote: <a href=\"http:\/\/www.centraldacorrida.com.br\/corridacontracorrupcao-4edicao\" target=\"_blank\" rel=\"noopener\">www.centraldacorrida.com.br\/corridacontracorrupcao-4edicao<\/a><\/p>\n","protected":false},"excerpt":{"rendered":"<p>Coluna Eixo Capital\/Por Ana Maria Campos O governador Ibaneis Rocha (MDB) decidiu delegar \u00e0 Secretaria de Seguran\u00e7a P\u00fablica do DF as provid\u00eancias para a implanta\u00e7\u00e3o do Hospital da Seguran\u00e7a P\u00fablica, para atendimento m\u00e9dico de todas as for\u00e7as policiais: militares, civis e integrantes do Corpo de Bombeiros do DF. O pr\u00e9dio no Setor Policial Sul, inaugurado em dezembro de 2014, com [&hellip;]<\/p>\n","protected":false},"author":9,"featured_media":15670,"comment_status":"open","ping_status":"closed","sticky":false,"template":"","format":"standard","meta":{"footnotes":""},"categories":[234],"tags":[],"class_list":["post-15669","post","type-post","status-publish","format-standard","has-post-thumbnail","hentry","category-cb-poder"],"_links":{"self":[{"href":"https:\/\/blogs.correiobraziliense.com.br\/cbpoder\/wp-json\/wp\/v2\/posts\/15669","targetHints":{"allow":["GET"]}}],"collection":[{"href":"https:\/\/blogs.correiobraziliense.com.br\/cbpoder\/wp-json\/wp\/v2\/posts"}],"about":[{"href":"https:\/\/blogs.correiobraziliense.com.br\/cbpoder\/wp-json\/wp\/v2\/types\/post"}],"author":[{"embeddable":true,"href":"https:\/\/blogs.correiobraziliense.com.br\/cbpoder\/wp-json\/wp\/v2\/users\/9"}],"replies":[{"embeddable":true,"href":"https:\/\/blogs.correiobraziliense.com.br\/cbpoder\/wp-json\/wp\/v2\/comments?post=15669"}],"version-history":[{"count":1,"href":"https:\/\/blogs.correiobraziliense.com.br\/cbpoder\/wp-json\/wp\/v2\/posts\/15669\/revisions"}],"predecessor-version":[{"id":15671,"href":"https:\/\/blogs.correiobraziliense.com.br\/cbpoder\/wp-json\/wp\/v2\/posts\/15669\/revisions\/15671"}],"wp:featuredmedia":[{"embeddable":true,"href":"https:\/\/blogs.correiobraziliense.com.br\/cbpoder\/wp-json\/wp\/v2\/media\/15670"}],"wp:attachment":[{"href":"https:\/\/blogs.correiobraziliense.com.br\/cbpoder\/wp-json\/wp\/v2\/media?parent=15669"}],"wp:term":[{"taxonomy":"category","embeddable":true,"href":"https:\/\/blogs.correiobraziliense.com.br\/cbpoder\/wp-json\/wp\/v2\/categories?post=15669"},{"taxonomy":"post_tag","embeddable":true,"href":"https:\/\/blogs.correiobraziliense.com.br\/cbpoder\/wp-json\/wp\/v2\/tags?post=15669"}],"curies":[{"name":"wp","href":"https:\/\/api.w.org\/{rel}","templated":true}]}}