{"id":15665,"date":"2019-06-13T10:57:11","date_gmt":"2019-06-13T13:57:11","guid":{"rendered":"https:\/\/blogs.correiobraziliense.com.br\/cbpoder\/?p=15665"},"modified":"2019-06-13T10:57:12","modified_gmt":"2019-06-13T13:57:12","slug":"empresario-do-df-e-preso-sob-suspeita-de-corrupcao-em-municipio-de-santa-catarina","status":"publish","type":"post","link":"https:\/\/blogs.correiobraziliense.com.br\/cbpoder\/empresario-do-df-e-preso-sob-suspeita-de-corrupcao-em-municipio-de-santa-catarina\/","title":{"rendered":"Empres\u00e1rio do DF \u00e9 preso sob suspeita de corrup\u00e7\u00e3o em munic\u00edpio de Santa Catarina"},"content":{"rendered":"<h4>ANA MARIA CAMPOS<\/h4>\n<p>O empres\u00e1rio Ant\u00f4nio Ven\u00e2ncio da Silva J\u00fanior foi preso nesta manh\u00e3 (13\/06) durante o cumprimento de mandados da Opera\u00e7\u00e3o Falta D\u2019\u00c1gua, realizada em v\u00e1rios estados sob a coordena\u00e7\u00e3o do Minist\u00e9rio\u00a0P\u00fablico do Estado de Santa Catarina (MPSC), com apoio no DF do Minist\u00e9rio P\u00fablico do Distrito Federal e Territ\u00f3rios e da Pol\u00edcia Civil.<\/p>\n<p>&nbsp;<\/p>\n<p>Em foco, suspeitas de\u00a0desvios de recursos p\u00fablicos da Secretaria de Saneamento B\u00e1sico do Munic\u00edpio de Navegantes, em Santa Catarina.<\/p>\n<p>&nbsp;<\/p>\n<p>A opera\u00e7\u00e3o cumpriu, em v\u00e1rios estados do Brasil, 22 mandados de busca e apreens\u00e3o e 5 de pris\u00e3o tempor\u00e1ria.<\/p>\n<p>&nbsp;<\/p>\n<p>Ant\u00f4nio Ven\u00e2ncio da Silva J\u00fanior \u00e9 apontado como s\u00f3cio da empresa AVS Importa\u00e7\u00f5es e Exporta\u00e7\u00f5es que mant\u00e9m contratos com o munic\u00edpio. Em meio \u00e0 suspeita de desvios de recursos que deveriam ser destinados a investimentos, Navegantes enfrenta\u00a0problemas de falta de \u00e1gua.<\/p>\n<p>&nbsp;<\/p>\n<p>Al\u00e9m da pris\u00e3o do s\u00f3cio, a Opera\u00e7\u00e3o Falta D\u2019\u00c1gua realizou busca e apreens\u00e3o na empresa AVS, prestadora de servi\u00e7os de compra e venda de hidr\u00f4metros para a secretaria de Saneamento de Navegantes.<\/p>\n<p>&nbsp;<\/p>\n<p>Segundo o Minist\u00e9rio P\u00fablico, h\u00e1 ind\u00edcios de envolvimento de um ex-secret\u00e1rio nos desvios de recursos.<\/p>\n<p>&nbsp;<\/p>\n<p>A investiga\u00e7\u00e3o apontou que a AVS recebia recursos dos contratos, expedia notas fiscais nesses valores, mas entregava mercadorias em quantidade inferior. A suspeita \u00e9 de que a diferen\u00e7a era paga em dinheiro na conta do secret\u00e1rio sob investiga\u00e7\u00e3o.<\/p>\n<p>&nbsp;<\/p>\n<p>Do MPDFT, participaram os promotores do Grupo de Atua\u00e7\u00e3o Especial de Combate ao Crime Organizado (Gaeco) e do Centro de Produ\u00e7\u00e3o, An\u00e1lise, Difus\u00e3o e Seguran\u00e7a da Informa\u00e7\u00e3o (CI).<\/p>\n<p>&nbsp;<\/p>\n<p>A Coordena\u00e7\u00e3o Especial de Combate \u00e0 Corrup\u00e7\u00e3o, ao Crime Organizado e aos Crimes Contra \u00e0 Administra\u00e7\u00e3o P\u00fablica (Cecor) tamb\u00e9m prestou apoio.<\/p>\n","protected":false},"excerpt":{"rendered":"<p>ANA MARIA CAMPOS O empres\u00e1rio Ant\u00f4nio Ven\u00e2ncio da Silva J\u00fanior foi preso nesta manh\u00e3 (13\/06) durante o cumprimento de mandados da Opera\u00e7\u00e3o Falta D\u2019\u00c1gua, realizada em v\u00e1rios estados sob a coordena\u00e7\u00e3o do Minist\u00e9rio\u00a0P\u00fablico do Estado de Santa Catarina (MPSC), com apoio no DF do Minist\u00e9rio P\u00fablico do Distrito Federal e Territ\u00f3rios e da Pol\u00edcia Civil. &nbsp; Em foco, suspeitas de\u00a0desvios [&hellip;]<\/p>\n","protected":false},"author":9,"featured_media":0,"comment_status":"open","ping_status":"closed","sticky":false,"template":"","format":"standard","meta":{"footnotes":""},"categories":[234],"tags":[1830,1051,521,1831,1832],"class_list":["post-15665","post","type-post","status-publish","format-standard","hentry","category-cb-poder","tag-antonio-venancio-da-silva-junior","tag-cecor","tag-gaeco","tag-navegantes","tag-operacao-falta-dagua"],"_links":{"self":[{"href":"https:\/\/blogs.correiobraziliense.com.br\/cbpoder\/wp-json\/wp\/v2\/posts\/15665","targetHints":{"allow":["GET"]}}],"collection":[{"href":"https:\/\/blogs.correiobraziliense.com.br\/cbpoder\/wp-json\/wp\/v2\/posts"}],"about":[{"href":"https:\/\/blogs.correiobraziliense.com.br\/cbpoder\/wp-json\/wp\/v2\/types\/post"}],"author":[{"embeddable":true,"href":"https:\/\/blogs.correiobraziliense.com.br\/cbpoder\/wp-json\/wp\/v2\/users\/9"}],"replies":[{"embeddable":true,"href":"https:\/\/blogs.correiobraziliense.com.br\/cbpoder\/wp-json\/wp\/v2\/comments?post=15665"}],"version-history":[{"count":1,"href":"https:\/\/blogs.correiobraziliense.com.br\/cbpoder\/wp-json\/wp\/v2\/posts\/15665\/revisions"}],"predecessor-version":[{"id":15666,"href":"https:\/\/blogs.correiobraziliense.com.br\/cbpoder\/wp-json\/wp\/v2\/posts\/15665\/revisions\/15666"}],"wp:attachment":[{"href":"https:\/\/blogs.correiobraziliense.com.br\/cbpoder\/wp-json\/wp\/v2\/media?parent=15665"}],"wp:term":[{"taxonomy":"category","embeddable":true,"href":"https:\/\/blogs.correiobraziliense.com.br\/cbpoder\/wp-json\/wp\/v2\/categories?post=15665"},{"taxonomy":"post_tag","embeddable":true,"href":"https:\/\/blogs.correiobraziliense.com.br\/cbpoder\/wp-json\/wp\/v2\/tags?post=15665"}],"curies":[{"name":"wp","href":"https:\/\/api.w.org\/{rel}","templated":true}]}}