{"id":15653,"date":"2019-06-12T10:45:59","date_gmt":"2019-06-12T13:45:59","guid":{"rendered":"https:\/\/blogs.correiobraziliense.com.br\/cbpoder\/?p=15653"},"modified":"2019-06-12T10:45:59","modified_gmt":"2019-06-12T13:45:59","slug":"assessor-do-gabinete-de-telma-rufino-e-alvo-de-operacao-contra-grilagem","status":"publish","type":"post","link":"https:\/\/blogs.correiobraziliense.com.br\/cbpoder\/assessor-do-gabinete-de-telma-rufino-e-alvo-de-operacao-contra-grilagem\/","title":{"rendered":"Assessor do gabinete de Telma Rufino \u00e9 alvo de opera\u00e7\u00e3o contra grilagem"},"content":{"rendered":"<p>Um assessor do gabinete da deputada distrital Telma Rufino (Pros) \u00e9 alvo da opera\u00e7\u00e3o Generous, que mira grileiros de terra que recebiam informa\u00e7\u00f5es de servidores p\u00fablicos. Os investigadores da Delegacia Especial de Prote\u00e7\u00e3o ao Meio Ambiente e \u00e0 Ordem Urban\u00edstica (Dema) fizeram busca e apreens\u00e3o na C\u00e2mara Legislativa na manh\u00e3 desta quarta-feira (12).<\/p>\n<p>O assessor Rog\u00e9rio Barbosa Carneiro \u00e9 suspeito de participar do esquema. De acordo com a Pol\u00edcia Civil, as investiga\u00e7\u00f5es n\u00e3o envolvem nenhum parlamentar. Em nota, Telma Rufino destacou que tomar\u00e1 medidas cab\u00edveis depois de se informar sobre o caso.<\/p>\n<p>\u201cA opera\u00e7\u00e3o de busca realizada no gabinete n\u00famero 8 n\u00e3o possui qualquer rela\u00e7\u00e3o com a atividade parlamentar, sendo de car\u00e1ter pessoal e voltada a um dos servidores. A deputada informa que tomar\u00e1 ci\u00eancia a respeito dos fatos para que sejam adotadas as medidas cab\u00edveis\u201d, diz o texto da parlamentar.<\/p>\n<p><strong>Opera\u00e7\u00e3o<\/strong><\/p>\n<p>A opera\u00e7\u00e3o batizada de Generous foi deflagrada no in\u00edcio da manh\u00e3 desta quarta-feira (12\/6). Os investigadores visam cumprir 11 mandados de pris\u00e3o e 14 de busca e apreens\u00e3o.<\/p>\n<p>Segundo a Pol\u00edcia Civil, os servidores p\u00fablicos passavam informa\u00e7\u00f5es ao grupo criminoso. As apura\u00e7\u00f5es d\u00e3o conta de que a organiza\u00e7\u00e3o tinha articula\u00e7\u00e3o complexa e funcionava como um empresa, com estrutura hier\u00e1rquica e divis\u00e3o de tarefas.<\/p>\n<p>Os l\u00edderes do grupo se apresentavam como donos das terras, que pertencem \u00e0 Ag\u00eancia de Desenvolvimento do DF (Terracap). Eles falsificavam documentos, demarcam os terrenos e constru\u00edam as edifica\u00e7\u00f5es para vender. Os lotes est\u00e3o em \u00e1reas de preserva\u00e7\u00e3o ambiental.<\/p>\n<p>Os investigados responder\u00e3o por associa\u00e7\u00e3o criminosa, parcelamento irregular do solo, dano ambiental, falsifica\u00e7\u00e3o de documentos, extors\u00e3o e amea\u00e7a.<\/p>\n<p><strong>Colaborou Walder Galv\u00e3o<\/strong><\/p>\n","protected":false},"excerpt":{"rendered":"<p>Um assessor do gabinete da deputada distrital Telma Rufino (Pros) \u00e9 alvo da opera\u00e7\u00e3o Generous, que mira grileiros de terra que recebiam informa\u00e7\u00f5es de servidores p\u00fablicos. Os investigadores da Delegacia Especial de Prote\u00e7\u00e3o ao Meio Ambiente e \u00e0 Ordem Urban\u00edstica (Dema) fizeram busca e apreens\u00e3o na C\u00e2mara Legislativa na manh\u00e3 desta quarta-feira (12). O assessor Rog\u00e9rio Barbosa Carneiro \u00e9 suspeito [&hellip;]<\/p>\n","protected":false},"author":75,"featured_media":4762,"comment_status":"open","ping_status":"closed","sticky":false,"template":"","format":"standard","meta":{"footnotes":""},"categories":[234],"tags":[400,38],"class_list":["post-15653","post","type-post","status-publish","format-standard","has-post-thumbnail","hentry","category-cb-poder","tag-cldf","tag-grilagem"],"_links":{"self":[{"href":"https:\/\/blogs.correiobraziliense.com.br\/cbpoder\/wp-json\/wp\/v2\/posts\/15653","targetHints":{"allow":["GET"]}}],"collection":[{"href":"https:\/\/blogs.correiobraziliense.com.br\/cbpoder\/wp-json\/wp\/v2\/posts"}],"about":[{"href":"https:\/\/blogs.correiobraziliense.com.br\/cbpoder\/wp-json\/wp\/v2\/types\/post"}],"author":[{"embeddable":true,"href":"https:\/\/blogs.correiobraziliense.com.br\/cbpoder\/wp-json\/wp\/v2\/users\/75"}],"replies":[{"embeddable":true,"href":"https:\/\/blogs.correiobraziliense.com.br\/cbpoder\/wp-json\/wp\/v2\/comments?post=15653"}],"version-history":[{"count":1,"href":"https:\/\/blogs.correiobraziliense.com.br\/cbpoder\/wp-json\/wp\/v2\/posts\/15653\/revisions"}],"predecessor-version":[{"id":15654,"href":"https:\/\/blogs.correiobraziliense.com.br\/cbpoder\/wp-json\/wp\/v2\/posts\/15653\/revisions\/15654"}],"wp:featuredmedia":[{"embeddable":true,"href":"https:\/\/blogs.correiobraziliense.com.br\/cbpoder\/wp-json\/wp\/v2\/media\/4762"}],"wp:attachment":[{"href":"https:\/\/blogs.correiobraziliense.com.br\/cbpoder\/wp-json\/wp\/v2\/media?parent=15653"}],"wp:term":[{"taxonomy":"category","embeddable":true,"href":"https:\/\/blogs.correiobraziliense.com.br\/cbpoder\/wp-json\/wp\/v2\/categories?post=15653"},{"taxonomy":"post_tag","embeddable":true,"href":"https:\/\/blogs.correiobraziliense.com.br\/cbpoder\/wp-json\/wp\/v2\/tags?post=15653"}],"curies":[{"name":"wp","href":"https:\/\/api.w.org\/{rel}","templated":true}]}}