{"id":15610,"date":"2019-06-10T07:43:59","date_gmt":"2019-06-10T10:43:59","guid":{"rendered":"https:\/\/blogs.correiobraziliense.com.br\/cbpoder\/?p=15610"},"modified":"2019-06-10T07:43:59","modified_gmt":"2019-06-10T10:43:59","slug":"19-de-junho-sera-o-dia-d-para-privatizacao-da-ceb","status":"publish","type":"post","link":"https:\/\/blogs.correiobraziliense.com.br\/cbpoder\/19-de-junho-sera-o-dia-d-para-privatizacao-da-ceb\/","title":{"rendered":"19 de junho ser\u00e1 o dia D para privatiza\u00e7\u00e3o da CEB"},"content":{"rendered":"<p><strong>Coluna Eixo Capital\/Por Ana Maria Campos<\/strong><\/p>\n<p>O dia \u201cD\u201d para a defini\u00e7\u00e3o dos rumos da CEB \u00e9 19 de junho. A assembleia de acionistas da empresa vai definir o plano de neg\u00f3cios e pode alterar o projeto estrat\u00e9gico definido no governo Rollemberg. A meta da gest\u00e3o passada era vender a participa\u00e7\u00e3o do GDF nas subsidi\u00e1rias da companhia que atuam na gera\u00e7\u00e3o de energia, como Corumb\u00e1 IV, Corumb\u00e1 III e Lajeado. Agora, o foco pode mudar. Essas empresas s\u00e3o lucrativas e a deficit\u00e1ria \u00e9 a CEB Distribui\u00e7\u00e3o. S\u00f3 nos tr\u00eas primeiros meses do ano, a empresa teve preju\u00edzo de R$ 29 milh\u00f5es. No ano passado, mesmo com aporte de recursos do Tesouro, o deficit foi de R$ 33 milh\u00f5es. Na assembleia, a dire\u00e7\u00e3o da CEB vai informar aos acionistas que h\u00e1 um desequil\u00edbrio econ\u00f4mico na empresa e h\u00e1 necessidade urgente de um aporte de R$ 426 milh\u00f5es.<\/p>\n<h2>\n<strong>Op\u00e7\u00e3o ideol\u00f3gica<\/strong><\/h2>\n<p>No governo Rollemberg, o plano de neg\u00f3cios da CEB previa a venda das empresas de gera\u00e7\u00e3o de energia, que d\u00e3o lucro l\u00edquido de R$ 90 milh\u00f5es por ano. Foi uma decis\u00e3o sintonizada com o olhar pol\u00edtico. Com a venda de a\u00e7\u00f5es das subsidi\u00e1rias, empregos seriam poupados. Mas era como matar a galinha dos ovos de ouro para colocar o dinheiro num buraco sem fundo. Nos \u00faltimos anos, para conter o rombo da CEB Distribuidora, a holding queimou ativos, com a aliena\u00e7\u00e3o de im\u00f3veis, a exemplo da sede na 904 Sul vendida para a Eletrobras.<\/p>\n<h2>\n<strong>Pressa<\/strong><\/h2>\n<p>A pressa do governo em encontrar uma solu\u00e7\u00e3o para o desequil\u00edbrio da CEB tem motivo. Uma decis\u00e3o do Tribunal de Contas da Uni\u00e3o (TCU) estabeleceu regras mais r\u00edgidas para o controle da Ag\u00eancia Nacional de Energia El\u00e9trica (Aneel) de empresas de energia em situa\u00e7\u00e3o de risco. Se a CEB terminar este ano novamente no preju\u00edzo, a concess\u00e3o ser\u00e1 cassada e n\u00e3o haver\u00e1 condi\u00e7\u00f5es nem mesmo de vender a\u00e7\u00f5es. A concess\u00e3o ser\u00e1 entregue a outro grupo, por meio de licita\u00e7\u00e3o.<\/p>\n<h2>\n<strong>UnB deve R$ 220 milh\u00f5es<\/strong><\/h2>\n<p>Em meio ao contingenciamento do or\u00e7amento da UnB, a CEB negocia com o Minist\u00e9rio da Economia uma fatura de R$ 220 milh\u00f5es da universidade. O motivo \u00e9 que, durante o governo de Cristovam Buarque, foi aprovada uma lei que isentava a UnB de pagamento de conta de luz. Mas depois a lei foi considerada inconstitucional e restou uma d\u00edvida milion\u00e1ria.<\/p>\n<h2>\n<strong>Gest\u00e3o<\/strong><\/h2>\n<p>Ex-comodoro do Iate, o presidente da CEB, Edison Garcia, assumiu a gest\u00e3o no clube com um deficit de R$ 1,7 milh\u00e3o e a passou ao sucessor com R$ 10 milh\u00f5es em caixa. \u00c9 tudo o que o governador Ibaneis Rocha espera que aconte\u00e7a na CEB.<\/p>\n<h2><strong>Artistas pedem pressa em julgamento do processo do FAC no TCDF<\/strong><\/h2>\n<p>A Frente Unificada de Cultura do Distrito Federal esteve no Tribunal de Contas do DF para acompanhar o julgamento do pedido cautelar que impede o cancelamento do edital do Fundo de Apoio \u00e0 Cultura (FAC) que contemplaria 270 projetos de todas as linguagens art\u00edsticas. Uma representa\u00e7\u00e3o do Minist\u00e9rio P\u00fablico de Contas do Distrito Federal discute o assunto. Dois pedidos de vista consecutivos, dos conselheiros In\u00e1cio Magalh\u00e3es e Manoel de Andrade, suspenderam o julgamento duas vezes. Os artistas pedem pressa numa solu\u00e7\u00e3o. A decis\u00e3o do governo Ibaneis Rocha \u00e9 suspender o programa para direcionar recursos para a reforma do Teatro Nacional.<\/p>\n<h2>\n<strong>Mais um advogado<\/strong><\/h2>\n<p>Mais um advogado atuante vai exercer cargo no governo de Ibaneis Rocha. O governador nomeou o s\u00f3cio, Odasir Piacini Neto, para a fun\u00e7\u00e3o de chefe da Unidade de Pessoal da Assessoria Jur\u00eddico-Legislativa, do Gabinete, da Secretaria de Fazenda, Planejamento, Or\u00e7amento e Gest\u00e3o.<\/p>\n<h2><strong>Procura-se um partido, mas n\u00e3o pode ser qualquer um<\/strong><\/h2>\n<p>Sem partido h\u00e1 tr\u00eas anos e quatro meses, o senador Jos\u00e9 Ant\u00f4nio Reguffe (DF) est\u00e1 procurando uma legenda para se filiar, mas n\u00e3o est\u00e1 f\u00e1cil. O problema n\u00e3o \u00e9 a falta de portas abertas e, sim, as regras impostas por Reguffe para assumir um compromisso com alguma sigla. Ele busca um partido de centro, mas que seja democr\u00e1tico e n\u00e3o fisiol\u00f3gico, n\u00e3o do Centr\u00e3o. Um partido que seja independente e n\u00e3o tenha cargos nem no governo federal nem no local. E mais: \u201cProcuro um partido que me d\u00ea liberdade para me manter independente e poder continuar representando com dignidade quem votou em mim\u201d. Ou seja, ele n\u00e3o quer ser obrigado a seguir uma posi\u00e7\u00e3o fechada com a qual n\u00e3o concorde e v\u00e1 na contram\u00e3o dos seus compromissos com o eleitor. Qual se enquadra?<\/p>\n<h2>\n<strong>S\u00f3 papos<\/strong><\/h2>\n<blockquote><p>\u201cEu estou \u00e0 disposi\u00e7\u00e3o, tanto da minha institui\u00e7\u00e3o quanto do pa\u00eds, para uma eventual recondu\u00e7\u00e3o. Eu n\u00e3o sei se isso vai acontecer\u201d<\/p><\/blockquote>\n<p style=\"text-align: right\"><strong>Procuradora-geral da Rep\u00fablica, Raquel Dodge, cujo mandato termina em setembro, mas n\u00e3o entrou na disputa pela lista tr\u00edplice eleita pela classe<\/strong><\/p>\n<blockquote><p>\u201cDez procuradores concorrem ao cargo em vota\u00e7\u00e3o interna no MPF para lista de tr\u00eas nomes. Escolher o novo PGR a partir dessa lista tende a fortalecer a isen\u00e7\u00e3o no cargo\u201d<\/p><\/blockquote>\n<p style=\"text-align: right\"><strong>Procurador Deltan Dallagnol, coordenador da for\u00e7a-tarefa da Opera\u00e7\u00e3o Lava-Jato em Curitiba, que n\u00e3o est\u00e1 no p\u00e1reo pelo comando do MPF<\/strong><\/p>\n<h2>\n<strong>Mandou bem<\/strong><\/h2>\n<p>Levantamento do Instituto de Pesquisa Econ\u00f4mica Aplicada (Ipea) em parceria com o F\u00f3rum Brasileiro de Seguran\u00e7a P\u00fablica, o Atlas da Viol\u00eancia 2019 aponta o Distrito Federal como a unidade da Federa\u00e7\u00e3o com a segunda maior redu\u00e7\u00e3o na taxa de homic\u00eddios nos \u00faltimos 10 anos. A queda foi de 31,4%, atr\u00e1s apenas de S\u00e3o Paulo, onde caiu 33,5%.<\/p>\n<h2><strong>Mandou mal<\/strong><\/h2>\n<p>Investiga\u00e7\u00e3o da Opera\u00e7\u00e3o Dolus Malus, realizada por policiais da Cecor, apontou que 17 PMs s\u00e3o suspeitos de realizar uma for\u00e7a-tarefa para prender um traficante apenas para roubar o carregamento da droga, cerca de 300 kg de maconha, depois de tortur\u00e1-lo para obter informa\u00e7\u00e3o. Desses, 13 tiveram a pris\u00e3o preventiva decretada pela Auditoria Militar.<\/p>\n<h2><strong>Enquanto isso&#8230; Na sala de Justi\u00e7a<\/strong><\/h2>\n<p>A ministra Rosa Weber, do STF, concedeu liminar que desobriga a OAB a prestar contas, conforme havia sido definido em ac\u00f3rd\u00e3o do TCU. A ministra suspendeu essa determina\u00e7\u00e3o at\u00e9 o julgamento do m\u00e9rito da a\u00e7\u00e3o em que o Conselho Federal da OAB questiona a medida.<\/p>\n<h2>\n<strong>Jogo de cintura na Fazenda<\/strong><\/h2>\n<p>N\u00e3o se pode dizer que falta jogo de cintura na Secretaria de Fazenda, Planejamento, Or\u00e7amento e Gest\u00e3o. Nomeada em mar\u00e7o, a chefe da Unidade de Coopera\u00e7\u00e3o T\u00e9cnica Internacional da pasta, Sarah Fischer, \u00e9 fera na dan\u00e7a do ventre. Ela viajou o mundo se apresentando e brilhou com a habilidade dos movimentos em pa\u00edses \u00e1rabes como Marrocos, L\u00edbano e Emirados \u00c1rabes. Com sobrenome alem\u00e3o e paix\u00e3o pela cultura do Oriente M\u00e9dio, ela \u00e9 de Bras\u00edlia e agora integra a equipe de Andr\u00e9 Clemente, que trabalha em busca de equil\u00edbrio fiscal. No Brasil, Sarah se exibiu no programa do Serginho Grossmann e no Clube do Choro. Mas tamb\u00e9m tem curr\u00edculo para o cargo de assessora internacional. Formada em direito e em administra\u00e7\u00e3o, fala tr\u00eas idiomas e morou muitos anos em Dubai.<\/p>\n","protected":false},"excerpt":{"rendered":"<p>Coluna Eixo Capital\/Por Ana Maria Campos O dia \u201cD\u201d para a defini\u00e7\u00e3o dos rumos da CEB \u00e9 19 de junho. A assembleia de acionistas da empresa vai definir o plano de neg\u00f3cios e pode alterar o projeto estrat\u00e9gico definido no governo Rollemberg. A meta da gest\u00e3o passada era vender a participa\u00e7\u00e3o do GDF nas subsidi\u00e1rias da companhia que atuam na [&hellip;]<\/p>\n","protected":false},"author":9,"featured_media":7816,"comment_status":"open","ping_status":"closed","sticky":false,"template":"","format":"standard","meta":{"footnotes":""},"categories":[234],"tags":[],"class_list":["post-15610","post","type-post","status-publish","format-standard","has-post-thumbnail","hentry","category-cb-poder"],"_links":{"self":[{"href":"https:\/\/blogs.correiobraziliense.com.br\/cbpoder\/wp-json\/wp\/v2\/posts\/15610","targetHints":{"allow":["GET"]}}],"collection":[{"href":"https:\/\/blogs.correiobraziliense.com.br\/cbpoder\/wp-json\/wp\/v2\/posts"}],"about":[{"href":"https:\/\/blogs.correiobraziliense.com.br\/cbpoder\/wp-json\/wp\/v2\/types\/post"}],"author":[{"embeddable":true,"href":"https:\/\/blogs.correiobraziliense.com.br\/cbpoder\/wp-json\/wp\/v2\/users\/9"}],"replies":[{"embeddable":true,"href":"https:\/\/blogs.correiobraziliense.com.br\/cbpoder\/wp-json\/wp\/v2\/comments?post=15610"}],"version-history":[{"count":1,"href":"https:\/\/blogs.correiobraziliense.com.br\/cbpoder\/wp-json\/wp\/v2\/posts\/15610\/revisions"}],"predecessor-version":[{"id":15611,"href":"https:\/\/blogs.correiobraziliense.com.br\/cbpoder\/wp-json\/wp\/v2\/posts\/15610\/revisions\/15611"}],"wp:featuredmedia":[{"embeddable":true,"href":"https:\/\/blogs.correiobraziliense.com.br\/cbpoder\/wp-json\/wp\/v2\/media\/7816"}],"wp:attachment":[{"href":"https:\/\/blogs.correiobraziliense.com.br\/cbpoder\/wp-json\/wp\/v2\/media?parent=15610"}],"wp:term":[{"taxonomy":"category","embeddable":true,"href":"https:\/\/blogs.correiobraziliense.com.br\/cbpoder\/wp-json\/wp\/v2\/categories?post=15610"},{"taxonomy":"post_tag","embeddable":true,"href":"https:\/\/blogs.correiobraziliense.com.br\/cbpoder\/wp-json\/wp\/v2\/tags?post=15610"}],"curies":[{"name":"wp","href":"https:\/\/api.w.org\/{rel}","templated":true}]}}