{"id":15576,"date":"2019-06-05T19:54:10","date_gmt":"2019-06-05T22:54:10","guid":{"rendered":"https:\/\/blogs.correiobraziliense.com.br\/cbpoder\/?p=15576"},"modified":"2019-06-05T19:54:10","modified_gmt":"2019-06-05T22:54:10","slug":"distritais-aprovam-projeto-que-estabelece-cota-racial-em-concursos-do-df","status":"publish","type":"post","link":"https:\/\/blogs.correiobraziliense.com.br\/cbpoder\/distritais-aprovam-projeto-que-estabelece-cota-racial-em-concursos-do-df\/","title":{"rendered":"Distritais aprovam projeto que estabelece cota racial em concursos do DF"},"content":{"rendered":"<p><span style=\"font-weight: 400\">A C\u00e2mara Legislativa aprovou, nesta quarta-feira (05\/06), projeto de lei que reserva 20% das vagas de concursos p\u00fablicos do Distrito Federal para negros. A proposta, de autoria da distrital Arlete Sampaio (PT), baseia-se na Lei n\u00ba 12.990 de 2014, que estabelece a cota em certames federais. A proposi\u00e7\u00e3o segue para a san\u00e7\u00e3o do governador Ibaneis Rocha (MDB). <\/span><\/p>\n<p>&nbsp;<\/p>\n<blockquote><p><span style=\"font-weight: 400\">Conforme o texto, para a aplica\u00e7\u00e3o da cota racial, o n\u00famero de vagas oferecidas em concursos deve ser igual ou superior a tr\u00eas. Para concorrer \u00e0s vagas reservadas, os candidatos dever\u00e3o se autodeclarar negros ou pardos no momento da inscri\u00e7\u00e3o. Uma comiss\u00e3o avaliar\u00e1 a veracidade das informa\u00e7\u00f5es prestadas. Em caso de declara\u00e7\u00e3o falsa, o concorrente poder\u00e1 ser eliminado do certame ou ter a admiss\u00e3o no servi\u00e7o p\u00fablico anulada.<\/span><\/p><\/blockquote>\n<p>&nbsp;<\/p>\n<p><span style=\"font-weight: 400\">De acordo com a parlamentar petista, o projeto de lei trata-se de \u201cuma repara\u00e7\u00e3o hist\u00f3rica e de uma pol\u00edtica afirmativa\u201d. \u201c<\/span><span style=\"font-weight: 400\">N\u00f3s estamos trazendo para o DF os mesmos dispositivos da Lei de Cotas do governo federal. N\u00f3s temos uma d\u00edvida social com a popula\u00e7\u00e3o negra, pois o Brasil escravizou durante s\u00e9culos essa comunidade\u201d, pontuou.<\/span><\/p>\n<p><span style=\"font-weight: 400\">A Lei Federal que trata do tema, sancionada pela ex-presidente Dilma Rousseff (PT), est\u00e1 em vig\u00eancia desde junho de 2014. Em 2017, por unanimidade, o Supremo Tribunal Federal (STF) considerou a legisla\u00e7\u00e3o constitucional. \u00c0 \u00e9poca, o ministro Dias Toffoli esclareceu que o texto <\/span><span style=\"font-weight: 400\">n\u00e3o se estendia aos Estados, Distrito Federal e munic\u00edpios, uma vez que deveria ser respeitada a autonomia dos entes federados.<\/span><span style=\"font-weight: 400\"> Por isso, tornou-se necess\u00e1rio criar uma legisla\u00e7\u00e3o distrital para estabelecer a cota em \u00e2mbito local.<\/span><\/p>\n","protected":false},"excerpt":{"rendered":"<p>A C\u00e2mara Legislativa aprovou, nesta quarta-feira (05\/06), projeto de lei que reserva 20% das vagas de concursos p\u00fablicos do Distrito Federal para negros. A proposta, de autoria da distrital Arlete Sampaio (PT), baseia-se na Lei n\u00ba 12.990 de 2014, que estabelece a cota em certames federais. A proposi\u00e7\u00e3o segue para a san\u00e7\u00e3o do governador Ibaneis Rocha (MDB). &nbsp; Conforme o [&hellip;]<\/p>\n","protected":false},"author":90,"featured_media":8982,"comment_status":"open","ping_status":"closed","sticky":false,"template":"","format":"standard","meta":{"footnotes":""},"categories":[234],"tags":[70,483,1824],"class_list":["post-15576","post","type-post","status-publish","format-standard","has-post-thumbnail","hentry","category-cb-poder","tag-camara-legislativa","tag-concursos","tag-cota-racial"],"_links":{"self":[{"href":"https:\/\/blogs.correiobraziliense.com.br\/cbpoder\/wp-json\/wp\/v2\/posts\/15576","targetHints":{"allow":["GET"]}}],"collection":[{"href":"https:\/\/blogs.correiobraziliense.com.br\/cbpoder\/wp-json\/wp\/v2\/posts"}],"about":[{"href":"https:\/\/blogs.correiobraziliense.com.br\/cbpoder\/wp-json\/wp\/v2\/types\/post"}],"author":[{"embeddable":true,"href":"https:\/\/blogs.correiobraziliense.com.br\/cbpoder\/wp-json\/wp\/v2\/users\/90"}],"replies":[{"embeddable":true,"href":"https:\/\/blogs.correiobraziliense.com.br\/cbpoder\/wp-json\/wp\/v2\/comments?post=15576"}],"version-history":[{"count":1,"href":"https:\/\/blogs.correiobraziliense.com.br\/cbpoder\/wp-json\/wp\/v2\/posts\/15576\/revisions"}],"predecessor-version":[{"id":15577,"href":"https:\/\/blogs.correiobraziliense.com.br\/cbpoder\/wp-json\/wp\/v2\/posts\/15576\/revisions\/15577"}],"wp:featuredmedia":[{"embeddable":true,"href":"https:\/\/blogs.correiobraziliense.com.br\/cbpoder\/wp-json\/wp\/v2\/media\/8982"}],"wp:attachment":[{"href":"https:\/\/blogs.correiobraziliense.com.br\/cbpoder\/wp-json\/wp\/v2\/media?parent=15576"}],"wp:term":[{"taxonomy":"category","embeddable":true,"href":"https:\/\/blogs.correiobraziliense.com.br\/cbpoder\/wp-json\/wp\/v2\/categories?post=15576"},{"taxonomy":"post_tag","embeddable":true,"href":"https:\/\/blogs.correiobraziliense.com.br\/cbpoder\/wp-json\/wp\/v2\/tags?post=15576"}],"curies":[{"name":"wp","href":"https:\/\/api.w.org\/{rel}","templated":true}]}}