{"id":15541,"date":"2019-06-04T08:02:59","date_gmt":"2019-06-04T11:02:59","guid":{"rendered":"https:\/\/blogs.correiobraziliense.com.br\/cbpoder\/?p=15541"},"modified":"2019-06-04T08:02:59","modified_gmt":"2019-06-04T11:02:59","slug":"direcao-do-sinpro-e-reeleita-com-foco-no-combate-a-reforma-da-previdencia","status":"publish","type":"post","link":"https:\/\/blogs.correiobraziliense.com.br\/cbpoder\/direcao-do-sinpro-e-reeleita-com-foco-no-combate-a-reforma-da-previdencia\/","title":{"rendered":"Dire\u00e7\u00e3o do Sinpro \u00e9 reeleita com foco no combate \u00e0 reforma da Previd\u00eancia"},"content":{"rendered":"<p><strong>Coluna Eixo Capital\/Por Ana Maria Campos<\/strong><\/p>\n<p>O atual comando do Sindicato dos Professores (Sinpro) foi reeleito com 72% dos votos para mais tr\u00eas anos de mandato. Apoiada pela CUT\/DF e por petistas como Chico Vigilante e Geraldo Magela, a chapa teve a maior vota\u00e7\u00e3o proporcional da hist\u00f3ria da entidade. O principal discurso \u00e9 de oposi\u00e7\u00e3o \u00e0 reforma da Previd\u00eancia, ou seja, o governo Bolsonaro \u00e9 o grande advers\u00e1rio a combater. Mas a terceira parcela do reajuste concedido por Agnelo Queiroz (PT) aos professores e suspenso por Rodrigo Rollemberg (PSB) tamb\u00e9m est\u00e1 na pauta.<\/p>\n<h2><strong>Eles tamb\u00e9m querem 37%<\/strong><\/h2>\n<p>Os professores da rede p\u00fablica do DF querem tratamento ison\u00f4mico com a Pol\u00edcia Civil. Cresce na categoria a reivindica\u00e7\u00e3o de reajuste de 37%, como o prometido pelo governador Ibaneis Rocha para policiais do DF, em paridade com os contracheques da Pol\u00edcia Federal.<\/p>\n<h2>\n<strong>Escudo para proteger professores<\/strong><\/h2>\n<p>Depois de muito debate, encerrou-se o prazo para protocolar emendas \u00e0 reforma da Previd\u00eancia. Entre os parlamentares que mais apresentaram propostas de altera\u00e7\u00e3o ao texto, est\u00e1 o deputado federal Professor Israel Batista (PV-DF), com seis. Membro na Comiss\u00e3o Especial que trata do tema, ele tenta retirar os professores do projeto, de viabilizar regras de transi\u00e7\u00e3o para os servidores p\u00fablicos e de impedir o sistema de capitaliza\u00e7\u00e3o.<\/p>\n<h2>\n<strong>Emenda pr\u00e9-datada<\/strong><\/h2>\n<p>\u00c9 do ex-deputado Cristiano Ara\u00fajo (PSD) a emenda que viabilizou os eventos do anivers\u00e1rio de Bras\u00edlia. O ent\u00e3o parlamentar incluiu no or\u00e7amento deste ano uma destina\u00e7\u00e3o de R$ 3 milh\u00f5es para a festa de 59 anos da capital. Desse montante, a Secretaria de Cultura do DF liberou R$ 2,5 milh\u00f5es. O Minist\u00e9rio P\u00fablico do DF investiga a aplica\u00e7\u00e3o dos recursos. Mesmo sem mandato, Cristiano desperta pol\u00eamica.<\/p>\n<h2>\n<strong>Em defesa das universidades p\u00fablicas<\/strong><\/h2>\n<p>A deputada federal \u00c9rika Kokay (PT\/DF) promove, nesta sexta-feira, sess\u00e3o solene na C\u00e2mara em defesa da Universidade de Bras\u00edlia (UnB) e do Instituto Federal de Bras\u00edlia (IFB). Est\u00e3o confirmadas as presen\u00e7as dos reitores da UnB, M\u00e1rcia Abrah\u00e3o, e do IFB, Wilson Conciani. Subsecrevem a realiza\u00e7\u00e3o do evento os deputados Celina Le\u00e3o (PP\/DF); Fl\u00e1via Arruda (PL\/DF); Paula Belmonte (Cidadania\/DF); e Professor Israel Batista (PV\/DF).<\/p>\n<h2><strong>De volta<\/strong><\/h2>\n<p>Depois de um ano e quatro meses do susto, o viaduto da Galeria dos Estados ser\u00e1 reinaugurado hoje.<\/p>\n<h2><em><strong>S\u00f3 papos<\/strong><\/em><\/h2>\n<p>\u201cSer\u00e1 que n\u00e3o est\u00e1 na hora de termos um ministro evang\u00e9lico no STF\u201d<br \/>\nPresidente Jair Bolsonaro<\/p>\n<p>\u201cS\u00f3 se tivermos tamb\u00e9m um ministro judeu, uma ministra m\u00e3e de santo, um ministro mu\u00e7ulmano, uma ministra budista\u2026 STF n\u00e3o \u00e9 lugar pra proselitismo religioso, presidente imbecil\u201d<br \/>\nEx-deputado Jean Wyllys (PSol)<\/p>\n<h2><strong>Siga o dinheiro<\/strong><\/h2>\n<p><em>R$ 4.248.108,48<\/em><br \/>\nContrata\u00e7\u00e3o, por dispensa de licita\u00e7\u00e3o, em car\u00e1ter emergencial, por 180 dias, da empresa BK Consultoria e Servi\u00e7os Ltda., para presta\u00e7\u00e3o de servi\u00e7os continuados e sazonais, visando \u00e0 implanta\u00e7\u00e3o e o fornecimento de solu\u00e7\u00e3o global de call center, para atender os canais dos servi\u00e7os da Central de Atendimento ao Cidad\u00e3o do Distrito Federal \u2014 Central156.<\/p>\n<h2><strong>A pergunta que n\u00e3o quer calar\u2026<\/strong><\/h2>\n<p>Como a crueldade humana chega ao ponto de uma m\u00e3e mutilar, assassinar e esquartejar o pr\u00f3prio filho, uma crian\u00e7a de 9 anos?<\/p>\n","protected":false},"excerpt":{"rendered":"<p>Coluna Eixo Capital\/Por Ana Maria Campos O atual comando do Sindicato dos Professores (Sinpro) foi reeleito com 72% dos votos para mais tr\u00eas anos de mandato. Apoiada pela CUT\/DF e por petistas como Chico Vigilante e Geraldo Magela, a chapa teve a maior vota\u00e7\u00e3o proporcional da hist\u00f3ria da entidade. O principal discurso \u00e9 de oposi\u00e7\u00e3o \u00e0 reforma da Previd\u00eancia, ou [&hellip;]<\/p>\n","protected":false},"author":9,"featured_media":15542,"comment_status":"open","ping_status":"closed","sticky":false,"template":"","format":"standard","meta":{"footnotes":""},"categories":[234],"tags":[],"class_list":["post-15541","post","type-post","status-publish","format-standard","has-post-thumbnail","hentry","category-cb-poder"],"_links":{"self":[{"href":"https:\/\/blogs.correiobraziliense.com.br\/cbpoder\/wp-json\/wp\/v2\/posts\/15541","targetHints":{"allow":["GET"]}}],"collection":[{"href":"https:\/\/blogs.correiobraziliense.com.br\/cbpoder\/wp-json\/wp\/v2\/posts"}],"about":[{"href":"https:\/\/blogs.correiobraziliense.com.br\/cbpoder\/wp-json\/wp\/v2\/types\/post"}],"author":[{"embeddable":true,"href":"https:\/\/blogs.correiobraziliense.com.br\/cbpoder\/wp-json\/wp\/v2\/users\/9"}],"replies":[{"embeddable":true,"href":"https:\/\/blogs.correiobraziliense.com.br\/cbpoder\/wp-json\/wp\/v2\/comments?post=15541"}],"version-history":[{"count":1,"href":"https:\/\/blogs.correiobraziliense.com.br\/cbpoder\/wp-json\/wp\/v2\/posts\/15541\/revisions"}],"predecessor-version":[{"id":15543,"href":"https:\/\/blogs.correiobraziliense.com.br\/cbpoder\/wp-json\/wp\/v2\/posts\/15541\/revisions\/15543"}],"wp:featuredmedia":[{"embeddable":true,"href":"https:\/\/blogs.correiobraziliense.com.br\/cbpoder\/wp-json\/wp\/v2\/media\/15542"}],"wp:attachment":[{"href":"https:\/\/blogs.correiobraziliense.com.br\/cbpoder\/wp-json\/wp\/v2\/media?parent=15541"}],"wp:term":[{"taxonomy":"category","embeddable":true,"href":"https:\/\/blogs.correiobraziliense.com.br\/cbpoder\/wp-json\/wp\/v2\/categories?post=15541"},{"taxonomy":"post_tag","embeddable":true,"href":"https:\/\/blogs.correiobraziliense.com.br\/cbpoder\/wp-json\/wp\/v2\/tags?post=15541"}],"curies":[{"name":"wp","href":"https:\/\/api.w.org\/{rel}","templated":true}]}}