{"id":15490,"date":"2019-05-29T07:49:39","date_gmt":"2019-05-29T10:49:39","guid":{"rendered":"https:\/\/blogs.correiobraziliense.com.br\/cbpoder\/?p=15490"},"modified":"2019-05-29T07:49:39","modified_gmt":"2019-05-29T10:49:39","slug":"acao-contra-promotores-denunciados-na-caixa-de-pandora-corre-risco-de-prescrever","status":"publish","type":"post","link":"https:\/\/blogs.correiobraziliense.com.br\/cbpoder\/acao-contra-promotores-denunciados-na-caixa-de-pandora-corre-risco-de-prescrever\/","title":{"rendered":"A\u00e7\u00e3o contra promotores denunciados na Caixa de Pandora corre risco de prescrever"},"content":{"rendered":"<p><strong><em>Coluna Eixo-Capital\/Por Ana Maria Campos<\/em><\/strong><\/p>\n<p>Quase 10 anos sem solu\u00e7\u00e3o e com risco de prescri\u00e7\u00e3o. Est\u00e1 pautada para julgamento amanh\u00e3 na Corte Especial do Tribunal Regional Federal da 1\u00aa Regi\u00e3o (TRF1), a a\u00e7\u00e3o penal contra os promotores do Minist\u00e9rio P\u00fablico do Distrito Federal e Territ\u00f3rios (MPDFT) Leonardo Bandarra e Deborah Guerner pela pr\u00e1tica dos crimes de concuss\u00e3o, viola\u00e7\u00e3o de sigilo funcional e forma\u00e7\u00e3o de quadrilha. A den\u00fancia, ajuizada pelo procurador regional da Rep\u00fablica Ronaldo Albo, \u00e9 parte da Opera\u00e7\u00e3o Caixa de Pandora e se refere ao suposto vazamento de informa\u00e7\u00f5es que beneficiariam o delator do esquema, Durval Barbosa, em troca de dinheiro. Tamb\u00e9m \u00e9 r\u00e9u na a\u00e7\u00e3o Jorge Guerner, ex-marido de Deborah Guerner. Segundo o MPF, a a\u00e7\u00e3o pode prescrever em setembro caso n\u00e3o seja analisada a tempo. O julgamento foi iniciado em fevereiro, com acolhimento favor\u00e1vel ao pedido do MPF pelo relator do caso, desembargador federal Kassio Nunes Marques, e de tr\u00eas outros desembargadores. No entanto, foi suspenso em raz\u00e3o de pedido de vistas da desembargadora Maria do Carmo Cardoso. Os promotores tamb\u00e9m s\u00e3o r\u00e9us em outras duas a\u00e7\u00f5es com prazos pr\u00f3ximos a prescrever. Uma delas envolve crime de extors\u00e3o ao ex-governador Jos\u00e9 Roberto Arruda. Ex-procurador-geral de Justi\u00e7a do DF, Bandarra foi denunciado por falsidade ideol\u00f3gica quanto \u00e0 compra de im\u00f3vel em Bras\u00edlia. Todos os tr\u00eas processos est\u00e3o prontos para julgamento pelo TRF1 h\u00e1 mais de um ano.<\/p>\n<h2><strong>Dia da Marcha contra o Aborto<\/strong><\/h2>\n<p>Bras\u00edlia ter\u00e1 um dia de combate ao aborto. A C\u00e2mara Legislativa aprovou ontem, em primeiro turno, projeto de lei, de autoria do deputado Martins Machado (PRB), que inclui no calend\u00e1rio de eventos do DF \u201cA marcha distrital da cidadania em defesa da vida \u2014 contra o aborto\u201d. Foram 13 votos favor\u00e1veis, um contra, de F\u00e1bio F\u00e9lix (PSol) e uma absten\u00e7\u00e3o, de J\u00falia Lucy (Novo). Os petistas Arlete Sampaio e Chico Vigilante n\u00e3o estavam em plen\u00e1rio.<\/p>\n<h2>\n<strong>Estreia<\/strong><\/h2>\n<p>A deputada Kelly Bolsonaro (Patriota) estreou ontem na C\u00e2mara Legislativa na sess\u00e3o em que deu o voto pela cria\u00e7\u00e3o da Marcha contra o Aborto.<\/p>\n<h2>\n<p><strong>Unidas<\/strong><\/h2>\n<p>As deputadas Paula Belmonte (Cidadania\/DF), Bia Kicis (PSL\/DF) e a distrital J\u00falia Lucy (Novo) est\u00e3o unidas numa campanha para transformar a Junta Comercial do DF em \u00f3rg\u00e3o subordinado a uma secretaria e n\u00e3o uma autarquia do GDF. Segundo elas, sendo um \u00f3rg\u00e3o aut\u00f4nomo, os custos com cargos comissionados v\u00e3o subir de 80 para 94, com quase R$ 8 milh\u00f5es em contratos terceirizados.<\/p>\n<h2><strong>Faltou algu\u00e9m?<\/strong><\/h2>\n<p>A deputada Fl\u00e1via Arruda (PL\/DF) enviou uma mensagem aos colegas deputados do DF abrindo m\u00e3o de participar da disputa pela coordena\u00e7\u00e3o da bancada na Comiss\u00e3o Mista de Or\u00e7amento. O senador Izalci Lucas (PSDB\/DF) deve assumir o posto. A mensagem de Fl\u00e1via foi dirigida a seis colegas: J\u00falio C\u00e9sar (PRB\/DF), Bia Kicis (PSL\/DF), Celina Le\u00e3o (PP\/DF), Lu\u00eds Miranda (DEM\/DF), Israel Batista (PV\/DF) e \u00c9rika Kokay (PT\/DF). A deputada Paula Belmonte (Cidadania\/DF) ficou de fora.<\/p>\n<h2><strong>Novo ouvidor<\/strong><\/h2>\n<p>Com a licen\u00e7a do deputado distrital Daniel Donizet (PSDB) para assumir um cargo no governo Ibaneis Rocha, a administra\u00e7\u00e3o regional do Gama, a C\u00e2mara Legislativa ter\u00e1 de eleger um novo ouvidor. A elei\u00e7\u00e3o ser\u00e1 na pr\u00f3xima quarta-feira.<\/p>\n<h2>\n<strong>Compliance<\/strong><\/h2>\n<p>A Secretaria de Desenvolvimento Econ\u00f4mico do DF criou um comit\u00ea de governan\u00e7a p\u00fablica, coordenado pelo titular da pasta, Ruy Coutinho, e integrado por subsecret\u00e1rios. A inten\u00e7\u00e3o \u00e9 garantir as melhores pr\u00e1ticas e combate a fraudes e corrup\u00e7\u00e3o nos programas da pasta. Justamente por ind\u00edcios de irregularidades, o Pr\u00f3-DF est\u00e1 suspenso por determina\u00e7\u00e3o do Tribunal de Contas do DF h\u00e1 quase dois anos, desde 2017. O atual governo est\u00e1 reformulando o programa.<\/p>\n<h2><em><strong>Siga o dinheiro<\/strong><\/em><\/h2>\n<p><em>R$ 1.165.290<\/em><\/p>\n<p>O valor da aquisi\u00e7\u00e3o de 989 poltronas dobr\u00e1veis com pranchetas para os audit\u00f3rios do Col\u00e9gio Militar Tiradentes, do Quartel do Comando Geral, da Banda de M\u00fasica, do Centro de Intelig\u00eancia, do Departamento de Ensino e Cultura e da Academia de Pol\u00edcia Militar de Bras\u00edlia. A empresa Inform\u00f3bile Ind\u00fastria e Com\u00e9rcio de M\u00f3veis Ltda.<\/p>\n","protected":false},"excerpt":{"rendered":"<p>Coluna Eixo-Capital\/Por Ana Maria Campos Quase 10 anos sem solu\u00e7\u00e3o e com risco de prescri\u00e7\u00e3o. Est\u00e1 pautada para julgamento amanh\u00e3 na Corte Especial do Tribunal Regional Federal da 1\u00aa Regi\u00e3o (TRF1), a a\u00e7\u00e3o penal contra os promotores do Minist\u00e9rio P\u00fablico do Distrito Federal e Territ\u00f3rios (MPDFT) Leonardo Bandarra e Deborah Guerner pela pr\u00e1tica dos crimes de concuss\u00e3o, viola\u00e7\u00e3o de sigilo [&hellip;]<\/p>\n","protected":false},"author":9,"featured_media":8414,"comment_status":"open","ping_status":"closed","sticky":false,"template":"","format":"standard","meta":{"footnotes":""},"categories":[234],"tags":[],"class_list":["post-15490","post","type-post","status-publish","format-standard","has-post-thumbnail","hentry","category-cb-poder"],"_links":{"self":[{"href":"https:\/\/blogs.correiobraziliense.com.br\/cbpoder\/wp-json\/wp\/v2\/posts\/15490","targetHints":{"allow":["GET"]}}],"collection":[{"href":"https:\/\/blogs.correiobraziliense.com.br\/cbpoder\/wp-json\/wp\/v2\/posts"}],"about":[{"href":"https:\/\/blogs.correiobraziliense.com.br\/cbpoder\/wp-json\/wp\/v2\/types\/post"}],"author":[{"embeddable":true,"href":"https:\/\/blogs.correiobraziliense.com.br\/cbpoder\/wp-json\/wp\/v2\/users\/9"}],"replies":[{"embeddable":true,"href":"https:\/\/blogs.correiobraziliense.com.br\/cbpoder\/wp-json\/wp\/v2\/comments?post=15490"}],"version-history":[{"count":1,"href":"https:\/\/blogs.correiobraziliense.com.br\/cbpoder\/wp-json\/wp\/v2\/posts\/15490\/revisions"}],"predecessor-version":[{"id":15491,"href":"https:\/\/blogs.correiobraziliense.com.br\/cbpoder\/wp-json\/wp\/v2\/posts\/15490\/revisions\/15491"}],"wp:featuredmedia":[{"embeddable":true,"href":"https:\/\/blogs.correiobraziliense.com.br\/cbpoder\/wp-json\/wp\/v2\/media\/8414"}],"wp:attachment":[{"href":"https:\/\/blogs.correiobraziliense.com.br\/cbpoder\/wp-json\/wp\/v2\/media?parent=15490"}],"wp:term":[{"taxonomy":"category","embeddable":true,"href":"https:\/\/blogs.correiobraziliense.com.br\/cbpoder\/wp-json\/wp\/v2\/categories?post=15490"},{"taxonomy":"post_tag","embeddable":true,"href":"https:\/\/blogs.correiobraziliense.com.br\/cbpoder\/wp-json\/wp\/v2\/tags?post=15490"}],"curies":[{"name":"wp","href":"https:\/\/api.w.org\/{rel}","templated":true}]}}